{"id":9405,"date":"2020-08-12T10:11:46","date_gmt":"2020-08-12T09:11:46","guid":{"rendered":"https:\/\/lamaletadelili.com\/?p=9405"},"modified":"2020-08-12T10:19:27","modified_gmt":"2020-08-12T09:19:27","slug":"vet-aqui-una-vegada-una-excel-lent-temporada","status":"publish","type":"post","link":"https:\/\/lamaletadelili.com\/ca\/noticies\/vet-aqui-una-vegada-una-excel-lent-temporada\/","title":{"rendered":"Vet aqu\u00ed una vegada&#8230; una excel\u00b7lent temporada!"},"content":{"rendered":"\n<h2 class=\"wp-block-heading\">Una temporada diferent<\/h2>\n\n\n\n<p>Des que vam canviar de casa ara fa un any, la Lili i jo no hem parat de fer coses: <strong>m\u00e9s de 25 actuacions nom\u00e9s fins el mar\u00e7! <\/strong><\/p>\n\n\n\n<p>Vam comen\u00e7ar la temporada a la <em><a aria-label=\"Casa Cultural de Toro (opens in a new tab)\" href=\"https:\/\/www.toroayto.es\/entidades.php?i=1\" target=\"_blank\" rel=\"noreferrer noopener\" class=\"ek-link\">Casa Cultural de Toro<\/a><\/em>, a Zamora. All\u00e0, l&#8217;espectacle de <em>Los mandalas y sus cuentos<\/em> va agradar molt.<\/p>\n\n\n\n<p>Despr\u00e9s, es van anar succeint molts m\u00e9s llocs, fins i tot repetint en alguns d&#8217;ells, i gaudint d&#8217;una inbre\u00efble amabilitat per part de tots ells:<\/p>\n\n\n\n<ul class=\"wp-block-list\"><li><em><a href=\"https:\/\/bibliotecavirtual.diba.cat\/es\/rubi-biblioteca-mestre-marti-tauler\" target=\"_blank\" aria-label=\"Biblioteca Mestre Mart\u00ed i Tauler (opens in a new tab)\" rel=\"noreferrer noopener nofollow\" class=\"ek-link\">Biblioteca Mestre Mart\u00ed i Tauler<\/a><\/em> (Rub\u00ed)<\/li><li><em><a href=\"https:\/\/www.colibri.cat\/\" target=\"_blank\" aria-label=\"Colibr\u00ed (opens in a new tab)\" rel=\"noreferrer noopener\" class=\"ek-link\">Colibr\u00ed<\/a> <\/em>(Barcelona)<\/li><li><em><a href=\"http:\/\/www.elgatpelut.cat\/\" target=\"_blank\" aria-label=\"El gat pelut  (opens in a new tab)\" rel=\"noreferrer noopener\" class=\"ek-link\">El gat pelut <\/a><\/em>(Barcelona)<\/li><li><em><a href=\"http:\/\/www.lapetitelibrairie.es\/\" target=\"_blank\" aria-label=\"La petite librairie (opens in a new tab)\" rel=\"noreferrer noopener\" class=\"ek-link\">La petite librairie<\/a><\/em> (Ripollet)<\/li><li><em><a href=\"https:\/\/bibliotecavirtual.diba.cat\/sant-feliu-de-codines-biblioteca-joan-petit-i-aguilar\" target=\"_blank\" aria-label=\"Biblioteca Municipal Joan Petit i Aguilar (opens in a new tab)\" rel=\"noreferrer noopener\" class=\"ek-link\">Biblioteca Municipal Joan Petit i Aguilar<\/a> <\/em>(Sant Feliu de Codines)<\/li><li><em><a href=\"http:\/\/latribullibreria.com\/\" target=\"_blank\" aria-label=\"La Tribu Llibreria (opens in a new tab)\" rel=\"noreferrer noopener\" class=\"ek-link\">La Tribu Llibreria<\/a><\/em> (Barcelona)<\/li><li><em><a href=\"https:\/\/www.teatreneu.com\" target=\"_blank\" aria-label=\"Teatreneu (opens in a new tab)\" rel=\"noreferrer noopener\" class=\"ek-link\">Teatreneu<\/a><\/em> (Barcelona)<\/li><\/ul>\n\n\n\n<p class=\"has-text-align-center has-medium-font-size\"><strong>Moltes gr\u00e0cies a tots!<\/strong><\/p>\n\n\n\n<div style=\"height:30px\" aria-hidden=\"true\" class=\"wp-block-spacer\"><\/div>\n\n\n\n<p>I, de sobte ja no vaig poder viatjar m\u00e9s, havia de quedar-me a casa!<\/p>\n\n\n\n<p>Per\u00f2 ni tan sols la pand\u00e8mia ens ha aturat de fer all\u00f2 que m\u00e9s ens agrada: <strong>portar felicitat als nens i nenes a trav\u00e9s dels contes, amb els seus personatges i les seves fant\u00e0stiques hist\u00f2ries.<\/strong><\/p>\n\n\n\n<p>Un bon amic, el Xavi, em va dir: <\/p>\n\n\n\n<p class=\"has-ek-indent\" style=\"--ek-indent:20px\">&#8211;<em> Fes all\u00f2 que tant t\u2019agrada: explicar contes<\/em>.<br>&#8211; <em>Com?<\/em>&#8211; vaig preguntar.<br>&#8211; <em>A Instagram<\/em>.<\/p>\n\n\n\n<div class=\"wp-block-columns are-vertically-aligned-center is-style-gapless has-background is-layout-flex wp-container-core-columns-is-layout-28f84493 wp-block-columns-is-layout-flex\" style=\"background-color:#e9dcf4\">\n<div class=\"wp-block-column is-vertically-aligned-center is-layout-flow wp-block-column-is-layout-flow\">\n<div class=\"wp-block-image\"><figure class=\"alignleft size-full is-resized\"><img decoding=\"async\" src=\"https:\/\/lamaletadelili.com\/wp-content\/uploads\/2020\/08\/Cuentos-de-confinamiento.jpg\" alt=\"\" class=\"wp-image-9489\" width=\"449\" height=\"327\" srcset=\"https:\/\/lamaletadelili.com\/wp-content\/uploads\/2020\/08\/Cuentos-de-confinamiento.jpg 598w, https:\/\/lamaletadelili.com\/wp-content\/uploads\/2020\/08\/Cuentos-de-confinamiento-295x215.jpg 295w\" sizes=\"(max-width: 449px) 100vw, 449px\" \/><\/figure><\/div>\n<\/div>\n\n\n\n<div class=\"wp-block-column is-vertically-aligned-center is-layout-flow wp-block-column-is-layout-flow\">\n<p style=\"font-size:18px\">I aix\u00ed van comen\u00e7ar les <em><strong>Nits de Contes de Confinament<\/strong><\/em> des de finals de mar\u00e7 fins a principis del mes de juliol <strong>amb un total de 54 contes!<\/strong><\/p>\n\n\n\n<p style=\"font-size:18px\">Amb molta il\u00b7lusi\u00f3 i emoci\u00f3, vam poder portar la <em>pols de fada<\/em> per les xarxes socials a totes les cases dels nens i nenes.<\/p>\n<\/div>\n<\/div>\n\n\n\n<h2 class=\"wp-block-heading\">Vam crear el <em>primer<\/em> <em>espai ef\u00edmer literari<\/em><\/h2>\n\n\n\n<p>Durant aquesta temporada, vam innovar i vam crear aquest <a aria-label=\"Primer Espai Ef\u00edmer Literari  (opens in a new tab)\" href=\"https:\/\/lamaletadelili.com\/ca\/noticies\/biblioteca-mestre-marti-tauler-i-els-espais-efimers-literaris\/\" target=\"_blank\" rel=\"noreferrer noopener\" class=\"ek-link\"><em><strong>Primer Espai Ef\u00edmer Literari<\/strong><\/em> <\/a>a la Biblioteca Mestre Mart\u00ed i Tauler, de Rub\u00ed. <\/p>\n\n\n\n<p><strong>En aquest espai, els protagonistes s\u00f3n els infants.<\/strong><\/p>\n\n\n\n<p>L\u2019adult que acompanya al petit permet que sigui el nen o nena qui tri\u00ef el conte o llibre que compartir\u00e0, permet que passi les fulles, que expliqui la hist\u00f2ria a la seva forma, explorant-lo amb tots els seus sentits, i sent exemple del bon \u00fas com deixant el llibre on estava posat.<\/p>\n\n\n\n<p>En finalitzar la proposta, l\u2019espai ef\u00edmer literari s\u2019havia de recollir, per\u00f2 vaig demanar a les responsables de la Biblioteca si podia deixar-ho a veure qu\u00e8 passaria quan els infants ens trobessin aix\u00ed l\u2019espai.<\/p>\n\n\n\n<p>La Carme molt amablement va acceptar, i la proposta va estar oberta durant tres dies!<\/p>\n\n\n\n<p>En aquests dies infants i fam\u00edlies van compartir els llibres seleccionats a un espai on els llibres amb les accions dels infants s\u00f3n els veritables protagonistes.<\/p>\n\n\n\n<p>La Lili i jo estem molt contentes perqu\u00e8 va ser tot un \u00e8xit!<\/p>\n\n\n\n<p>Si vosaltres no vau poder venir, a l\u2019octubre tornar\u00e9 a muntar un altre <em>Espai Ef\u00edmer Literari<\/em>. Estigueu atents!<\/p>\n\n\n\n<h2 class=\"wp-block-heading\">Nous col\u00b7laboradors<\/h2>\n\n\n\n<p>Durant aquesta temporada vam tenir la sort de comptar amb nous col\u00b7laboradors, els quals ens van ajudar a portar la m\u00e0gia als infants.<\/p>\n\n\n\n<h3 class=\"wp-block-heading\">Bruno Mikolaj<\/h3>\n\n\n\n<p>En <strong>Bruno<\/strong> i jo vam connectar a trav\u00e9s d&#8217;una amiga de la meva companya \u00c1ngeles. Toca la guitarra i en sap molt! Tot i que \u00e9s una mica t\u00edmid, la proposta de <em>PoesiABrossA<\/em> per a la <strong>Biblioteca Joan Petit Aguilar<\/strong> a Sant Feliu de Codines, va estar molt organitzada i els infants van participar cantant la can\u00e7\u00f3 del <em>Peix peixet<\/em>.<\/p>\n\n\n\n<h3 class=\"wp-block-heading\">Ines Bayo<\/h3>\n\n\n\n<p>Ens van con\u00e8ixer per parlar de col\u00b7laborar conjuntament per la proposta de <em>L\u2019arribada del Carnaval a la Biblioteca Mestre Mart\u00ed Tauler<\/em>. De seguida ens vam entendre. <\/p>\n\n\n\n<p>Fer la sessi\u00f3 amb ella i el seu taller de maquillatge va ser molt especial. La durada &nbsp;va arribar fins a 1 hora entre el conte i el taller, i us he de dir que molts infants, tot sent petits, van estar molt atents a la hist\u00f2ria i van voler esperar el seu torn per ser maquillats.<\/p>\n\n\n\n<p>La podreu trobar a Instagram com a @inesbayo.art.<\/p>\n\n\n\n<h3 class=\"wp-block-heading\">Javi Gonz\u00e1lez<\/h3>\n\n\n\n<p>El <strong>Javi  <\/strong>\u00e9s un noi apassionat de la m\u00fasica que tamb\u00e9 toca la guitarra. Tot i que ten\u00edem esdeveniments concretats per fer conjuntament, finalment es van anul\u00b7lar. <\/p>\n\n\n\n<p>Per\u00f2, estic segura que quan ho puguem dur a terme, la proposta musical ser\u00e0 m\u00e0gica. <\/p>\n\n\n\n<h3 class=\"wp-block-heading\">Claudia Vidal<\/h3>\n\n\n\n<p>La <strong>Claudia <\/strong>\u00e9s imaginativa i creadora. Ja va fer la meva nova imatge, i vam parlar de fer algunes propostes juntes amb il\u00b7lustracions en directe. Tot i que no va ser possible, jo compto amb ella per les properes actuacions en quant sigui possible.<\/p>\n\n\n\n<p>La podreu trobar a Instagram com a @clauvidalstudio, o al seu web <a aria-label=\"www.clauvidal.com (opens in a new tab)\" href=\"https:\/\/clauvidal.com\" target=\"_blank\" rel=\"noreferrer noopener\" class=\"ek-link\">clauvidal.com<\/a>.<\/p>\n\n\n\n<h2 class=\"wp-block-heading\">Qu\u00e8 tindrem la pr\u00f2xima temporada?<\/h2>\n\n\n\n<p>Tenim moltes sorpreses preparades&#8230; per\u00f2 a poc a poc! Ja us anirem explicant  a mesura que vagin arribant.<\/p>\n\n\n\n<p>Tenim moltes ganes de tornar a veure els somriures dels nens i nenes, de portar-los a mons fant\u00e0stics a trav\u00e9s de la lectura, i de reviure moments especials, com per exemple el que vam tenir a la llibreria <em>El gat pelut<\/em>.<\/p>\n\n\n\n<p>Un dissabte al mat\u00ed, abans d&#8217;entrar a l&#8217;actuaci\u00f3, els infants tenien els seus paraig\u00fces de colors a les seves mans, mentre les gotes pluja queien a sobre.<\/p>\n\n\n\n<p>A poc a poc, la pluja va deixar de caure al comp\u00e0s de la can\u00e7\u00f3 <em>Plou i fa sol\u2026<\/em> per\u00f2 aix\u00ed i tot, alguns infants continuaven amb els seus paraig\u00fces oberts i cantant sense parar. Va ser un moment molt m\u00e0gic!<\/p>\n\n\n\n<div style=\"height:20px\" aria-hidden=\"true\" class=\"wp-block-spacer\"><\/div>\n\n\n\n<p>Us desitgem unes molt bones vacances, i ens veiem aviat!<\/p>\n\n\n\n<p class=\"has-text-align-center has-medium-font-size\"><strong>Vet aqu\u00ed un gat <strong>i vet aqu\u00ed un gos,<\/strong> que fins al setembre aquest conte ja s&#8217;ha fos!<\/strong><\/p>\n","protected":false},"excerpt":{"rendered":"<p>Des que vam canviar de casa ara fa un any, la Lili i jo no hem parat de fer coses. Per\u00f2 ni tan sols la pand\u00e8mia ens ha aturat de fer all\u00f2 que m\u00e9s ens agrada: portar felicitat als nens i nenes a trav\u00e9s dels contes, amb els seus personatges i les seves fant\u00e0stiques hist\u00f2ries.<\/p>\n","protected":false},"author":2,"featured_media":9509,"comment_status":"open","ping_status":"open","sticky":false,"template":"","format":"standard","meta":{"_uag_custom_page_level_css":"","site-sidebar-layout":"default","site-content-layout":"","ast-site-content-layout":"default","site-content-style":"default","site-sidebar-style":"default","ast-global-header-display":"","ast-banner-title-visibility":"","ast-main-header-display":"","ast-hfb-above-header-display":"","ast-hfb-below-header-display":"","ast-hfb-mobile-header-display":"","site-post-title":"","ast-breadcrumbs-content":"","ast-featured-img":"","footer-sml-layout":"","ast-disable-related-posts":"","theme-transparent-header-meta":"","adv-header-id-meta":"","stick-header-meta":"","header-above-stick-meta":"","header-main-stick-meta":"","header-below-stick-meta":"","astra-migrate-meta-layouts":"default","ast-page-background-enabled":"default","ast-page-background-meta":{"desktop":{"background-color":"var(--ast-global-color-4)","background-image":"","background-repeat":"repeat","background-position":"center center","background-size":"auto","background-attachment":"scroll","background-type":"","background-media":"","overlay-type":"","overlay-color":"","overlay-opacity":"","overlay-gradient":""},"tablet":{"background-color":"","background-image":"","background-repeat":"repeat","background-position":"center center","background-size":"auto","background-attachment":"scroll","background-type":"","background-media":"","overlay-type":"","overlay-color":"","overlay-opacity":"","overlay-gradient":""},"mobile":{"background-color":"","background-image":"","background-repeat":"repeat","background-position":"center center","background-size":"auto","background-attachment":"scroll","background-type":"","background-media":"","overlay-type":"","overlay-color":"","overlay-opacity":"","overlay-gradient":""}},"ast-content-background-meta":{"desktop":{"background-color":"var(--ast-global-color-5)","background-image":"","background-repeat":"repeat","background-position":"center center","background-size":"auto","background-attachment":"scroll","background-type":"","background-media":"","overlay-type":"","overlay-color":"","overlay-opacity":"","overlay-gradient":""},"tablet":{"background-color":"var(--ast-global-color-5)","background-image":"","background-repeat":"repeat","background-position":"center center","background-size":"auto","background-attachment":"scroll","background-type":"","background-media":"","overlay-type":"","overlay-color":"","overlay-opacity":"","overlay-gradient":""},"mobile":{"background-color":"var(--ast-global-color-5)","background-image":"","background-repeat":"repeat","background-position":"center center","background-size":"auto","background-attachment":"scroll","background-type":"","background-media":"","overlay-type":"","overlay-color":"","overlay-opacity":"","overlay-gradient":""}},"footnotes":""},"categories":[104],"tags":[],"class_list":["post-9405","post","type-post","status-publish","format-standard","has-post-thumbnail","hentry","category-noticies"],"yoast_head":"<!-- This site is optimized with the Yoast SEO plugin v27.4 - https:\/\/yoast.com\/product\/yoast-seo-wordpress\/ -->\n<title>Vet aqu\u00ed una vegada... una excel\u00b7lent temporada! - La maleta de Lili<\/title>\n<meta name=\"robots\" content=\"index, follow, max-snippet:-1, max-image-preview:large, max-video-preview:-1\" \/>\n<link rel=\"canonical\" href=\"https:\/\/lamaletadelili.com\/ca\/noticies\/vet-aqui-una-vegada-una-excel-lent-temporada\/\" \/>\n<meta property=\"og:locale\" content=\"ca_ES\" \/>\n<meta property=\"og:type\" content=\"article\" \/>\n<meta property=\"og:title\" content=\"Vet aqu\u00ed una vegada... una excel\u00b7lent temporada! - La maleta de Lili\" \/>\n<meta property=\"og:description\" content=\"Des que vam canviar de casa ara fa un any, la Lili i jo no hem parat de fer coses. Per\u00f2 ni tan sols la pand\u00e8mia ens ha aturat de fer all\u00f2 que m\u00e9s ens agrada: portar felicitat als nens i nenes a trav\u00e9s dels contes, amb els seus personatges i les seves fant\u00e0stiques hist\u00f2ries.\" \/>\n<meta property=\"og:url\" content=\"https:\/\/lamaletadelili.com\/ca\/noticies\/vet-aqui-una-vegada-una-excel-lent-temporada\/\" \/>\n<meta property=\"og:site_name\" content=\"La maleta de Lili\" \/>\n<meta property=\"article:published_time\" content=\"2020-08-12T09:11:46+00:00\" \/>\n<meta property=\"article:modified_time\" content=\"2020-08-12T09:19:27+00:00\" \/>\n<meta property=\"og:image\" content=\"https:\/\/lamaletadelili.com\/wp-content\/uploads\/2020\/08\/Campanya-estiu-2020-2-portada.jpg\" \/>\n\t<meta property=\"og:image:width\" content=\"800\" \/>\n\t<meta property=\"og:image:height\" content=\"450\" \/>\n\t<meta property=\"og:image:type\" content=\"image\/jpeg\" \/>\n<meta name=\"author\" content=\"Lili\" \/>\n<meta name=\"twitter:card\" content=\"summary_large_image\" \/>\n<meta name=\"twitter:label1\" content=\"Escrit per\" \/>\n\t<meta name=\"twitter:data1\" content=\"Lili\" \/>\n\t<meta name=\"twitter:label2\" content=\"Temps estimat de lectura\" \/>\n\t<meta name=\"twitter:data2\" content=\"5 minuts\" \/>\n<script type=\"application\/ld+json\" class=\"yoast-schema-graph\">{\"@context\":\"https:\\\/\\\/schema.org\",\"@graph\":[{\"@type\":\"Article\",\"@id\":\"https:\\\/\\\/lamaletadelili.com\\\/ca\\\/noticies\\\/vet-aqui-una-vegada-una-excel-lent-temporada\\\/#article\",\"isPartOf\":{\"@id\":\"https:\\\/\\\/lamaletadelili.com\\\/ca\\\/noticies\\\/vet-aqui-una-vegada-una-excel-lent-temporada\\\/\"},\"author\":{\"name\":\"Lili\",\"@id\":\"https:\\\/\\\/lamaletadelili.com\\\/#\\\/schema\\\/person\\\/0b369bfb34abc5b05dad849dd46e7216\"},\"headline\":\"Vet aqu\u00ed una vegada&#8230; una excel\u00b7lent temporada!\",\"datePublished\":\"2020-08-12T09:11:46+00:00\",\"dateModified\":\"2020-08-12T09:19:27+00:00\",\"mainEntityOfPage\":{\"@id\":\"https:\\\/\\\/lamaletadelili.com\\\/ca\\\/noticies\\\/vet-aqui-una-vegada-una-excel-lent-temporada\\\/\"},\"wordCount\":943,\"commentCount\":0,\"publisher\":{\"@id\":\"https:\\\/\\\/lamaletadelili.com\\\/#organization\"},\"image\":{\"@id\":\"https:\\\/\\\/lamaletadelili.com\\\/ca\\\/noticies\\\/vet-aqui-una-vegada-una-excel-lent-temporada\\\/#primaryimage\"},\"thumbnailUrl\":\"https:\\\/\\\/lamaletadelili.com\\\/wp-content\\\/uploads\\\/2020\\\/08\\\/Campanya-estiu-2020-2-portada.jpg\",\"articleSection\":[\"Not\u00edcies\"],\"inLanguage\":\"ca\",\"potentialAction\":[{\"@type\":\"CommentAction\",\"name\":\"Comment\",\"target\":[\"https:\\\/\\\/lamaletadelili.com\\\/ca\\\/noticies\\\/vet-aqui-una-vegada-una-excel-lent-temporada\\\/#respond\"]}]},{\"@type\":\"WebPage\",\"@id\":\"https:\\\/\\\/lamaletadelili.com\\\/ca\\\/noticies\\\/vet-aqui-una-vegada-una-excel-lent-temporada\\\/\",\"url\":\"https:\\\/\\\/lamaletadelili.com\\\/ca\\\/noticies\\\/vet-aqui-una-vegada-una-excel-lent-temporada\\\/\",\"name\":\"Vet aqu\u00ed una vegada... una excel\u00b7lent temporada! - La maleta de Lili\",\"isPartOf\":{\"@id\":\"https:\\\/\\\/lamaletadelili.com\\\/#website\"},\"primaryImageOfPage\":{\"@id\":\"https:\\\/\\\/lamaletadelili.com\\\/ca\\\/noticies\\\/vet-aqui-una-vegada-una-excel-lent-temporada\\\/#primaryimage\"},\"image\":{\"@id\":\"https:\\\/\\\/lamaletadelili.com\\\/ca\\\/noticies\\\/vet-aqui-una-vegada-una-excel-lent-temporada\\\/#primaryimage\"},\"thumbnailUrl\":\"https:\\\/\\\/lamaletadelili.com\\\/wp-content\\\/uploads\\\/2020\\\/08\\\/Campanya-estiu-2020-2-portada.jpg\",\"datePublished\":\"2020-08-12T09:11:46+00:00\",\"dateModified\":\"2020-08-12T09:19:27+00:00\",\"breadcrumb\":{\"@id\":\"https:\\\/\\\/lamaletadelili.com\\\/ca\\\/noticies\\\/vet-aqui-una-vegada-una-excel-lent-temporada\\\/#breadcrumb\"},\"inLanguage\":\"ca\",\"potentialAction\":[{\"@type\":\"ReadAction\",\"target\":[\"https:\\\/\\\/lamaletadelili.com\\\/ca\\\/noticies\\\/vet-aqui-una-vegada-una-excel-lent-temporada\\\/\"]}]},{\"@type\":\"ImageObject\",\"inLanguage\":\"ca\",\"@id\":\"https:\\\/\\\/lamaletadelili.com\\\/ca\\\/noticies\\\/vet-aqui-una-vegada-una-excel-lent-temporada\\\/#primaryimage\",\"url\":\"https:\\\/\\\/lamaletadelili.com\\\/wp-content\\\/uploads\\\/2020\\\/08\\\/Campanya-estiu-2020-2-portada.jpg\",\"contentUrl\":\"https:\\\/\\\/lamaletadelili.com\\\/wp-content\\\/uploads\\\/2020\\\/08\\\/Campanya-estiu-2020-2-portada.jpg\",\"width\":800,\"height\":450},{\"@type\":\"BreadcrumbList\",\"@id\":\"https:\\\/\\\/lamaletadelili.com\\\/ca\\\/noticies\\\/vet-aqui-una-vegada-una-excel-lent-temporada\\\/#breadcrumb\",\"itemListElement\":[{\"@type\":\"ListItem\",\"position\":1,\"name\":\"Portada\",\"item\":\"https:\\\/\\\/lamaletadelili.com\\\/ca\\\/\"},{\"@type\":\"ListItem\",\"position\":2,\"name\":\"Vet aqu\u00ed una vegada&#8230; una excel\u00b7lent temporada!\"}]},{\"@type\":\"WebSite\",\"@id\":\"https:\\\/\\\/lamaletadelili.com\\\/#website\",\"url\":\"https:\\\/\\\/lamaletadelili.com\\\/\",\"name\":\"La maleta de Lili\",\"description\":\"Cuenta cuentos\",\"publisher\":{\"@id\":\"https:\\\/\\\/lamaletadelili.com\\\/#organization\"},\"potentialAction\":[{\"@type\":\"SearchAction\",\"target\":{\"@type\":\"EntryPoint\",\"urlTemplate\":\"https:\\\/\\\/lamaletadelili.com\\\/?s={search_term_string}\"},\"query-input\":{\"@type\":\"PropertyValueSpecification\",\"valueRequired\":true,\"valueName\":\"search_term_string\"}}],\"inLanguage\":\"ca\"},{\"@type\":\"Organization\",\"@id\":\"https:\\\/\\\/lamaletadelili.com\\\/#organization\",\"name\":\"La maleta de Lili\",\"url\":\"https:\\\/\\\/lamaletadelili.com\\\/\",\"logo\":{\"@type\":\"ImageObject\",\"inLanguage\":\"ca\",\"@id\":\"https:\\\/\\\/lamaletadelili.com\\\/#\\\/schema\\\/logo\\\/image\\\/\",\"url\":\"https:\\\/\\\/lamaletadelili.com\\\/wp-content\\\/uploads\\\/2019\\\/07\\\/LOGO-La-maleta-de-Lili-catalan.png\",\"contentUrl\":\"https:\\\/\\\/lamaletadelili.com\\\/wp-content\\\/uploads\\\/2019\\\/07\\\/LOGO-La-maleta-de-Lili-catalan.png\",\"width\":450,\"height\":177,\"caption\":\"La maleta de Lili\"},\"image\":{\"@id\":\"https:\\\/\\\/lamaletadelili.com\\\/#\\\/schema\\\/logo\\\/image\\\/\"}},{\"@type\":\"Person\",\"@id\":\"https:\\\/\\\/lamaletadelili.com\\\/#\\\/schema\\\/person\\\/0b369bfb34abc5b05dad849dd46e7216\",\"name\":\"Lili\",\"image\":{\"@type\":\"ImageObject\",\"inLanguage\":\"ca\",\"@id\":\"https:\\\/\\\/lamaletadelili.com\\\/wp-content\\\/litespeed\\\/avatar\\\/76b539669a3dc81823ce0f8f87bd4577.jpg?ver=1777588790\",\"url\":\"https:\\\/\\\/lamaletadelili.com\\\/wp-content\\\/litespeed\\\/avatar\\\/76b539669a3dc81823ce0f8f87bd4577.jpg?ver=1777588790\",\"contentUrl\":\"https:\\\/\\\/lamaletadelili.com\\\/wp-content\\\/litespeed\\\/avatar\\\/76b539669a3dc81823ce0f8f87bd4577.jpg?ver=1777588790\",\"caption\":\"Lili\"},\"description\":\"Proyecto de animaci\u00f3n a la lectura dirigido a potenciar la literatura infantil desde las primeras edades.\",\"sameAs\":[\"https:\\\/\\\/lamaletadelili.com\"],\"url\":\"https:\\\/\\\/lamaletadelili.com\\\/ca\\\/author\\\/lili\\\/\"}]}<\/script>\n<!-- \/ Yoast SEO plugin. -->","yoast_head_json":{"title":"Vet aqu\u00ed una vegada... una excel\u00b7lent temporada! - La maleta de Lili","robots":{"index":"index","follow":"follow","max-snippet":"max-snippet:-1","max-image-preview":"max-image-preview:large","max-video-preview":"max-video-preview:-1"},"canonical":"https:\/\/lamaletadelili.com\/ca\/noticies\/vet-aqui-una-vegada-una-excel-lent-temporada\/","og_locale":"ca_ES","og_type":"article","og_title":"Vet aqu\u00ed una vegada... una excel\u00b7lent temporada! - La maleta de Lili","og_description":"Des que vam canviar de casa ara fa un any, la Lili i jo no hem parat de fer coses. Per\u00f2 ni tan sols la pand\u00e8mia ens ha aturat de fer all\u00f2 que m\u00e9s ens agrada: portar felicitat als nens i nenes a trav\u00e9s dels contes, amb els seus personatges i les seves fant\u00e0stiques hist\u00f2ries.","og_url":"https:\/\/lamaletadelili.com\/ca\/noticies\/vet-aqui-una-vegada-una-excel-lent-temporada\/","og_site_name":"La maleta de Lili","article_published_time":"2020-08-12T09:11:46+00:00","article_modified_time":"2020-08-12T09:19:27+00:00","og_image":[{"width":800,"height":450,"url":"https:\/\/lamaletadelili.com\/wp-content\/uploads\/2020\/08\/Campanya-estiu-2020-2-portada.jpg","type":"image\/jpeg"}],"author":"Lili","twitter_card":"summary_large_image","twitter_misc":{"Escrit per":"Lili","Temps estimat de lectura":"5 minuts"},"schema":{"@context":"https:\/\/schema.org","@graph":[{"@type":"Article","@id":"https:\/\/lamaletadelili.com\/ca\/noticies\/vet-aqui-una-vegada-una-excel-lent-temporada\/#article","isPartOf":{"@id":"https:\/\/lamaletadelili.com\/ca\/noticies\/vet-aqui-una-vegada-una-excel-lent-temporada\/"},"author":{"name":"Lili","@id":"https:\/\/lamaletadelili.com\/#\/schema\/person\/0b369bfb34abc5b05dad849dd46e7216"},"headline":"Vet aqu\u00ed una vegada&#8230; una excel\u00b7lent temporada!","datePublished":"2020-08-12T09:11:46+00:00","dateModified":"2020-08-12T09:19:27+00:00","mainEntityOfPage":{"@id":"https:\/\/lamaletadelili.com\/ca\/noticies\/vet-aqui-una-vegada-una-excel-lent-temporada\/"},"wordCount":943,"commentCount":0,"publisher":{"@id":"https:\/\/lamaletadelili.com\/#organization"},"image":{"@id":"https:\/\/lamaletadelili.com\/ca\/noticies\/vet-aqui-una-vegada-una-excel-lent-temporada\/#primaryimage"},"thumbnailUrl":"https:\/\/lamaletadelili.com\/wp-content\/uploads\/2020\/08\/Campanya-estiu-2020-2-portada.jpg","articleSection":["Not\u00edcies"],"inLanguage":"ca","potentialAction":[{"@type":"CommentAction","name":"Comment","target":["https:\/\/lamaletadelili.com\/ca\/noticies\/vet-aqui-una-vegada-una-excel-lent-temporada\/#respond"]}]},{"@type":"WebPage","@id":"https:\/\/lamaletadelili.com\/ca\/noticies\/vet-aqui-una-vegada-una-excel-lent-temporada\/","url":"https:\/\/lamaletadelili.com\/ca\/noticies\/vet-aqui-una-vegada-una-excel-lent-temporada\/","name":"Vet aqu\u00ed una vegada... una excel\u00b7lent temporada! - La maleta de Lili","isPartOf":{"@id":"https:\/\/lamaletadelili.com\/#website"},"primaryImageOfPage":{"@id":"https:\/\/lamaletadelili.com\/ca\/noticies\/vet-aqui-una-vegada-una-excel-lent-temporada\/#primaryimage"},"image":{"@id":"https:\/\/lamaletadelili.com\/ca\/noticies\/vet-aqui-una-vegada-una-excel-lent-temporada\/#primaryimage"},"thumbnailUrl":"https:\/\/lamaletadelili.com\/wp-content\/uploads\/2020\/08\/Campanya-estiu-2020-2-portada.jpg","datePublished":"2020-08-12T09:11:46+00:00","dateModified":"2020-08-12T09:19:27+00:00","breadcrumb":{"@id":"https:\/\/lamaletadelili.com\/ca\/noticies\/vet-aqui-una-vegada-una-excel-lent-temporada\/#breadcrumb"},"inLanguage":"ca","potentialAction":[{"@type":"ReadAction","target":["https:\/\/lamaletadelili.com\/ca\/noticies\/vet-aqui-una-vegada-una-excel-lent-temporada\/"]}]},{"@type":"ImageObject","inLanguage":"ca","@id":"https:\/\/lamaletadelili.com\/ca\/noticies\/vet-aqui-una-vegada-una-excel-lent-temporada\/#primaryimage","url":"https:\/\/lamaletadelili.com\/wp-content\/uploads\/2020\/08\/Campanya-estiu-2020-2-portada.jpg","contentUrl":"https:\/\/lamaletadelili.com\/wp-content\/uploads\/2020\/08\/Campanya-estiu-2020-2-portada.jpg","width":800,"height":450},{"@type":"BreadcrumbList","@id":"https:\/\/lamaletadelili.com\/ca\/noticies\/vet-aqui-una-vegada-una-excel-lent-temporada\/#breadcrumb","itemListElement":[{"@type":"ListItem","position":1,"name":"Portada","item":"https:\/\/lamaletadelili.com\/ca\/"},{"@type":"ListItem","position":2,"name":"Vet aqu\u00ed una vegada&#8230; una excel\u00b7lent temporada!"}]},{"@type":"WebSite","@id":"https:\/\/lamaletadelili.com\/#website","url":"https:\/\/lamaletadelili.com\/","name":"La maleta de Lili","description":"Cuenta cuentos","publisher":{"@id":"https:\/\/lamaletadelili.com\/#organization"},"potentialAction":[{"@type":"SearchAction","target":{"@type":"EntryPoint","urlTemplate":"https:\/\/lamaletadelili.com\/?s={search_term_string}"},"query-input":{"@type":"PropertyValueSpecification","valueRequired":true,"valueName":"search_term_string"}}],"inLanguage":"ca"},{"@type":"Organization","@id":"https:\/\/lamaletadelili.com\/#organization","name":"La maleta de Lili","url":"https:\/\/lamaletadelili.com\/","logo":{"@type":"ImageObject","inLanguage":"ca","@id":"https:\/\/lamaletadelili.com\/#\/schema\/logo\/image\/","url":"https:\/\/lamaletadelili.com\/wp-content\/uploads\/2019\/07\/LOGO-La-maleta-de-Lili-catalan.png","contentUrl":"https:\/\/lamaletadelili.com\/wp-content\/uploads\/2019\/07\/LOGO-La-maleta-de-Lili-catalan.png","width":450,"height":177,"caption":"La maleta de Lili"},"image":{"@id":"https:\/\/lamaletadelili.com\/#\/schema\/logo\/image\/"}},{"@type":"Person","@id":"https:\/\/lamaletadelili.com\/#\/schema\/person\/0b369bfb34abc5b05dad849dd46e7216","name":"Lili","image":{"@type":"ImageObject","inLanguage":"ca","@id":"https:\/\/lamaletadelili.com\/wp-content\/litespeed\/avatar\/76b539669a3dc81823ce0f8f87bd4577.jpg?ver=1777588790","url":"https:\/\/lamaletadelili.com\/wp-content\/litespeed\/avatar\/76b539669a3dc81823ce0f8f87bd4577.jpg?ver=1777588790","contentUrl":"https:\/\/lamaletadelili.com\/wp-content\/litespeed\/avatar\/76b539669a3dc81823ce0f8f87bd4577.jpg?ver=1777588790","caption":"Lili"},"description":"Proyecto de animaci\u00f3n a la lectura dirigido a potenciar la literatura infantil desde las primeras edades.","sameAs":["https:\/\/lamaletadelili.com"],"url":"https:\/\/lamaletadelili.com\/ca\/author\/lili\/"}]}},"uagb_featured_image_src":{"full":["https:\/\/lamaletadelili.com\/wp-content\/uploads\/2020\/08\/Campanya-estiu-2020-2-portada.jpg",800,450,false],"thumbnail":["https:\/\/lamaletadelili.com\/wp-content\/uploads\/2020\/08\/Campanya-estiu-2020-2-portada-150x150.jpg",150,150,true],"medium":["https:\/\/lamaletadelili.com\/wp-content\/uploads\/2020\/08\/Campanya-estiu-2020-2-portada-380x215.jpg",380,215,true],"medium_large":["https:\/\/lamaletadelili.com\/wp-content\/uploads\/2020\/08\/Campanya-estiu-2020-2-portada-768x432.jpg",768,432,true],"large":["https:\/\/lamaletadelili.com\/wp-content\/uploads\/2020\/08\/Campanya-estiu-2020-2-portada-800x450.jpg",800,450,true],"1536x1536":["https:\/\/lamaletadelili.com\/wp-content\/uploads\/2020\/08\/Campanya-estiu-2020-2-portada.jpg",800,450,false],"2048x2048":["https:\/\/lamaletadelili.com\/wp-content\/uploads\/2020\/08\/Campanya-estiu-2020-2-portada.jpg",800,450,false]},"uagb_author_info":{"display_name":"Lili","author_link":"https:\/\/lamaletadelili.com\/ca\/author\/lili\/"},"uagb_comment_info":0,"uagb_excerpt":"Des que vam canviar de casa ara fa un any, la Lili i jo no hem parat de fer coses. Per\u00f2 ni tan sols la pand\u00e8mia ens ha aturat de fer all\u00f2 que m\u00e9s ens agrada: portar felicitat als nens i nenes a trav\u00e9s dels contes, amb els seus personatges i les seves fant\u00e0stiques hist\u00f2ries.","_links":{"self":[{"href":"https:\/\/lamaletadelili.com\/ca\/wp-json\/wp\/v2\/posts\/9405","targetHints":{"allow":["GET"]}}],"collection":[{"href":"https:\/\/lamaletadelili.com\/ca\/wp-json\/wp\/v2\/posts"}],"about":[{"href":"https:\/\/lamaletadelili.com\/ca\/wp-json\/wp\/v2\/types\/post"}],"author":[{"embeddable":true,"href":"https:\/\/lamaletadelili.com\/ca\/wp-json\/wp\/v2\/users\/2"}],"replies":[{"embeddable":true,"href":"https:\/\/lamaletadelili.com\/ca\/wp-json\/wp\/v2\/comments?post=9405"}],"version-history":[{"count":0,"href":"https:\/\/lamaletadelili.com\/ca\/wp-json\/wp\/v2\/posts\/9405\/revisions"}],"wp:featuredmedia":[{"embeddable":true,"href":"https:\/\/lamaletadelili.com\/ca\/wp-json\/wp\/v2\/media\/9509"}],"wp:attachment":[{"href":"https:\/\/lamaletadelili.com\/ca\/wp-json\/wp\/v2\/media?parent=9405"}],"wp:term":[{"taxonomy":"category","embeddable":true,"href":"https:\/\/lamaletadelili.com\/ca\/wp-json\/wp\/v2\/categories?post=9405"},{"taxonomy":"post_tag","embeddable":true,"href":"https:\/\/lamaletadelili.com\/ca\/wp-json\/wp\/v2\/tags?post=9405"}],"curies":[{"name":"wp","href":"https:\/\/api.w.org\/{rel}","templated":true}]}}