{"id":8948,"date":"2020-02-22T12:41:18","date_gmt":"2020-02-22T11:41:18","guid":{"rendered":"https:\/\/lamaletadelili.com\/?p=8948"},"modified":"2020-02-24T10:49:39","modified_gmt":"2020-02-24T09:49:39","slug":"larribada-del-carnaval-a-la-biblioteca-mestre-marti-tauler","status":"publish","type":"post","link":"https:\/\/lamaletadelili.com\/ca\/activitats-realitzades\/larribada-del-carnaval-a-la-biblioteca-mestre-marti-tauler\/","title":{"rendered":"L&#8217;arribada del Carnaval a la Biblioteca Mestre Mart\u00ed Tauler"},"content":{"rendered":"\n<p><\/p>\n\n\n\n<div class=\"wp-block-media-text alignwide\"><figure class=\"wp-block-media-text__media\"><img decoding=\"async\" width=\"800\" height=\"450\" src=\"https:\/\/lamaletadelili.com\/wp-content\/uploads\/2020\/02\/Carnaval.jpg\" alt=\"\" class=\"wp-image-8954\" srcset=\"https:\/\/lamaletadelili.com\/wp-content\/uploads\/2020\/02\/Carnaval.jpg 800w, https:\/\/lamaletadelili.com\/wp-content\/uploads\/2020\/02\/Carnaval-380x215.jpg 380w, https:\/\/lamaletadelili.com\/wp-content\/uploads\/2020\/02\/Carnaval-768x432.jpg 768w\" sizes=\"(max-width: 800px) 100vw, 800px\" \/><\/figure><div class=\"wp-block-media-text__content\">\n<p class=\"has-normal-font-size\">La setmana passada va arribar el Carnaval!!. En quant va apar\u00e8ixer per la porta va embellir la sala Infantil de la biblioteca amb m\u00e0scares, cintes de colors i una taula ben bonica per la meva col\u00b7laboradora, l&#8217;In\u00e9s Bayo.  <\/p>\n<\/div><\/div>\n\n\n\n<p><\/p>\n\n\n\n<div class=\"wp-block-media-text alignwide has-media-on-the-right\"><figure class=\"wp-block-media-text__media\"><img decoding=\"async\" width=\"800\" height=\"450\" src=\"https:\/\/lamaletadelili.com\/wp-content\/uploads\/2020\/02\/Carnaval-2.jpg\" alt=\"\" class=\"wp-image-8956\" srcset=\"https:\/\/lamaletadelili.com\/wp-content\/uploads\/2020\/02\/Carnaval-2.jpg 800w, https:\/\/lamaletadelili.com\/wp-content\/uploads\/2020\/02\/Carnaval-2-380x215.jpg 380w, https:\/\/lamaletadelili.com\/wp-content\/uploads\/2020\/02\/Carnaval-2-768x432.jpg 768w\" sizes=\"(max-width: 800px) 100vw, 800px\" \/><\/figure><div class=\"wp-block-media-text__content\">\n<p class=\"has-normal-font-size\">El Senyor Carnaval, amb les seves millors gales ens va endinsar dins de la hist\u00f2ria de la petita Anna. Una nena que no l&#8217;agradava el Carnaval; per\u00f2 en quant va tenir una m\u00e0scara posada va gaudir tant de la festa que va decidir que el pr\u00f2xim any es disfressaria.   <\/p>\n<\/div><\/div>\n\n\n\n<p><\/p>\n\n\n\n<p>La seva festa continuava&#8230; amb el maquillatge de les mans delicades i imaginatives de la In\u00e9s Bayo.  <\/p>\n\n\n\n<div class=\"wp-block-kadence-advancedgallery kb-gallery-wrap-id-_ad85de-c0\"><ul class=\"kb-gallery-ul kb-gallery-type-masonry kb-masonry-init kb-gallery-id-_ad85de-c0 kb-gallery-caption-style-bottom-hover kb-gallery-filter-none\" data-item-selector=\".kadence-blocks-gallery-item\" data-image-filter=\"none\" data-lightbox-caption=\"true\" data-columns-xxl=\"2\" data-columns-xl=\"2\" data-columns-lg=\"2\" data-columns-md=\"2\" data-columns-sm=\"1\" data-columns-xs=\"1\"><li class=\"kadence-blocks-gallery-item\"><div class=\"kadence-blocks-gallery-item-inner\"><figure class=\"kb-gallery-figure kadence-blocks-gallery-item-hide-caption\"><div class=\"kb-gal-image-radius\" style=\"max-width:413px\"><div class=\"kb-gallery-image-contain kadence-blocks-gallery-intrinsic\" style=\"padding-bottom:108.9588377723971%\"><img decoding=\"async\" src=\"https:\/\/lamaletadelili.com\/wp-content\/uploads\/2020\/02\/Carnaval-3-413x450.jpg\" width=\"413\" height=\"450\" alt=\"\" data-full-image=\"https:\/\/lamaletadelili.com\/wp-content\/uploads\/2020\/02\/Carnaval-3.jpg\" data-light-image=\"https:\/\/lamaletadelili.com\/wp-content\/uploads\/2020\/02\/Carnaval-3.jpg\" data-id=\"8958\" data-link=\"https:\/\/lamaletadelili.com\/ca\/?attachment_id=8958#main\" class=\"wp-image-8958\" srcset=\"https:\/\/lamaletadelili.com\/wp-content\/uploads\/2020\/02\/Carnaval-3-413x450.jpg 413w, https:\/\/lamaletadelili.com\/wp-content\/uploads\/2020\/02\/Carnaval-3-197x215.jpg 197w, https:\/\/lamaletadelili.com\/wp-content\/uploads\/2020\/02\/Carnaval-3-768x836.jpg 768w, https:\/\/lamaletadelili.com\/wp-content\/uploads\/2020\/02\/Carnaval-3.jpg 800w\" sizes=\"(max-width: 413px) 100vw, 413px\" \/><\/div><\/div><\/figure><\/div><\/li><li class=\"kadence-blocks-gallery-item\"><div class=\"kadence-blocks-gallery-item-inner\"><figure class=\"kb-gallery-figure kadence-blocks-gallery-item-hide-caption\"><div class=\"kb-gal-image-radius\" style=\"max-width:413px\"><div class=\"kb-gallery-image-contain kadence-blocks-gallery-intrinsic\" style=\"padding-bottom:108.9588377723971%\"><img decoding=\"async\" src=\"https:\/\/lamaletadelili.com\/wp-content\/uploads\/2020\/02\/Carnaval-4-413x450.jpg\" width=\"413\" height=\"450\" alt=\"\" data-full-image=\"https:\/\/lamaletadelili.com\/wp-content\/uploads\/2020\/02\/Carnaval-4.jpg\" data-light-image=\"https:\/\/lamaletadelili.com\/wp-content\/uploads\/2020\/02\/Carnaval-4.jpg\" data-id=\"8969\" data-link=\"https:\/\/lamaletadelili.com\/ca\/?attachment_id=8969#main\" class=\"wp-image-8969\" srcset=\"https:\/\/lamaletadelili.com\/wp-content\/uploads\/2020\/02\/Carnaval-4-413x450.jpg 413w, https:\/\/lamaletadelili.com\/wp-content\/uploads\/2020\/02\/Carnaval-4-197x215.jpg 197w, https:\/\/lamaletadelili.com\/wp-content\/uploads\/2020\/02\/Carnaval-4-768x836.jpg 768w, https:\/\/lamaletadelili.com\/wp-content\/uploads\/2020\/02\/Carnaval-4.jpg 800w\" sizes=\"(max-width: 413px) 100vw, 413px\" \/><\/div><\/div><\/figure><\/div><\/li><\/ul><\/div>\n\n\n\n<p><\/p>\n\n\n\n<p>Gaireb\u00e9 tots els infants que van assistir al &#8220;Contes Per Menuts&#8221; van passar per les seves mans sortint com a gat, Batman, Spiderman, papallones &#8230; <\/p>\n","protected":false},"excerpt":{"rendered":"<p>L&#8217;arribada del Carnaval amb les seves millors gales ens va endinsar dins de la seva festa amb la hist\u00f2ria de l&#8217;Anna.<br \/>\nConvidant als infants a sortir amb una m\u00e0scara pintada de les mans de la In\u00e9s Bayo.  <\/p>\n","protected":false},"author":2,"featured_media":8974,"comment_status":"open","ping_status":"open","sticky":false,"template":"","format":"standard","meta":{"_uag_custom_page_level_css":"","site-sidebar-layout":"default","site-content-layout":"","ast-site-content-layout":"default","site-content-style":"default","site-sidebar-style":"default","ast-global-header-display":"","ast-banner-title-visibility":"","ast-main-header-display":"","ast-hfb-above-header-display":"","ast-hfb-below-header-display":"","ast-hfb-mobile-header-display":"","site-post-title":"","ast-breadcrumbs-content":"","ast-featured-img":"","footer-sml-layout":"","ast-disable-related-posts":"","theme-transparent-header-meta":"","adv-header-id-meta":"","stick-header-meta":"","header-above-stick-meta":"","header-main-stick-meta":"","header-below-stick-meta":"","astra-migrate-meta-layouts":"default","ast-page-background-enabled":"default","ast-page-background-meta":{"desktop":{"background-color":"var(--ast-global-color-4)","background-image":"","background-repeat":"repeat","background-position":"center center","background-size":"auto","background-attachment":"scroll","background-type":"","background-media":"","overlay-type":"","overlay-color":"","overlay-opacity":"","overlay-gradient":""},"tablet":{"background-color":"","background-image":"","background-repeat":"repeat","background-position":"center center","background-size":"auto","background-attachment":"scroll","background-type":"","background-media":"","overlay-type":"","overlay-color":"","overlay-opacity":"","overlay-gradient":""},"mobile":{"background-color":"","background-image":"","background-repeat":"repeat","background-position":"center center","background-size":"auto","background-attachment":"scroll","background-type":"","background-media":"","overlay-type":"","overlay-color":"","overlay-opacity":"","overlay-gradient":""}},"ast-content-background-meta":{"desktop":{"background-color":"var(--ast-global-color-5)","background-image":"","background-repeat":"repeat","background-position":"center center","background-size":"auto","background-attachment":"scroll","background-type":"","background-media":"","overlay-type":"","overlay-color":"","overlay-opacity":"","overlay-gradient":""},"tablet":{"background-color":"var(--ast-global-color-5)","background-image":"","background-repeat":"repeat","background-position":"center center","background-size":"auto","background-attachment":"scroll","background-type":"","background-media":"","overlay-type":"","overlay-color":"","overlay-opacity":"","overlay-gradient":""},"mobile":{"background-color":"var(--ast-global-color-5)","background-image":"","background-repeat":"repeat","background-position":"center center","background-size":"auto","background-attachment":"scroll","background-type":"","background-media":"","overlay-type":"","overlay-color":"","overlay-opacity":"","overlay-gradient":""}},"footnotes":""},"categories":[527],"tags":[353],"class_list":["post-8948","post","type-post","status-publish","format-standard","has-post-thumbnail","hentry","category-activitats-realitzades","tag-biblioteca-mestre-marti-tauler"],"yoast_head":"<!-- This site is optimized with the Yoast SEO plugin v27.4 - https:\/\/yoast.com\/product\/yoast-seo-wordpress\/ -->\n<title>L&#039;arribada del Carnaval a la Biblioteca Mestre Mart\u00ed Tauler - La maleta de Lili<\/title>\n<meta name=\"robots\" content=\"index, follow, max-snippet:-1, max-image-preview:large, max-video-preview:-1\" \/>\n<link rel=\"canonical\" href=\"https:\/\/lamaletadelili.com\/ca\/activitats-realitzades\/larribada-del-carnaval-a-la-biblioteca-mestre-marti-tauler\/\" \/>\n<meta property=\"og:locale\" content=\"ca_ES\" \/>\n<meta property=\"og:type\" content=\"article\" \/>\n<meta property=\"og:title\" content=\"L&#039;arribada del Carnaval a la Biblioteca Mestre Mart\u00ed Tauler - La maleta de Lili\" \/>\n<meta property=\"og:description\" content=\"L&#039;arribada del Carnaval amb les seves millors gales ens va endinsar dins de la seva festa amb la hist\u00f2ria de l&#039;Anna. Convidant als infants a sortir amb una m\u00e0scara pintada de les mans de la In\u00e9s Bayo.\" \/>\n<meta property=\"og:url\" content=\"https:\/\/lamaletadelili.com\/ca\/activitats-realitzades\/larribada-del-carnaval-a-la-biblioteca-mestre-marti-tauler\/\" \/>\n<meta property=\"og:site_name\" content=\"La maleta de Lili\" \/>\n<meta property=\"article:published_time\" content=\"2020-02-22T11:41:18+00:00\" \/>\n<meta property=\"article:modified_time\" content=\"2020-02-24T09:49:39+00:00\" \/>\n<meta property=\"og:image\" content=\"https:\/\/lamaletadelili.com\/wp-content\/uploads\/2020\/02\/Carnaval-5.jpg\" \/>\n\t<meta property=\"og:image:width\" content=\"800\" \/>\n\t<meta property=\"og:image:height\" content=\"450\" \/>\n\t<meta property=\"og:image:type\" content=\"image\/jpeg\" \/>\n<meta name=\"author\" content=\"Lili\" \/>\n<meta name=\"twitter:card\" content=\"summary_large_image\" \/>\n<meta name=\"twitter:label1\" content=\"Escrit per\" \/>\n\t<meta name=\"twitter:data1\" content=\"Lili\" \/>\n\t<meta name=\"twitter:label2\" content=\"Temps estimat de lectura\" \/>\n\t<meta name=\"twitter:data2\" content=\"1 minut\" \/>\n<script type=\"application\/ld+json\" class=\"yoast-schema-graph\">{\"@context\":\"https:\\\/\\\/schema.org\",\"@graph\":[{\"@type\":\"Article\",\"@id\":\"https:\\\/\\\/lamaletadelili.com\\\/ca\\\/activitats-realitzades\\\/larribada-del-carnaval-a-la-biblioteca-mestre-marti-tauler\\\/#article\",\"isPartOf\":{\"@id\":\"https:\\\/\\\/lamaletadelili.com\\\/ca\\\/activitats-realitzades\\\/larribada-del-carnaval-a-la-biblioteca-mestre-marti-tauler\\\/\"},\"author\":{\"name\":\"Lili\",\"@id\":\"https:\\\/\\\/lamaletadelili.com\\\/#\\\/schema\\\/person\\\/0b369bfb34abc5b05dad849dd46e7216\"},\"headline\":\"L&#8217;arribada del Carnaval a la Biblioteca Mestre Mart\u00ed Tauler\",\"datePublished\":\"2020-02-22T11:41:18+00:00\",\"dateModified\":\"2020-02-24T09:49:39+00:00\",\"mainEntityOfPage\":{\"@id\":\"https:\\\/\\\/lamaletadelili.com\\\/ca\\\/activitats-realitzades\\\/larribada-del-carnaval-a-la-biblioteca-mestre-marti-tauler\\\/\"},\"wordCount\":148,\"commentCount\":0,\"publisher\":{\"@id\":\"https:\\\/\\\/lamaletadelili.com\\\/#organization\"},\"image\":{\"@id\":\"https:\\\/\\\/lamaletadelili.com\\\/ca\\\/activitats-realitzades\\\/larribada-del-carnaval-a-la-biblioteca-mestre-marti-tauler\\\/#primaryimage\"},\"thumbnailUrl\":\"https:\\\/\\\/lamaletadelili.com\\\/wp-content\\\/uploads\\\/2020\\\/02\\\/Carnaval-5.jpg\",\"keywords\":[\"Biblioteca Mestre Mart\u00ed Tauler\"],\"articleSection\":[\"Activitats realitzades\"],\"inLanguage\":\"ca\",\"potentialAction\":[{\"@type\":\"CommentAction\",\"name\":\"Comment\",\"target\":[\"https:\\\/\\\/lamaletadelili.com\\\/ca\\\/activitats-realitzades\\\/larribada-del-carnaval-a-la-biblioteca-mestre-marti-tauler\\\/#respond\"]}]},{\"@type\":\"WebPage\",\"@id\":\"https:\\\/\\\/lamaletadelili.com\\\/ca\\\/activitats-realitzades\\\/larribada-del-carnaval-a-la-biblioteca-mestre-marti-tauler\\\/\",\"url\":\"https:\\\/\\\/lamaletadelili.com\\\/ca\\\/activitats-realitzades\\\/larribada-del-carnaval-a-la-biblioteca-mestre-marti-tauler\\\/\",\"name\":\"L'arribada del Carnaval a la Biblioteca Mestre Mart\u00ed Tauler - La maleta de Lili\",\"isPartOf\":{\"@id\":\"https:\\\/\\\/lamaletadelili.com\\\/#website\"},\"primaryImageOfPage\":{\"@id\":\"https:\\\/\\\/lamaletadelili.com\\\/ca\\\/activitats-realitzades\\\/larribada-del-carnaval-a-la-biblioteca-mestre-marti-tauler\\\/#primaryimage\"},\"image\":{\"@id\":\"https:\\\/\\\/lamaletadelili.com\\\/ca\\\/activitats-realitzades\\\/larribada-del-carnaval-a-la-biblioteca-mestre-marti-tauler\\\/#primaryimage\"},\"thumbnailUrl\":\"https:\\\/\\\/lamaletadelili.com\\\/wp-content\\\/uploads\\\/2020\\\/02\\\/Carnaval-5.jpg\",\"datePublished\":\"2020-02-22T11:41:18+00:00\",\"dateModified\":\"2020-02-24T09:49:39+00:00\",\"breadcrumb\":{\"@id\":\"https:\\\/\\\/lamaletadelili.com\\\/ca\\\/activitats-realitzades\\\/larribada-del-carnaval-a-la-biblioteca-mestre-marti-tauler\\\/#breadcrumb\"},\"inLanguage\":\"ca\",\"potentialAction\":[{\"@type\":\"ReadAction\",\"target\":[\"https:\\\/\\\/lamaletadelili.com\\\/ca\\\/activitats-realitzades\\\/larribada-del-carnaval-a-la-biblioteca-mestre-marti-tauler\\\/\"]}]},{\"@type\":\"ImageObject\",\"inLanguage\":\"ca\",\"@id\":\"https:\\\/\\\/lamaletadelili.com\\\/ca\\\/activitats-realitzades\\\/larribada-del-carnaval-a-la-biblioteca-mestre-marti-tauler\\\/#primaryimage\",\"url\":\"https:\\\/\\\/lamaletadelili.com\\\/wp-content\\\/uploads\\\/2020\\\/02\\\/Carnaval-5.jpg\",\"contentUrl\":\"https:\\\/\\\/lamaletadelili.com\\\/wp-content\\\/uploads\\\/2020\\\/02\\\/Carnaval-5.jpg\",\"width\":800,\"height\":450,\"caption\":\"Ara arriba el Carnestoltes!\"},{\"@type\":\"BreadcrumbList\",\"@id\":\"https:\\\/\\\/lamaletadelili.com\\\/ca\\\/activitats-realitzades\\\/larribada-del-carnaval-a-la-biblioteca-mestre-marti-tauler\\\/#breadcrumb\",\"itemListElement\":[{\"@type\":\"ListItem\",\"position\":1,\"name\":\"Portada\",\"item\":\"https:\\\/\\\/lamaletadelili.com\\\/ca\\\/\"},{\"@type\":\"ListItem\",\"position\":2,\"name\":\"L&#8217;arribada del Carnaval a la Biblioteca Mestre Mart\u00ed Tauler\"}]},{\"@type\":\"WebSite\",\"@id\":\"https:\\\/\\\/lamaletadelili.com\\\/#website\",\"url\":\"https:\\\/\\\/lamaletadelili.com\\\/\",\"name\":\"La maleta de Lili\",\"description\":\"Cuenta cuentos\",\"publisher\":{\"@id\":\"https:\\\/\\\/lamaletadelili.com\\\/#organization\"},\"potentialAction\":[{\"@type\":\"SearchAction\",\"target\":{\"@type\":\"EntryPoint\",\"urlTemplate\":\"https:\\\/\\\/lamaletadelili.com\\\/?s={search_term_string}\"},\"query-input\":{\"@type\":\"PropertyValueSpecification\",\"valueRequired\":true,\"valueName\":\"search_term_string\"}}],\"inLanguage\":\"ca\"},{\"@type\":\"Organization\",\"@id\":\"https:\\\/\\\/lamaletadelili.com\\\/#organization\",\"name\":\"La maleta de Lili\",\"url\":\"https:\\\/\\\/lamaletadelili.com\\\/\",\"logo\":{\"@type\":\"ImageObject\",\"inLanguage\":\"ca\",\"@id\":\"https:\\\/\\\/lamaletadelili.com\\\/#\\\/schema\\\/logo\\\/image\\\/\",\"url\":\"https:\\\/\\\/lamaletadelili.com\\\/wp-content\\\/uploads\\\/2019\\\/07\\\/LOGO-La-maleta-de-Lili-catalan.png\",\"contentUrl\":\"https:\\\/\\\/lamaletadelili.com\\\/wp-content\\\/uploads\\\/2019\\\/07\\\/LOGO-La-maleta-de-Lili-catalan.png\",\"width\":450,\"height\":177,\"caption\":\"La maleta de Lili\"},\"image\":{\"@id\":\"https:\\\/\\\/lamaletadelili.com\\\/#\\\/schema\\\/logo\\\/image\\\/\"}},{\"@type\":\"Person\",\"@id\":\"https:\\\/\\\/lamaletadelili.com\\\/#\\\/schema\\\/person\\\/0b369bfb34abc5b05dad849dd46e7216\",\"name\":\"Lili\",\"image\":{\"@type\":\"ImageObject\",\"inLanguage\":\"ca\",\"@id\":\"https:\\\/\\\/lamaletadelili.com\\\/wp-content\\\/litespeed\\\/avatar\\\/76b539669a3dc81823ce0f8f87bd4577.jpg?ver=1777588790\",\"url\":\"https:\\\/\\\/lamaletadelili.com\\\/wp-content\\\/litespeed\\\/avatar\\\/76b539669a3dc81823ce0f8f87bd4577.jpg?ver=1777588790\",\"contentUrl\":\"https:\\\/\\\/lamaletadelili.com\\\/wp-content\\\/litespeed\\\/avatar\\\/76b539669a3dc81823ce0f8f87bd4577.jpg?ver=1777588790\",\"caption\":\"Lili\"},\"description\":\"Proyecto de animaci\u00f3n a la lectura dirigido a potenciar la literatura infantil desde las primeras edades.\",\"sameAs\":[\"https:\\\/\\\/lamaletadelili.com\"],\"url\":\"https:\\\/\\\/lamaletadelili.com\\\/ca\\\/author\\\/lili\\\/\"}]}<\/script>\n<!-- \/ Yoast SEO plugin. -->","yoast_head_json":{"title":"L'arribada del Carnaval a la Biblioteca Mestre Mart\u00ed Tauler - La maleta de Lili","robots":{"index":"index","follow":"follow","max-snippet":"max-snippet:-1","max-image-preview":"max-image-preview:large","max-video-preview":"max-video-preview:-1"},"canonical":"https:\/\/lamaletadelili.com\/ca\/activitats-realitzades\/larribada-del-carnaval-a-la-biblioteca-mestre-marti-tauler\/","og_locale":"ca_ES","og_type":"article","og_title":"L'arribada del Carnaval a la Biblioteca Mestre Mart\u00ed Tauler - La maleta de Lili","og_description":"L'arribada del Carnaval amb les seves millors gales ens va endinsar dins de la seva festa amb la hist\u00f2ria de l'Anna. Convidant als infants a sortir amb una m\u00e0scara pintada de les mans de la In\u00e9s Bayo.","og_url":"https:\/\/lamaletadelili.com\/ca\/activitats-realitzades\/larribada-del-carnaval-a-la-biblioteca-mestre-marti-tauler\/","og_site_name":"La maleta de Lili","article_published_time":"2020-02-22T11:41:18+00:00","article_modified_time":"2020-02-24T09:49:39+00:00","og_image":[{"width":800,"height":450,"url":"https:\/\/lamaletadelili.com\/wp-content\/uploads\/2020\/02\/Carnaval-5.jpg","type":"image\/jpeg"}],"author":"Lili","twitter_card":"summary_large_image","twitter_misc":{"Escrit per":"Lili","Temps estimat de lectura":"1 minut"},"schema":{"@context":"https:\/\/schema.org","@graph":[{"@type":"Article","@id":"https:\/\/lamaletadelili.com\/ca\/activitats-realitzades\/larribada-del-carnaval-a-la-biblioteca-mestre-marti-tauler\/#article","isPartOf":{"@id":"https:\/\/lamaletadelili.com\/ca\/activitats-realitzades\/larribada-del-carnaval-a-la-biblioteca-mestre-marti-tauler\/"},"author":{"name":"Lili","@id":"https:\/\/lamaletadelili.com\/#\/schema\/person\/0b369bfb34abc5b05dad849dd46e7216"},"headline":"L&#8217;arribada del Carnaval a la Biblioteca Mestre Mart\u00ed Tauler","datePublished":"2020-02-22T11:41:18+00:00","dateModified":"2020-02-24T09:49:39+00:00","mainEntityOfPage":{"@id":"https:\/\/lamaletadelili.com\/ca\/activitats-realitzades\/larribada-del-carnaval-a-la-biblioteca-mestre-marti-tauler\/"},"wordCount":148,"commentCount":0,"publisher":{"@id":"https:\/\/lamaletadelili.com\/#organization"},"image":{"@id":"https:\/\/lamaletadelili.com\/ca\/activitats-realitzades\/larribada-del-carnaval-a-la-biblioteca-mestre-marti-tauler\/#primaryimage"},"thumbnailUrl":"https:\/\/lamaletadelili.com\/wp-content\/uploads\/2020\/02\/Carnaval-5.jpg","keywords":["Biblioteca Mestre Mart\u00ed Tauler"],"articleSection":["Activitats realitzades"],"inLanguage":"ca","potentialAction":[{"@type":"CommentAction","name":"Comment","target":["https:\/\/lamaletadelili.com\/ca\/activitats-realitzades\/larribada-del-carnaval-a-la-biblioteca-mestre-marti-tauler\/#respond"]}]},{"@type":"WebPage","@id":"https:\/\/lamaletadelili.com\/ca\/activitats-realitzades\/larribada-del-carnaval-a-la-biblioteca-mestre-marti-tauler\/","url":"https:\/\/lamaletadelili.com\/ca\/activitats-realitzades\/larribada-del-carnaval-a-la-biblioteca-mestre-marti-tauler\/","name":"L'arribada del Carnaval a la Biblioteca Mestre Mart\u00ed Tauler - La maleta de Lili","isPartOf":{"@id":"https:\/\/lamaletadelili.com\/#website"},"primaryImageOfPage":{"@id":"https:\/\/lamaletadelili.com\/ca\/activitats-realitzades\/larribada-del-carnaval-a-la-biblioteca-mestre-marti-tauler\/#primaryimage"},"image":{"@id":"https:\/\/lamaletadelili.com\/ca\/activitats-realitzades\/larribada-del-carnaval-a-la-biblioteca-mestre-marti-tauler\/#primaryimage"},"thumbnailUrl":"https:\/\/lamaletadelili.com\/wp-content\/uploads\/2020\/02\/Carnaval-5.jpg","datePublished":"2020-02-22T11:41:18+00:00","dateModified":"2020-02-24T09:49:39+00:00","breadcrumb":{"@id":"https:\/\/lamaletadelili.com\/ca\/activitats-realitzades\/larribada-del-carnaval-a-la-biblioteca-mestre-marti-tauler\/#breadcrumb"},"inLanguage":"ca","potentialAction":[{"@type":"ReadAction","target":["https:\/\/lamaletadelili.com\/ca\/activitats-realitzades\/larribada-del-carnaval-a-la-biblioteca-mestre-marti-tauler\/"]}]},{"@type":"ImageObject","inLanguage":"ca","@id":"https:\/\/lamaletadelili.com\/ca\/activitats-realitzades\/larribada-del-carnaval-a-la-biblioteca-mestre-marti-tauler\/#primaryimage","url":"https:\/\/lamaletadelili.com\/wp-content\/uploads\/2020\/02\/Carnaval-5.jpg","contentUrl":"https:\/\/lamaletadelili.com\/wp-content\/uploads\/2020\/02\/Carnaval-5.jpg","width":800,"height":450,"caption":"Ara arriba el Carnestoltes!"},{"@type":"BreadcrumbList","@id":"https:\/\/lamaletadelili.com\/ca\/activitats-realitzades\/larribada-del-carnaval-a-la-biblioteca-mestre-marti-tauler\/#breadcrumb","itemListElement":[{"@type":"ListItem","position":1,"name":"Portada","item":"https:\/\/lamaletadelili.com\/ca\/"},{"@type":"ListItem","position":2,"name":"L&#8217;arribada del Carnaval a la Biblioteca Mestre Mart\u00ed Tauler"}]},{"@type":"WebSite","@id":"https:\/\/lamaletadelili.com\/#website","url":"https:\/\/lamaletadelili.com\/","name":"La maleta de Lili","description":"Cuenta cuentos","publisher":{"@id":"https:\/\/lamaletadelili.com\/#organization"},"potentialAction":[{"@type":"SearchAction","target":{"@type":"EntryPoint","urlTemplate":"https:\/\/lamaletadelili.com\/?s={search_term_string}"},"query-input":{"@type":"PropertyValueSpecification","valueRequired":true,"valueName":"search_term_string"}}],"inLanguage":"ca"},{"@type":"Organization","@id":"https:\/\/lamaletadelili.com\/#organization","name":"La maleta de Lili","url":"https:\/\/lamaletadelili.com\/","logo":{"@type":"ImageObject","inLanguage":"ca","@id":"https:\/\/lamaletadelili.com\/#\/schema\/logo\/image\/","url":"https:\/\/lamaletadelili.com\/wp-content\/uploads\/2019\/07\/LOGO-La-maleta-de-Lili-catalan.png","contentUrl":"https:\/\/lamaletadelili.com\/wp-content\/uploads\/2019\/07\/LOGO-La-maleta-de-Lili-catalan.png","width":450,"height":177,"caption":"La maleta de Lili"},"image":{"@id":"https:\/\/lamaletadelili.com\/#\/schema\/logo\/image\/"}},{"@type":"Person","@id":"https:\/\/lamaletadelili.com\/#\/schema\/person\/0b369bfb34abc5b05dad849dd46e7216","name":"Lili","image":{"@type":"ImageObject","inLanguage":"ca","@id":"https:\/\/lamaletadelili.com\/wp-content\/litespeed\/avatar\/76b539669a3dc81823ce0f8f87bd4577.jpg?ver=1777588790","url":"https:\/\/lamaletadelili.com\/wp-content\/litespeed\/avatar\/76b539669a3dc81823ce0f8f87bd4577.jpg?ver=1777588790","contentUrl":"https:\/\/lamaletadelili.com\/wp-content\/litespeed\/avatar\/76b539669a3dc81823ce0f8f87bd4577.jpg?ver=1777588790","caption":"Lili"},"description":"Proyecto de animaci\u00f3n a la lectura dirigido a potenciar la literatura infantil desde las primeras edades.","sameAs":["https:\/\/lamaletadelili.com"],"url":"https:\/\/lamaletadelili.com\/ca\/author\/lili\/"}]}},"uagb_featured_image_src":{"full":["https:\/\/lamaletadelili.com\/wp-content\/uploads\/2020\/02\/Carnaval-5.jpg",800,450,false],"thumbnail":["https:\/\/lamaletadelili.com\/wp-content\/uploads\/2020\/02\/Carnaval-5-150x150.jpg",150,150,true],"medium":["https:\/\/lamaletadelili.com\/wp-content\/uploads\/2020\/02\/Carnaval-5-380x215.jpg",380,215,true],"medium_large":["https:\/\/lamaletadelili.com\/wp-content\/uploads\/2020\/02\/Carnaval-5-768x432.jpg",768,432,true],"large":["https:\/\/lamaletadelili.com\/wp-content\/uploads\/2020\/02\/Carnaval-5.jpg",800,450,false],"1536x1536":["https:\/\/lamaletadelili.com\/wp-content\/uploads\/2020\/02\/Carnaval-5.jpg",800,450,false],"2048x2048":["https:\/\/lamaletadelili.com\/wp-content\/uploads\/2020\/02\/Carnaval-5.jpg",800,450,false]},"uagb_author_info":{"display_name":"Lili","author_link":"https:\/\/lamaletadelili.com\/ca\/author\/lili\/"},"uagb_comment_info":0,"uagb_excerpt":"L'arribada del Carnaval amb les seves millors gales ens va endinsar dins de la seva festa amb la hist\u00f2ria de l'Anna. Convidant als infants a sortir amb una m\u00e0scara pintada de les mans de la In\u00e9s Bayo.","_links":{"self":[{"href":"https:\/\/lamaletadelili.com\/ca\/wp-json\/wp\/v2\/posts\/8948","targetHints":{"allow":["GET"]}}],"collection":[{"href":"https:\/\/lamaletadelili.com\/ca\/wp-json\/wp\/v2\/posts"}],"about":[{"href":"https:\/\/lamaletadelili.com\/ca\/wp-json\/wp\/v2\/types\/post"}],"author":[{"embeddable":true,"href":"https:\/\/lamaletadelili.com\/ca\/wp-json\/wp\/v2\/users\/2"}],"replies":[{"embeddable":true,"href":"https:\/\/lamaletadelili.com\/ca\/wp-json\/wp\/v2\/comments?post=8948"}],"version-history":[{"count":0,"href":"https:\/\/lamaletadelili.com\/ca\/wp-json\/wp\/v2\/posts\/8948\/revisions"}],"wp:featuredmedia":[{"embeddable":true,"href":"https:\/\/lamaletadelili.com\/ca\/wp-json\/wp\/v2\/media\/8974"}],"wp:attachment":[{"href":"https:\/\/lamaletadelili.com\/ca\/wp-json\/wp\/v2\/media?parent=8948"}],"wp:term":[{"taxonomy":"category","embeddable":true,"href":"https:\/\/lamaletadelili.com\/ca\/wp-json\/wp\/v2\/categories?post=8948"},{"taxonomy":"post_tag","embeddable":true,"href":"https:\/\/lamaletadelili.com\/ca\/wp-json\/wp\/v2\/tags?post=8948"}],"curies":[{"name":"wp","href":"https:\/\/api.w.org\/{rel}","templated":true}]}}