{"id":8892,"date":"2020-02-11T20:30:22","date_gmt":"2020-02-11T19:30:22","guid":{"rendered":"https:\/\/lamaletadelili.com\/?p=8892"},"modified":"2020-02-18T12:35:36","modified_gmt":"2020-02-18T11:35:36","slug":"el-primer-espai-efimer-literari","status":"publish","type":"post","link":"https:\/\/lamaletadelili.com\/ca\/activitats-realitzades\/el-primer-espai-efimer-literari\/","title":{"rendered":"El primer Espai Ef\u00edmer Literari"},"content":{"rendered":"\n<p>No era gaire estany que an\u00e9s a la <strong>Biblioteca Mestre Mart\u00ed Tauler<\/strong>, doncs aqui en sento com a casa meva. <strong>Per\u00f2, un dissabte al mati??<\/strong> .<\/p>\n\n\n\n<p>Si!,<strong> el passat dissabte vaig anar-hi<\/strong>&#8230;. Tot i que no portava la meva maleta, igualment anava cargada de llibres, capses, globus&#8230; <\/p>\n\n\n\n<p>Quan vaig arribar a la <strong>Sala Infantil<\/strong> hi havien dues fam\u00edlies que observaven preguntat-me si explicaria contes, jo les vaig comentar que no, que anava a preparar  l&#8217;espai per una nova proposta.<\/p>\n\n\n\n<p><\/p>\n\n\n\n<div class=\"wp-block-media-text alignwide\" style=\"grid-template-columns:47% auto\"><figure class=\"wp-block-media-text__media\"><img decoding=\"async\" width=\"740\" height=\"450\" src=\"https:\/\/lamaletadelili.com\/wp-content\/uploads\/2020\/02\/Espai-Efi\u0301mer-4-1.jpg\" alt=\"\" class=\"wp-image-8932\" srcset=\"https:\/\/lamaletadelili.com\/wp-content\/uploads\/2020\/02\/Espai-Efi\u0301mer-4-1.jpg 740w, https:\/\/lamaletadelili.com\/wp-content\/uploads\/2020\/02\/Espai-Efi\u0301mer-4-1-354x215.jpg 354w\" sizes=\"(max-width: 740px) 100vw, 740px\" \/><\/figure><div class=\"wp-block-media-text__content\">\n<p class=\"has-normal-font-size\">Al mateix temps que col\u00b7locava, emocionada, les taules, els llibres, les capses&#8230; els infants s&#8217;havien apoderat de l&#8217;espai sense esperar a que estigu\u00e9s com havia pensar.<\/p>\n\n\n\n<p><\/p>\n<\/div><\/div>\n\n\n\n<p><\/p>\n\n\n\n<p>Ja estava en funcionament!! Una mare acompanyava la lectura d&#8217;un llibre a la seva filla i davant altra nena llegia en veu alta al costat del seu pare. <\/p>\n\n\n\n<div class=\"wp-block-media-text alignwide has-media-on-the-right\" style=\"grid-template-columns:auto 48%\"><figure class=\"wp-block-media-text__media\"><img decoding=\"async\" width=\"630\" height=\"412\" src=\"https:\/\/lamaletadelili.com\/wp-content\/uploads\/2020\/02\/Espai-Efi\u0301mer-5-1.jpg\" alt=\"\" class=\"wp-image-8934\" srcset=\"https:\/\/lamaletadelili.com\/wp-content\/uploads\/2020\/02\/Espai-Efi\u0301mer-5-1.jpg 630w, https:\/\/lamaletadelili.com\/wp-content\/uploads\/2020\/02\/Espai-Efi\u0301mer-5-1-329x215.jpg 329w\" sizes=\"(max-width: 630px) 100vw, 630px\" \/><\/figure><div class=\"wp-block-media-text__content\">\n<p class=\"has-normal-font-size\">Fins i tot va venir la petita Mar\u00eda de dos mesos molt b\u00e9 arropada pels bra\u00e7os de la seva mare que escoltaba amb els seis ulls ben oberts la hist\u00f2ria d&#8217;un llop no tan dolent.   <\/p>\n<\/div><\/div>\n\n\n\n<p><\/p>\n\n\n\n<p>Cap l&#8217;una fam\u00edlies i infants van marxat deixant els llibres, les capses i l&#8217;espai tal i com l&#8217;havien trobat.<\/p>\n\n\n\n<p>Jo, no volia recollir!!, preferia deixar-ho muntat per saber qu\u00e8 passaria dilluns quan altres nens, nenes i famil\u00edes es trobessin una zona de la Sala Infantil totalment diferent.<\/p>\n\n\n\n<p><\/p>\n","protected":false},"excerpt":{"rendered":"<p>El passat dissabte, a la Sala Infantil, un grup de fam\u00edlies van ser les primeres en descobrir el primer &#8220;L&#8217;Espai Ef\u00edmer Literari&#8221; en la Biblioteca Mestre Mart\u00ed Tauler.<\/p>\n","protected":false},"author":2,"featured_media":8938,"comment_status":"open","ping_status":"open","sticky":false,"template":"","format":"standard","meta":{"_uag_custom_page_level_css":"","site-sidebar-layout":"default","site-content-layout":"","ast-site-content-layout":"default","site-content-style":"default","site-sidebar-style":"default","ast-global-header-display":"","ast-banner-title-visibility":"","ast-main-header-display":"","ast-hfb-above-header-display":"","ast-hfb-below-header-display":"","ast-hfb-mobile-header-display":"","site-post-title":"","ast-breadcrumbs-content":"","ast-featured-img":"","footer-sml-layout":"","ast-disable-related-posts":"","theme-transparent-header-meta":"","adv-header-id-meta":"","stick-header-meta":"","header-above-stick-meta":"","header-main-stick-meta":"","header-below-stick-meta":"","astra-migrate-meta-layouts":"default","ast-page-background-enabled":"default","ast-page-background-meta":{"desktop":{"background-color":"var(--ast-global-color-4)","background-image":"","background-repeat":"repeat","background-position":"center center","background-size":"auto","background-attachment":"scroll","background-type":"","background-media":"","overlay-type":"","overlay-color":"","overlay-opacity":"","overlay-gradient":""},"tablet":{"background-color":"","background-image":"","background-repeat":"repeat","background-position":"center center","background-size":"auto","background-attachment":"scroll","background-type":"","background-media":"","overlay-type":"","overlay-color":"","overlay-opacity":"","overlay-gradient":""},"mobile":{"background-color":"","background-image":"","background-repeat":"repeat","background-position":"center center","background-size":"auto","background-attachment":"scroll","background-type":"","background-media":"","overlay-type":"","overlay-color":"","overlay-opacity":"","overlay-gradient":""}},"ast-content-background-meta":{"desktop":{"background-color":"var(--ast-global-color-5)","background-image":"","background-repeat":"repeat","background-position":"center center","background-size":"auto","background-attachment":"scroll","background-type":"","background-media":"","overlay-type":"","overlay-color":"","overlay-opacity":"","overlay-gradient":""},"tablet":{"background-color":"var(--ast-global-color-5)","background-image":"","background-repeat":"repeat","background-position":"center center","background-size":"auto","background-attachment":"scroll","background-type":"","background-media":"","overlay-type":"","overlay-color":"","overlay-opacity":"","overlay-gradient":""},"mobile":{"background-color":"var(--ast-global-color-5)","background-image":"","background-repeat":"repeat","background-position":"center center","background-size":"auto","background-attachment":"scroll","background-type":"","background-media":"","overlay-type":"","overlay-color":"","overlay-opacity":"","overlay-gradient":""}},"footnotes":""},"categories":[527],"tags":[353,550],"class_list":["post-8892","post","type-post","status-publish","format-standard","has-post-thumbnail","hentry","category-activitats-realitzades","tag-biblioteca-mestre-marti-tauler","tag-espais-efimers-literaris"],"yoast_head":"<!-- This site is optimized with the Yoast SEO plugin v27.4 - https:\/\/yoast.com\/product\/yoast-seo-wordpress\/ -->\n<title>El primer Espai Ef\u00edmer Literari - La maleta de Lili<\/title>\n<meta name=\"robots\" content=\"index, follow, max-snippet:-1, max-image-preview:large, max-video-preview:-1\" \/>\n<link rel=\"canonical\" href=\"https:\/\/lamaletadelili.com\/ca\/activitats-realitzades\/el-primer-espai-efimer-literari\/\" \/>\n<meta property=\"og:locale\" content=\"ca_ES\" \/>\n<meta property=\"og:type\" content=\"article\" \/>\n<meta property=\"og:title\" content=\"El primer Espai Ef\u00edmer Literari - La maleta de Lili\" \/>\n<meta property=\"og:description\" content=\"El passat dissabte, a la Sala Infantil, un grup de fam\u00edlies van ser les primeres en descobrir el primer &quot;L&#039;Espai Ef\u00edmer Literari&quot; en la Biblioteca Mestre Mart\u00ed Tauler.\" \/>\n<meta property=\"og:url\" content=\"https:\/\/lamaletadelili.com\/ca\/activitats-realitzades\/el-primer-espai-efimer-literari\/\" \/>\n<meta property=\"og:site_name\" content=\"La maleta de Lili\" \/>\n<meta property=\"article:published_time\" content=\"2020-02-11T19:30:22+00:00\" \/>\n<meta property=\"article:modified_time\" content=\"2020-02-18T11:35:36+00:00\" \/>\n<meta property=\"og:image\" content=\"https:\/\/lamaletadelili.com\/wp-content\/uploads\/2020\/02\/Espai-Efi\u0301mer-portada.png\" \/>\n\t<meta property=\"og:image:width\" content=\"800\" \/>\n\t<meta property=\"og:image:height\" content=\"450\" \/>\n\t<meta property=\"og:image:type\" content=\"image\/png\" \/>\n<meta name=\"author\" content=\"Lili\" \/>\n<meta name=\"twitter:card\" content=\"summary_large_image\" \/>\n<meta name=\"twitter:label1\" content=\"Escrit per\" \/>\n\t<meta name=\"twitter:data1\" content=\"Lili\" \/>\n\t<meta name=\"twitter:label2\" content=\"Temps estimat de lectura\" \/>\n\t<meta name=\"twitter:data2\" content=\"1 minut\" \/>\n<script type=\"application\/ld+json\" class=\"yoast-schema-graph\">{\"@context\":\"https:\\\/\\\/schema.org\",\"@graph\":[{\"@type\":\"Article\",\"@id\":\"https:\\\/\\\/lamaletadelili.com\\\/ca\\\/activitats-realitzades\\\/el-primer-espai-efimer-literari\\\/#article\",\"isPartOf\":{\"@id\":\"https:\\\/\\\/lamaletadelili.com\\\/ca\\\/activitats-realitzades\\\/el-primer-espai-efimer-literari\\\/\"},\"author\":{\"name\":\"Lili\",\"@id\":\"https:\\\/\\\/lamaletadelili.com\\\/#\\\/schema\\\/person\\\/0b369bfb34abc5b05dad849dd46e7216\"},\"headline\":\"El primer Espai Ef\u00edmer Literari\",\"datePublished\":\"2020-02-11T19:30:22+00:00\",\"dateModified\":\"2020-02-18T11:35:36+00:00\",\"mainEntityOfPage\":{\"@id\":\"https:\\\/\\\/lamaletadelili.com\\\/ca\\\/activitats-realitzades\\\/el-primer-espai-efimer-literari\\\/\"},\"wordCount\":237,\"commentCount\":0,\"publisher\":{\"@id\":\"https:\\\/\\\/lamaletadelili.com\\\/#organization\"},\"image\":{\"@id\":\"https:\\\/\\\/lamaletadelili.com\\\/ca\\\/activitats-realitzades\\\/el-primer-espai-efimer-literari\\\/#primaryimage\"},\"thumbnailUrl\":\"https:\\\/\\\/lamaletadelili.com\\\/wp-content\\\/uploads\\\/2020\\\/02\\\/Espai-Efi\u0301mer-portada.png\",\"keywords\":[\"Biblioteca Mestre Mart\u00ed Tauler\",\"Espais Ef\u00edmers Literaris\"],\"articleSection\":[\"Activitats realitzades\"],\"inLanguage\":\"ca\",\"potentialAction\":[{\"@type\":\"CommentAction\",\"name\":\"Comment\",\"target\":[\"https:\\\/\\\/lamaletadelili.com\\\/ca\\\/activitats-realitzades\\\/el-primer-espai-efimer-literari\\\/#respond\"]}]},{\"@type\":\"WebPage\",\"@id\":\"https:\\\/\\\/lamaletadelili.com\\\/ca\\\/activitats-realitzades\\\/el-primer-espai-efimer-literari\\\/\",\"url\":\"https:\\\/\\\/lamaletadelili.com\\\/ca\\\/activitats-realitzades\\\/el-primer-espai-efimer-literari\\\/\",\"name\":\"El primer Espai Ef\u00edmer Literari - La maleta de Lili\",\"isPartOf\":{\"@id\":\"https:\\\/\\\/lamaletadelili.com\\\/#website\"},\"primaryImageOfPage\":{\"@id\":\"https:\\\/\\\/lamaletadelili.com\\\/ca\\\/activitats-realitzades\\\/el-primer-espai-efimer-literari\\\/#primaryimage\"},\"image\":{\"@id\":\"https:\\\/\\\/lamaletadelili.com\\\/ca\\\/activitats-realitzades\\\/el-primer-espai-efimer-literari\\\/#primaryimage\"},\"thumbnailUrl\":\"https:\\\/\\\/lamaletadelili.com\\\/wp-content\\\/uploads\\\/2020\\\/02\\\/Espai-Efi\u0301mer-portada.png\",\"datePublished\":\"2020-02-11T19:30:22+00:00\",\"dateModified\":\"2020-02-18T11:35:36+00:00\",\"breadcrumb\":{\"@id\":\"https:\\\/\\\/lamaletadelili.com\\\/ca\\\/activitats-realitzades\\\/el-primer-espai-efimer-literari\\\/#breadcrumb\"},\"inLanguage\":\"ca\",\"potentialAction\":[{\"@type\":\"ReadAction\",\"target\":[\"https:\\\/\\\/lamaletadelili.com\\\/ca\\\/activitats-realitzades\\\/el-primer-espai-efimer-literari\\\/\"]}]},{\"@type\":\"ImageObject\",\"inLanguage\":\"ca\",\"@id\":\"https:\\\/\\\/lamaletadelili.com\\\/ca\\\/activitats-realitzades\\\/el-primer-espai-efimer-literari\\\/#primaryimage\",\"url\":\"https:\\\/\\\/lamaletadelili.com\\\/wp-content\\\/uploads\\\/2020\\\/02\\\/Espai-Efi\u0301mer-portada.png\",\"contentUrl\":\"https:\\\/\\\/lamaletadelili.com\\\/wp-content\\\/uploads\\\/2020\\\/02\\\/Espai-Efi\u0301mer-portada.png\",\"width\":800,\"height\":450,\"caption\":\"Espai Ef\u00edmer Literari\"},{\"@type\":\"BreadcrumbList\",\"@id\":\"https:\\\/\\\/lamaletadelili.com\\\/ca\\\/activitats-realitzades\\\/el-primer-espai-efimer-literari\\\/#breadcrumb\",\"itemListElement\":[{\"@type\":\"ListItem\",\"position\":1,\"name\":\"Portada\",\"item\":\"https:\\\/\\\/lamaletadelili.com\\\/ca\\\/\"},{\"@type\":\"ListItem\",\"position\":2,\"name\":\"El primer Espai Ef\u00edmer Literari\"}]},{\"@type\":\"WebSite\",\"@id\":\"https:\\\/\\\/lamaletadelili.com\\\/#website\",\"url\":\"https:\\\/\\\/lamaletadelili.com\\\/\",\"name\":\"La maleta de Lili\",\"description\":\"Cuenta cuentos\",\"publisher\":{\"@id\":\"https:\\\/\\\/lamaletadelili.com\\\/#organization\"},\"potentialAction\":[{\"@type\":\"SearchAction\",\"target\":{\"@type\":\"EntryPoint\",\"urlTemplate\":\"https:\\\/\\\/lamaletadelili.com\\\/?s={search_term_string}\"},\"query-input\":{\"@type\":\"PropertyValueSpecification\",\"valueRequired\":true,\"valueName\":\"search_term_string\"}}],\"inLanguage\":\"ca\"},{\"@type\":\"Organization\",\"@id\":\"https:\\\/\\\/lamaletadelili.com\\\/#organization\",\"name\":\"La maleta de Lili\",\"url\":\"https:\\\/\\\/lamaletadelili.com\\\/\",\"logo\":{\"@type\":\"ImageObject\",\"inLanguage\":\"ca\",\"@id\":\"https:\\\/\\\/lamaletadelili.com\\\/#\\\/schema\\\/logo\\\/image\\\/\",\"url\":\"https:\\\/\\\/lamaletadelili.com\\\/wp-content\\\/uploads\\\/2019\\\/07\\\/LOGO-La-maleta-de-Lili-catalan.png\",\"contentUrl\":\"https:\\\/\\\/lamaletadelili.com\\\/wp-content\\\/uploads\\\/2019\\\/07\\\/LOGO-La-maleta-de-Lili-catalan.png\",\"width\":450,\"height\":177,\"caption\":\"La maleta de Lili\"},\"image\":{\"@id\":\"https:\\\/\\\/lamaletadelili.com\\\/#\\\/schema\\\/logo\\\/image\\\/\"}},{\"@type\":\"Person\",\"@id\":\"https:\\\/\\\/lamaletadelili.com\\\/#\\\/schema\\\/person\\\/0b369bfb34abc5b05dad849dd46e7216\",\"name\":\"Lili\",\"image\":{\"@type\":\"ImageObject\",\"inLanguage\":\"ca\",\"@id\":\"https:\\\/\\\/lamaletadelili.com\\\/wp-content\\\/litespeed\\\/avatar\\\/76b539669a3dc81823ce0f8f87bd4577.jpg?ver=1777588790\",\"url\":\"https:\\\/\\\/lamaletadelili.com\\\/wp-content\\\/litespeed\\\/avatar\\\/76b539669a3dc81823ce0f8f87bd4577.jpg?ver=1777588790\",\"contentUrl\":\"https:\\\/\\\/lamaletadelili.com\\\/wp-content\\\/litespeed\\\/avatar\\\/76b539669a3dc81823ce0f8f87bd4577.jpg?ver=1777588790\",\"caption\":\"Lili\"},\"description\":\"Proyecto de animaci\u00f3n a la lectura dirigido a potenciar la literatura infantil desde las primeras edades.\",\"sameAs\":[\"https:\\\/\\\/lamaletadelili.com\"],\"url\":\"https:\\\/\\\/lamaletadelili.com\\\/ca\\\/author\\\/lili\\\/\"}]}<\/script>\n<!-- \/ Yoast SEO plugin. -->","yoast_head_json":{"title":"El primer Espai Ef\u00edmer Literari - La maleta de Lili","robots":{"index":"index","follow":"follow","max-snippet":"max-snippet:-1","max-image-preview":"max-image-preview:large","max-video-preview":"max-video-preview:-1"},"canonical":"https:\/\/lamaletadelili.com\/ca\/activitats-realitzades\/el-primer-espai-efimer-literari\/","og_locale":"ca_ES","og_type":"article","og_title":"El primer Espai Ef\u00edmer Literari - La maleta de Lili","og_description":"El passat dissabte, a la Sala Infantil, un grup de fam\u00edlies van ser les primeres en descobrir el primer \"L'Espai Ef\u00edmer Literari\" en la Biblioteca Mestre Mart\u00ed Tauler.","og_url":"https:\/\/lamaletadelili.com\/ca\/activitats-realitzades\/el-primer-espai-efimer-literari\/","og_site_name":"La maleta de Lili","article_published_time":"2020-02-11T19:30:22+00:00","article_modified_time":"2020-02-18T11:35:36+00:00","og_image":[{"width":800,"height":450,"url":"https:\/\/lamaletadelili.com\/wp-content\/uploads\/2020\/02\/Espai-Efi\u0301mer-portada.png","type":"image\/png"}],"author":"Lili","twitter_card":"summary_large_image","twitter_misc":{"Escrit per":"Lili","Temps estimat de lectura":"1 minut"},"schema":{"@context":"https:\/\/schema.org","@graph":[{"@type":"Article","@id":"https:\/\/lamaletadelili.com\/ca\/activitats-realitzades\/el-primer-espai-efimer-literari\/#article","isPartOf":{"@id":"https:\/\/lamaletadelili.com\/ca\/activitats-realitzades\/el-primer-espai-efimer-literari\/"},"author":{"name":"Lili","@id":"https:\/\/lamaletadelili.com\/#\/schema\/person\/0b369bfb34abc5b05dad849dd46e7216"},"headline":"El primer Espai Ef\u00edmer Literari","datePublished":"2020-02-11T19:30:22+00:00","dateModified":"2020-02-18T11:35:36+00:00","mainEntityOfPage":{"@id":"https:\/\/lamaletadelili.com\/ca\/activitats-realitzades\/el-primer-espai-efimer-literari\/"},"wordCount":237,"commentCount":0,"publisher":{"@id":"https:\/\/lamaletadelili.com\/#organization"},"image":{"@id":"https:\/\/lamaletadelili.com\/ca\/activitats-realitzades\/el-primer-espai-efimer-literari\/#primaryimage"},"thumbnailUrl":"https:\/\/lamaletadelili.com\/wp-content\/uploads\/2020\/02\/Espai-Efi\u0301mer-portada.png","keywords":["Biblioteca Mestre Mart\u00ed Tauler","Espais Ef\u00edmers Literaris"],"articleSection":["Activitats realitzades"],"inLanguage":"ca","potentialAction":[{"@type":"CommentAction","name":"Comment","target":["https:\/\/lamaletadelili.com\/ca\/activitats-realitzades\/el-primer-espai-efimer-literari\/#respond"]}]},{"@type":"WebPage","@id":"https:\/\/lamaletadelili.com\/ca\/activitats-realitzades\/el-primer-espai-efimer-literari\/","url":"https:\/\/lamaletadelili.com\/ca\/activitats-realitzades\/el-primer-espai-efimer-literari\/","name":"El primer Espai Ef\u00edmer Literari - La maleta de Lili","isPartOf":{"@id":"https:\/\/lamaletadelili.com\/#website"},"primaryImageOfPage":{"@id":"https:\/\/lamaletadelili.com\/ca\/activitats-realitzades\/el-primer-espai-efimer-literari\/#primaryimage"},"image":{"@id":"https:\/\/lamaletadelili.com\/ca\/activitats-realitzades\/el-primer-espai-efimer-literari\/#primaryimage"},"thumbnailUrl":"https:\/\/lamaletadelili.com\/wp-content\/uploads\/2020\/02\/Espai-Efi\u0301mer-portada.png","datePublished":"2020-02-11T19:30:22+00:00","dateModified":"2020-02-18T11:35:36+00:00","breadcrumb":{"@id":"https:\/\/lamaletadelili.com\/ca\/activitats-realitzades\/el-primer-espai-efimer-literari\/#breadcrumb"},"inLanguage":"ca","potentialAction":[{"@type":"ReadAction","target":["https:\/\/lamaletadelili.com\/ca\/activitats-realitzades\/el-primer-espai-efimer-literari\/"]}]},{"@type":"ImageObject","inLanguage":"ca","@id":"https:\/\/lamaletadelili.com\/ca\/activitats-realitzades\/el-primer-espai-efimer-literari\/#primaryimage","url":"https:\/\/lamaletadelili.com\/wp-content\/uploads\/2020\/02\/Espai-Efi\u0301mer-portada.png","contentUrl":"https:\/\/lamaletadelili.com\/wp-content\/uploads\/2020\/02\/Espai-Efi\u0301mer-portada.png","width":800,"height":450,"caption":"Espai Ef\u00edmer Literari"},{"@type":"BreadcrumbList","@id":"https:\/\/lamaletadelili.com\/ca\/activitats-realitzades\/el-primer-espai-efimer-literari\/#breadcrumb","itemListElement":[{"@type":"ListItem","position":1,"name":"Portada","item":"https:\/\/lamaletadelili.com\/ca\/"},{"@type":"ListItem","position":2,"name":"El primer Espai Ef\u00edmer Literari"}]},{"@type":"WebSite","@id":"https:\/\/lamaletadelili.com\/#website","url":"https:\/\/lamaletadelili.com\/","name":"La maleta de Lili","description":"Cuenta cuentos","publisher":{"@id":"https:\/\/lamaletadelili.com\/#organization"},"potentialAction":[{"@type":"SearchAction","target":{"@type":"EntryPoint","urlTemplate":"https:\/\/lamaletadelili.com\/?s={search_term_string}"},"query-input":{"@type":"PropertyValueSpecification","valueRequired":true,"valueName":"search_term_string"}}],"inLanguage":"ca"},{"@type":"Organization","@id":"https:\/\/lamaletadelili.com\/#organization","name":"La maleta de Lili","url":"https:\/\/lamaletadelili.com\/","logo":{"@type":"ImageObject","inLanguage":"ca","@id":"https:\/\/lamaletadelili.com\/#\/schema\/logo\/image\/","url":"https:\/\/lamaletadelili.com\/wp-content\/uploads\/2019\/07\/LOGO-La-maleta-de-Lili-catalan.png","contentUrl":"https:\/\/lamaletadelili.com\/wp-content\/uploads\/2019\/07\/LOGO-La-maleta-de-Lili-catalan.png","width":450,"height":177,"caption":"La maleta de Lili"},"image":{"@id":"https:\/\/lamaletadelili.com\/#\/schema\/logo\/image\/"}},{"@type":"Person","@id":"https:\/\/lamaletadelili.com\/#\/schema\/person\/0b369bfb34abc5b05dad849dd46e7216","name":"Lili","image":{"@type":"ImageObject","inLanguage":"ca","@id":"https:\/\/lamaletadelili.com\/wp-content\/litespeed\/avatar\/76b539669a3dc81823ce0f8f87bd4577.jpg?ver=1777588790","url":"https:\/\/lamaletadelili.com\/wp-content\/litespeed\/avatar\/76b539669a3dc81823ce0f8f87bd4577.jpg?ver=1777588790","contentUrl":"https:\/\/lamaletadelili.com\/wp-content\/litespeed\/avatar\/76b539669a3dc81823ce0f8f87bd4577.jpg?ver=1777588790","caption":"Lili"},"description":"Proyecto de animaci\u00f3n a la lectura dirigido a potenciar la literatura infantil desde las primeras edades.","sameAs":["https:\/\/lamaletadelili.com"],"url":"https:\/\/lamaletadelili.com\/ca\/author\/lili\/"}]}},"uagb_featured_image_src":{"full":["https:\/\/lamaletadelili.com\/wp-content\/uploads\/2020\/02\/Espai-Efi\u0301mer-portada.png",800,450,false],"thumbnail":["https:\/\/lamaletadelili.com\/wp-content\/uploads\/2020\/02\/Espai-Efi\u0301mer-portada-150x150.png",150,150,true],"medium":["https:\/\/lamaletadelili.com\/wp-content\/uploads\/2020\/02\/Espai-Efi\u0301mer-portada-380x215.png",380,215,true],"medium_large":["https:\/\/lamaletadelili.com\/wp-content\/uploads\/2020\/02\/Espai-Efi\u0301mer-portada-768x432.png",768,432,true],"large":["https:\/\/lamaletadelili.com\/wp-content\/uploads\/2020\/02\/Espai-Efi\u0301mer-portada.png",800,450,false],"1536x1536":["https:\/\/lamaletadelili.com\/wp-content\/uploads\/2020\/02\/Espai-Efi\u0301mer-portada.png",800,450,false],"2048x2048":["https:\/\/lamaletadelili.com\/wp-content\/uploads\/2020\/02\/Espai-Efi\u0301mer-portada.png",800,450,false]},"uagb_author_info":{"display_name":"Lili","author_link":"https:\/\/lamaletadelili.com\/ca\/author\/lili\/"},"uagb_comment_info":0,"uagb_excerpt":"El passat dissabte, a la Sala Infantil, un grup de fam\u00edlies van ser les primeres en descobrir el primer \"L'Espai Ef\u00edmer Literari\" en la Biblioteca Mestre Mart\u00ed Tauler.","_links":{"self":[{"href":"https:\/\/lamaletadelili.com\/ca\/wp-json\/wp\/v2\/posts\/8892","targetHints":{"allow":["GET"]}}],"collection":[{"href":"https:\/\/lamaletadelili.com\/ca\/wp-json\/wp\/v2\/posts"}],"about":[{"href":"https:\/\/lamaletadelili.com\/ca\/wp-json\/wp\/v2\/types\/post"}],"author":[{"embeddable":true,"href":"https:\/\/lamaletadelili.com\/ca\/wp-json\/wp\/v2\/users\/2"}],"replies":[{"embeddable":true,"href":"https:\/\/lamaletadelili.com\/ca\/wp-json\/wp\/v2\/comments?post=8892"}],"version-history":[{"count":0,"href":"https:\/\/lamaletadelili.com\/ca\/wp-json\/wp\/v2\/posts\/8892\/revisions"}],"wp:featuredmedia":[{"embeddable":true,"href":"https:\/\/lamaletadelili.com\/ca\/wp-json\/wp\/v2\/media\/8938"}],"wp:attachment":[{"href":"https:\/\/lamaletadelili.com\/ca\/wp-json\/wp\/v2\/media?parent=8892"}],"wp:term":[{"taxonomy":"category","embeddable":true,"href":"https:\/\/lamaletadelili.com\/ca\/wp-json\/wp\/v2\/categories?post=8892"},{"taxonomy":"post_tag","embeddable":true,"href":"https:\/\/lamaletadelili.com\/ca\/wp-json\/wp\/v2\/tags?post=8892"}],"curies":[{"name":"wp","href":"https:\/\/api.w.org\/{rel}","templated":true}]}}