{"id":8860,"date":"2020-02-09T08:54:12","date_gmt":"2020-02-09T07:54:12","guid":{"rendered":"https:\/\/lamaletadelili.com\/?p=8860"},"modified":"2020-02-21T19:55:03","modified_gmt":"2020-02-21T18:55:03","slug":"contes-per-menuts-festejan-laniversari-de-la-biblioteca-mestre-marti-tauler","status":"publish","type":"post","link":"https:\/\/lamaletadelili.com\/ca\/activitats-realitzades\/contes-per-menuts-festejan-laniversari-de-la-biblioteca-mestre-marti-tauler\/","title":{"rendered":"Contes per Menuts festejan l&#8217;aniversari de la Biblioteca Mestre Mart\u00ed Tauler"},"content":{"rendered":"\n<p>Aquest any 2020 la <strong><a href=\"https:\/\/www.facebook.com\/bibliotecaMMT\/\" target=\"_blank\" aria-label=\"Biblioteca Mestre Mart\u00ed Tauler  (opens in a new tab)\" rel=\"noreferrer noopener\" class=\"ek-link\">Biblioteca Mestre Mart\u00ed Tauler <\/a><\/strong>fa 10 anys!!. <\/p>\n\n\n\n<p>Per celebrar-ho tot el seu equip han programat diferents propostes i jo volia fer-li una festa d&#8217;aniversari molt especial!!<\/p>\n\n\n\n<p>Primer de tot, vaig pensar i comprar en tot all\u00f2 que necessitava:<\/p>\n\n\n\n<ul class=\"is-style-checked wp-block-list\"><li>Globus de colors.<\/li><li>Estovalles maques per la taula.<\/li><li>Llibres sobre pastissos i personatges que conviuen dins d&#8217;una Biblioteca.<\/li><\/ul>\n\n\n\n<p>De seguida que vaig arribar a la <em>Sala Infantil <\/em>la vaig decorar amb els globus, i posant al mig una taula amb estovalles de festives i amb un past\u00ed molt gran fet de CONTES!!<\/p>\n\n\n\n<figure class=\"wp-block-image size-large\"><img decoding=\"async\" width=\"800\" height=\"450\" src=\"https:\/\/lamaletadelili.com\/wp-content\/uploads\/2020\/02\/Per-molts-anys-2.jpg\" alt=\"\" class=\"wp-image-8882\" srcset=\"https:\/\/lamaletadelili.com\/wp-content\/uploads\/2020\/02\/Per-molts-anys-2.jpg 800w, https:\/\/lamaletadelili.com\/wp-content\/uploads\/2020\/02\/Per-molts-anys-2-380x215.jpg 380w, https:\/\/lamaletadelili.com\/wp-content\/uploads\/2020\/02\/Per-molts-anys-2-768x432.jpg 768w\" sizes=\"(max-width: 800px) 100vw, 800px\" \/><\/figure>\n\n\n\n<p>I, de sobte petits infants i adults entraven seient al voltant del past\u00eds, mirant-se&#8217;l amb ganes de fer una mossegada dol\u00e7a i tendre. <\/p>\n\n\n\n<p>Com podeu imaginar-vos jo no em podia perdre aquesta festa, aix\u00ed que vaig decidir sortir de la meva maleta i seure molt, molt a prop d&#8217;aquesta taula per si algun infant em don\u00e9s un trosset de past\u00eds.<\/p>\n\n\n\n<p>El primer tros de past\u00eds va ser petit per\u00f2 molt tendre, portava un llop que tamb\u00e9 havia decidit visitar la casa d&#8217;uns amics que l&#8217;havien preparat una festa d&#8217;aniversari sorpresa, doncs el llop feia anys!!<\/p>\n\n\n\n<p>Hi havia, tamb\u00e9, un tros de past\u00eds que estava AMUNT, molt AMUNT&#8230;. &#8220;El past\u00eds \u00e9s amunt&#8221; va ser compartit amb els infants doncs tamb\u00e9 van voler repetir els moviments, de la m\u00e0 de l&#8217;\u00c1ngeles, que pujava molt AMUNT, o que baixava afins el terra ABAIX: on eren els animals.<\/p>\n\n\n\n<p>I, per \u00faltim van ballar i cantar tots plegats!!<\/p>\n\n\n\n<figure class=\"wp-block-embed-youtube wp-block-embed is-type-video is-provider-youtube wp-embed-aspect-4-3 wp-has-aspect-ratio\"><div class=\"wp-block-embed__wrapper\">\n<iframe loading=\"lazy\" title=\"Anys i anys... per molts anys!\" width=\"500\" height=\"375\" src=\"https:\/\/www.youtube.com\/embed\/VyMLSJwehyI?feature=oembed\" frameborder=\"0\" allow=\"accelerometer; autoplay; clipboard-write; encrypted-media; gyroscope; picture-in-picture; web-share\" referrerpolicy=\"strict-origin-when-cross-origin\" allowfullscreen><\/iframe>\n<\/div><\/figure>\n\n\n\n<p>Tot i que aquesta festa va finalitzar, s\u00e9 que la Biblioteca t\u00e9 m\u00e9s sorpreses preparades i ja en tinc ganes d&#8217;assistir a alguna d&#8217;elles. I, vosaltres?<\/p>\n","protected":false},"excerpt":{"rendered":"<p>Una festa d&#8217;aniversari molt especial amb un past\u00eds de LLIBRES  per festejar l&#8217;aniversari de la Biblioteca.<\/p>\n<p>Globus i estovalles de festa! conviden als infants a fer mossegades de contes.<\/p>\n","protected":false},"author":2,"featured_media":8880,"comment_status":"open","ping_status":"open","sticky":false,"template":"","format":"standard","meta":{"_uag_custom_page_level_css":"","site-sidebar-layout":"default","site-content-layout":"","ast-site-content-layout":"default","site-content-style":"default","site-sidebar-style":"default","ast-global-header-display":"","ast-banner-title-visibility":"","ast-main-header-display":"","ast-hfb-above-header-display":"","ast-hfb-below-header-display":"","ast-hfb-mobile-header-display":"","site-post-title":"","ast-breadcrumbs-content":"","ast-featured-img":"","footer-sml-layout":"","ast-disable-related-posts":"","theme-transparent-header-meta":"","adv-header-id-meta":"","stick-header-meta":"","header-above-stick-meta":"","header-main-stick-meta":"","header-below-stick-meta":"","astra-migrate-meta-layouts":"default","ast-page-background-enabled":"default","ast-page-background-meta":{"desktop":{"background-color":"var(--ast-global-color-4)","background-image":"","background-repeat":"repeat","background-position":"center center","background-size":"auto","background-attachment":"scroll","background-type":"","background-media":"","overlay-type":"","overlay-color":"","overlay-opacity":"","overlay-gradient":""},"tablet":{"background-color":"","background-image":"","background-repeat":"repeat","background-position":"center center","background-size":"auto","background-attachment":"scroll","background-type":"","background-media":"","overlay-type":"","overlay-color":"","overlay-opacity":"","overlay-gradient":""},"mobile":{"background-color":"","background-image":"","background-repeat":"repeat","background-position":"center center","background-size":"auto","background-attachment":"scroll","background-type":"","background-media":"","overlay-type":"","overlay-color":"","overlay-opacity":"","overlay-gradient":""}},"ast-content-background-meta":{"desktop":{"background-color":"var(--ast-global-color-5)","background-image":"","background-repeat":"repeat","background-position":"center center","background-size":"auto","background-attachment":"scroll","background-type":"","background-media":"","overlay-type":"","overlay-color":"","overlay-opacity":"","overlay-gradient":""},"tablet":{"background-color":"var(--ast-global-color-5)","background-image":"","background-repeat":"repeat","background-position":"center center","background-size":"auto","background-attachment":"scroll","background-type":"","background-media":"","overlay-type":"","overlay-color":"","overlay-opacity":"","overlay-gradient":""},"mobile":{"background-color":"var(--ast-global-color-5)","background-image":"","background-repeat":"repeat","background-position":"center center","background-size":"auto","background-attachment":"scroll","background-type":"","background-media":"","overlay-type":"","overlay-color":"","overlay-opacity":"","overlay-gradient":""}},"footnotes":""},"categories":[527],"tags":[353,552],"class_list":["post-8860","post","type-post","status-publish","format-standard","has-post-thumbnail","hentry","category-activitats-realitzades","tag-biblioteca-mestre-marti-tauler","tag-contes-per-menuts"],"yoast_head":"<!-- This site is optimized with the Yoast SEO plugin v27.4 - https:\/\/yoast.com\/product\/yoast-seo-wordpress\/ -->\n<title>Contes per Menuts festejan l&#039;aniversari de la Biblioteca Mestre Mart\u00ed Tauler - La maleta de Lili<\/title>\n<meta name=\"robots\" content=\"index, follow, max-snippet:-1, max-image-preview:large, max-video-preview:-1\" \/>\n<link rel=\"canonical\" href=\"https:\/\/lamaletadelili.com\/ca\/activitats-realitzades\/contes-per-menuts-festejan-laniversari-de-la-biblioteca-mestre-marti-tauler\/\" \/>\n<meta property=\"og:locale\" content=\"ca_ES\" \/>\n<meta property=\"og:type\" content=\"article\" \/>\n<meta property=\"og:title\" content=\"Contes per Menuts festejan l&#039;aniversari de la Biblioteca Mestre Mart\u00ed Tauler - La maleta de Lili\" \/>\n<meta property=\"og:description\" content=\"Una festa d&#039;aniversari molt especial amb un past\u00eds de LLIBRES per festejar l&#039;aniversari de la Biblioteca. Globus i estovalles de festa! conviden als infants a fer mossegades de contes.\" \/>\n<meta property=\"og:url\" content=\"https:\/\/lamaletadelili.com\/ca\/activitats-realitzades\/contes-per-menuts-festejan-laniversari-de-la-biblioteca-mestre-marti-tauler\/\" \/>\n<meta property=\"og:site_name\" content=\"La maleta de Lili\" \/>\n<meta property=\"article:published_time\" content=\"2020-02-09T07:54:12+00:00\" \/>\n<meta property=\"article:modified_time\" content=\"2020-02-21T18:55:03+00:00\" \/>\n<meta property=\"og:image\" content=\"https:\/\/lamaletadelili.com\/wp-content\/uploads\/2020\/02\/Per-molts-anys.jpg\" \/>\n\t<meta property=\"og:image:width\" content=\"800\" \/>\n\t<meta property=\"og:image:height\" content=\"450\" \/>\n\t<meta property=\"og:image:type\" content=\"image\/jpeg\" \/>\n<meta name=\"author\" content=\"Lili\" \/>\n<meta name=\"twitter:card\" content=\"summary_large_image\" \/>\n<meta name=\"twitter:label1\" content=\"Escrit per\" \/>\n\t<meta name=\"twitter:data1\" content=\"Lili\" \/>\n\t<meta name=\"twitter:label2\" content=\"Temps estimat de lectura\" \/>\n\t<meta name=\"twitter:data2\" content=\"1 minut\" \/>\n<script type=\"application\/ld+json\" class=\"yoast-schema-graph\">{\"@context\":\"https:\\\/\\\/schema.org\",\"@graph\":[{\"@type\":\"Article\",\"@id\":\"https:\\\/\\\/lamaletadelili.com\\\/ca\\\/activitats-realitzades\\\/contes-per-menuts-festejan-laniversari-de-la-biblioteca-mestre-marti-tauler\\\/#article\",\"isPartOf\":{\"@id\":\"https:\\\/\\\/lamaletadelili.com\\\/ca\\\/activitats-realitzades\\\/contes-per-menuts-festejan-laniversari-de-la-biblioteca-mestre-marti-tauler\\\/\"},\"author\":{\"name\":\"Lili\",\"@id\":\"https:\\\/\\\/lamaletadelili.com\\\/#\\\/schema\\\/person\\\/0b369bfb34abc5b05dad849dd46e7216\"},\"headline\":\"Contes per Menuts festejan l&#8217;aniversari de la Biblioteca Mestre Mart\u00ed Tauler\",\"datePublished\":\"2020-02-09T07:54:12+00:00\",\"dateModified\":\"2020-02-21T18:55:03+00:00\",\"mainEntityOfPage\":{\"@id\":\"https:\\\/\\\/lamaletadelili.com\\\/ca\\\/activitats-realitzades\\\/contes-per-menuts-festejan-laniversari-de-la-biblioteca-mestre-marti-tauler\\\/\"},\"wordCount\":308,\"commentCount\":0,\"publisher\":{\"@id\":\"https:\\\/\\\/lamaletadelili.com\\\/#organization\"},\"image\":{\"@id\":\"https:\\\/\\\/lamaletadelili.com\\\/ca\\\/activitats-realitzades\\\/contes-per-menuts-festejan-laniversari-de-la-biblioteca-mestre-marti-tauler\\\/#primaryimage\"},\"thumbnailUrl\":\"https:\\\/\\\/lamaletadelili.com\\\/wp-content\\\/uploads\\\/2020\\\/02\\\/Per-molts-anys.jpg\",\"keywords\":[\"Biblioteca Mestre Mart\u00ed Tauler\",\"Contes per Menuts\"],\"articleSection\":[\"Activitats realitzades\"],\"inLanguage\":\"ca\",\"potentialAction\":[{\"@type\":\"CommentAction\",\"name\":\"Comment\",\"target\":[\"https:\\\/\\\/lamaletadelili.com\\\/ca\\\/activitats-realitzades\\\/contes-per-menuts-festejan-laniversari-de-la-biblioteca-mestre-marti-tauler\\\/#respond\"]}]},{\"@type\":\"WebPage\",\"@id\":\"https:\\\/\\\/lamaletadelili.com\\\/ca\\\/activitats-realitzades\\\/contes-per-menuts-festejan-laniversari-de-la-biblioteca-mestre-marti-tauler\\\/\",\"url\":\"https:\\\/\\\/lamaletadelili.com\\\/ca\\\/activitats-realitzades\\\/contes-per-menuts-festejan-laniversari-de-la-biblioteca-mestre-marti-tauler\\\/\",\"name\":\"Contes per Menuts festejan l'aniversari de la Biblioteca Mestre Mart\u00ed Tauler - La maleta de Lili\",\"isPartOf\":{\"@id\":\"https:\\\/\\\/lamaletadelili.com\\\/#website\"},\"primaryImageOfPage\":{\"@id\":\"https:\\\/\\\/lamaletadelili.com\\\/ca\\\/activitats-realitzades\\\/contes-per-menuts-festejan-laniversari-de-la-biblioteca-mestre-marti-tauler\\\/#primaryimage\"},\"image\":{\"@id\":\"https:\\\/\\\/lamaletadelili.com\\\/ca\\\/activitats-realitzades\\\/contes-per-menuts-festejan-laniversari-de-la-biblioteca-mestre-marti-tauler\\\/#primaryimage\"},\"thumbnailUrl\":\"https:\\\/\\\/lamaletadelili.com\\\/wp-content\\\/uploads\\\/2020\\\/02\\\/Per-molts-anys.jpg\",\"datePublished\":\"2020-02-09T07:54:12+00:00\",\"dateModified\":\"2020-02-21T18:55:03+00:00\",\"breadcrumb\":{\"@id\":\"https:\\\/\\\/lamaletadelili.com\\\/ca\\\/activitats-realitzades\\\/contes-per-menuts-festejan-laniversari-de-la-biblioteca-mestre-marti-tauler\\\/#breadcrumb\"},\"inLanguage\":\"ca\",\"potentialAction\":[{\"@type\":\"ReadAction\",\"target\":[\"https:\\\/\\\/lamaletadelili.com\\\/ca\\\/activitats-realitzades\\\/contes-per-menuts-festejan-laniversari-de-la-biblioteca-mestre-marti-tauler\\\/\"]}]},{\"@type\":\"ImageObject\",\"inLanguage\":\"ca\",\"@id\":\"https:\\\/\\\/lamaletadelili.com\\\/ca\\\/activitats-realitzades\\\/contes-per-menuts-festejan-laniversari-de-la-biblioteca-mestre-marti-tauler\\\/#primaryimage\",\"url\":\"https:\\\/\\\/lamaletadelili.com\\\/wp-content\\\/uploads\\\/2020\\\/02\\\/Per-molts-anys.jpg\",\"contentUrl\":\"https:\\\/\\\/lamaletadelili.com\\\/wp-content\\\/uploads\\\/2020\\\/02\\\/Per-molts-anys.jpg\",\"width\":800,\"height\":450,\"caption\":\"Per molts anys!\"},{\"@type\":\"BreadcrumbList\",\"@id\":\"https:\\\/\\\/lamaletadelili.com\\\/ca\\\/activitats-realitzades\\\/contes-per-menuts-festejan-laniversari-de-la-biblioteca-mestre-marti-tauler\\\/#breadcrumb\",\"itemListElement\":[{\"@type\":\"ListItem\",\"position\":1,\"name\":\"Portada\",\"item\":\"https:\\\/\\\/lamaletadelili.com\\\/ca\\\/\"},{\"@type\":\"ListItem\",\"position\":2,\"name\":\"Contes per Menuts festejan l&#8217;aniversari de la Biblioteca Mestre Mart\u00ed Tauler\"}]},{\"@type\":\"WebSite\",\"@id\":\"https:\\\/\\\/lamaletadelili.com\\\/#website\",\"url\":\"https:\\\/\\\/lamaletadelili.com\\\/\",\"name\":\"La maleta de Lili\",\"description\":\"Cuenta cuentos\",\"publisher\":{\"@id\":\"https:\\\/\\\/lamaletadelili.com\\\/#organization\"},\"potentialAction\":[{\"@type\":\"SearchAction\",\"target\":{\"@type\":\"EntryPoint\",\"urlTemplate\":\"https:\\\/\\\/lamaletadelili.com\\\/?s={search_term_string}\"},\"query-input\":{\"@type\":\"PropertyValueSpecification\",\"valueRequired\":true,\"valueName\":\"search_term_string\"}}],\"inLanguage\":\"ca\"},{\"@type\":\"Organization\",\"@id\":\"https:\\\/\\\/lamaletadelili.com\\\/#organization\",\"name\":\"La maleta de Lili\",\"url\":\"https:\\\/\\\/lamaletadelili.com\\\/\",\"logo\":{\"@type\":\"ImageObject\",\"inLanguage\":\"ca\",\"@id\":\"https:\\\/\\\/lamaletadelili.com\\\/#\\\/schema\\\/logo\\\/image\\\/\",\"url\":\"https:\\\/\\\/lamaletadelili.com\\\/wp-content\\\/uploads\\\/2019\\\/07\\\/LOGO-La-maleta-de-Lili-catalan.png\",\"contentUrl\":\"https:\\\/\\\/lamaletadelili.com\\\/wp-content\\\/uploads\\\/2019\\\/07\\\/LOGO-La-maleta-de-Lili-catalan.png\",\"width\":450,\"height\":177,\"caption\":\"La maleta de Lili\"},\"image\":{\"@id\":\"https:\\\/\\\/lamaletadelili.com\\\/#\\\/schema\\\/logo\\\/image\\\/\"}},{\"@type\":\"Person\",\"@id\":\"https:\\\/\\\/lamaletadelili.com\\\/#\\\/schema\\\/person\\\/0b369bfb34abc5b05dad849dd46e7216\",\"name\":\"Lili\",\"image\":{\"@type\":\"ImageObject\",\"inLanguage\":\"ca\",\"@id\":\"https:\\\/\\\/lamaletadelili.com\\\/wp-content\\\/litespeed\\\/avatar\\\/76b539669a3dc81823ce0f8f87bd4577.jpg?ver=1777588790\",\"url\":\"https:\\\/\\\/lamaletadelili.com\\\/wp-content\\\/litespeed\\\/avatar\\\/76b539669a3dc81823ce0f8f87bd4577.jpg?ver=1777588790\",\"contentUrl\":\"https:\\\/\\\/lamaletadelili.com\\\/wp-content\\\/litespeed\\\/avatar\\\/76b539669a3dc81823ce0f8f87bd4577.jpg?ver=1777588790\",\"caption\":\"Lili\"},\"description\":\"Proyecto de animaci\u00f3n a la lectura dirigido a potenciar la literatura infantil desde las primeras edades.\",\"sameAs\":[\"https:\\\/\\\/lamaletadelili.com\"],\"url\":\"https:\\\/\\\/lamaletadelili.com\\\/ca\\\/author\\\/lili\\\/\"}]}<\/script>\n<!-- \/ Yoast SEO plugin. -->","yoast_head_json":{"title":"Contes per Menuts festejan l'aniversari de la Biblioteca Mestre Mart\u00ed Tauler - La maleta de Lili","robots":{"index":"index","follow":"follow","max-snippet":"max-snippet:-1","max-image-preview":"max-image-preview:large","max-video-preview":"max-video-preview:-1"},"canonical":"https:\/\/lamaletadelili.com\/ca\/activitats-realitzades\/contes-per-menuts-festejan-laniversari-de-la-biblioteca-mestre-marti-tauler\/","og_locale":"ca_ES","og_type":"article","og_title":"Contes per Menuts festejan l'aniversari de la Biblioteca Mestre Mart\u00ed Tauler - La maleta de Lili","og_description":"Una festa d'aniversari molt especial amb un past\u00eds de LLIBRES per festejar l'aniversari de la Biblioteca. Globus i estovalles de festa! conviden als infants a fer mossegades de contes.","og_url":"https:\/\/lamaletadelili.com\/ca\/activitats-realitzades\/contes-per-menuts-festejan-laniversari-de-la-biblioteca-mestre-marti-tauler\/","og_site_name":"La maleta de Lili","article_published_time":"2020-02-09T07:54:12+00:00","article_modified_time":"2020-02-21T18:55:03+00:00","og_image":[{"width":800,"height":450,"url":"https:\/\/lamaletadelili.com\/wp-content\/uploads\/2020\/02\/Per-molts-anys.jpg","type":"image\/jpeg"}],"author":"Lili","twitter_card":"summary_large_image","twitter_misc":{"Escrit per":"Lili","Temps estimat de lectura":"1 minut"},"schema":{"@context":"https:\/\/schema.org","@graph":[{"@type":"Article","@id":"https:\/\/lamaletadelili.com\/ca\/activitats-realitzades\/contes-per-menuts-festejan-laniversari-de-la-biblioteca-mestre-marti-tauler\/#article","isPartOf":{"@id":"https:\/\/lamaletadelili.com\/ca\/activitats-realitzades\/contes-per-menuts-festejan-laniversari-de-la-biblioteca-mestre-marti-tauler\/"},"author":{"name":"Lili","@id":"https:\/\/lamaletadelili.com\/#\/schema\/person\/0b369bfb34abc5b05dad849dd46e7216"},"headline":"Contes per Menuts festejan l&#8217;aniversari de la Biblioteca Mestre Mart\u00ed Tauler","datePublished":"2020-02-09T07:54:12+00:00","dateModified":"2020-02-21T18:55:03+00:00","mainEntityOfPage":{"@id":"https:\/\/lamaletadelili.com\/ca\/activitats-realitzades\/contes-per-menuts-festejan-laniversari-de-la-biblioteca-mestre-marti-tauler\/"},"wordCount":308,"commentCount":0,"publisher":{"@id":"https:\/\/lamaletadelili.com\/#organization"},"image":{"@id":"https:\/\/lamaletadelili.com\/ca\/activitats-realitzades\/contes-per-menuts-festejan-laniversari-de-la-biblioteca-mestre-marti-tauler\/#primaryimage"},"thumbnailUrl":"https:\/\/lamaletadelili.com\/wp-content\/uploads\/2020\/02\/Per-molts-anys.jpg","keywords":["Biblioteca Mestre Mart\u00ed Tauler","Contes per Menuts"],"articleSection":["Activitats realitzades"],"inLanguage":"ca","potentialAction":[{"@type":"CommentAction","name":"Comment","target":["https:\/\/lamaletadelili.com\/ca\/activitats-realitzades\/contes-per-menuts-festejan-laniversari-de-la-biblioteca-mestre-marti-tauler\/#respond"]}]},{"@type":"WebPage","@id":"https:\/\/lamaletadelili.com\/ca\/activitats-realitzades\/contes-per-menuts-festejan-laniversari-de-la-biblioteca-mestre-marti-tauler\/","url":"https:\/\/lamaletadelili.com\/ca\/activitats-realitzades\/contes-per-menuts-festejan-laniversari-de-la-biblioteca-mestre-marti-tauler\/","name":"Contes per Menuts festejan l'aniversari de la Biblioteca Mestre Mart\u00ed Tauler - La maleta de Lili","isPartOf":{"@id":"https:\/\/lamaletadelili.com\/#website"},"primaryImageOfPage":{"@id":"https:\/\/lamaletadelili.com\/ca\/activitats-realitzades\/contes-per-menuts-festejan-laniversari-de-la-biblioteca-mestre-marti-tauler\/#primaryimage"},"image":{"@id":"https:\/\/lamaletadelili.com\/ca\/activitats-realitzades\/contes-per-menuts-festejan-laniversari-de-la-biblioteca-mestre-marti-tauler\/#primaryimage"},"thumbnailUrl":"https:\/\/lamaletadelili.com\/wp-content\/uploads\/2020\/02\/Per-molts-anys.jpg","datePublished":"2020-02-09T07:54:12+00:00","dateModified":"2020-02-21T18:55:03+00:00","breadcrumb":{"@id":"https:\/\/lamaletadelili.com\/ca\/activitats-realitzades\/contes-per-menuts-festejan-laniversari-de-la-biblioteca-mestre-marti-tauler\/#breadcrumb"},"inLanguage":"ca","potentialAction":[{"@type":"ReadAction","target":["https:\/\/lamaletadelili.com\/ca\/activitats-realitzades\/contes-per-menuts-festejan-laniversari-de-la-biblioteca-mestre-marti-tauler\/"]}]},{"@type":"ImageObject","inLanguage":"ca","@id":"https:\/\/lamaletadelili.com\/ca\/activitats-realitzades\/contes-per-menuts-festejan-laniversari-de-la-biblioteca-mestre-marti-tauler\/#primaryimage","url":"https:\/\/lamaletadelili.com\/wp-content\/uploads\/2020\/02\/Per-molts-anys.jpg","contentUrl":"https:\/\/lamaletadelili.com\/wp-content\/uploads\/2020\/02\/Per-molts-anys.jpg","width":800,"height":450,"caption":"Per molts anys!"},{"@type":"BreadcrumbList","@id":"https:\/\/lamaletadelili.com\/ca\/activitats-realitzades\/contes-per-menuts-festejan-laniversari-de-la-biblioteca-mestre-marti-tauler\/#breadcrumb","itemListElement":[{"@type":"ListItem","position":1,"name":"Portada","item":"https:\/\/lamaletadelili.com\/ca\/"},{"@type":"ListItem","position":2,"name":"Contes per Menuts festejan l&#8217;aniversari de la Biblioteca Mestre Mart\u00ed Tauler"}]},{"@type":"WebSite","@id":"https:\/\/lamaletadelili.com\/#website","url":"https:\/\/lamaletadelili.com\/","name":"La maleta de Lili","description":"Cuenta cuentos","publisher":{"@id":"https:\/\/lamaletadelili.com\/#organization"},"potentialAction":[{"@type":"SearchAction","target":{"@type":"EntryPoint","urlTemplate":"https:\/\/lamaletadelili.com\/?s={search_term_string}"},"query-input":{"@type":"PropertyValueSpecification","valueRequired":true,"valueName":"search_term_string"}}],"inLanguage":"ca"},{"@type":"Organization","@id":"https:\/\/lamaletadelili.com\/#organization","name":"La maleta de Lili","url":"https:\/\/lamaletadelili.com\/","logo":{"@type":"ImageObject","inLanguage":"ca","@id":"https:\/\/lamaletadelili.com\/#\/schema\/logo\/image\/","url":"https:\/\/lamaletadelili.com\/wp-content\/uploads\/2019\/07\/LOGO-La-maleta-de-Lili-catalan.png","contentUrl":"https:\/\/lamaletadelili.com\/wp-content\/uploads\/2019\/07\/LOGO-La-maleta-de-Lili-catalan.png","width":450,"height":177,"caption":"La maleta de Lili"},"image":{"@id":"https:\/\/lamaletadelili.com\/#\/schema\/logo\/image\/"}},{"@type":"Person","@id":"https:\/\/lamaletadelili.com\/#\/schema\/person\/0b369bfb34abc5b05dad849dd46e7216","name":"Lili","image":{"@type":"ImageObject","inLanguage":"ca","@id":"https:\/\/lamaletadelili.com\/wp-content\/litespeed\/avatar\/76b539669a3dc81823ce0f8f87bd4577.jpg?ver=1777588790","url":"https:\/\/lamaletadelili.com\/wp-content\/litespeed\/avatar\/76b539669a3dc81823ce0f8f87bd4577.jpg?ver=1777588790","contentUrl":"https:\/\/lamaletadelili.com\/wp-content\/litespeed\/avatar\/76b539669a3dc81823ce0f8f87bd4577.jpg?ver=1777588790","caption":"Lili"},"description":"Proyecto de animaci\u00f3n a la lectura dirigido a potenciar la literatura infantil desde las primeras edades.","sameAs":["https:\/\/lamaletadelili.com"],"url":"https:\/\/lamaletadelili.com\/ca\/author\/lili\/"}]}},"uagb_featured_image_src":{"full":["https:\/\/lamaletadelili.com\/wp-content\/uploads\/2020\/02\/Per-molts-anys.jpg",800,450,false],"thumbnail":["https:\/\/lamaletadelili.com\/wp-content\/uploads\/2020\/02\/Per-molts-anys-150x150.jpg",150,150,true],"medium":["https:\/\/lamaletadelili.com\/wp-content\/uploads\/2020\/02\/Per-molts-anys-380x215.jpg",380,215,true],"medium_large":["https:\/\/lamaletadelili.com\/wp-content\/uploads\/2020\/02\/Per-molts-anys-768x432.jpg",768,432,true],"large":["https:\/\/lamaletadelili.com\/wp-content\/uploads\/2020\/02\/Per-molts-anys.jpg",800,450,false],"1536x1536":["https:\/\/lamaletadelili.com\/wp-content\/uploads\/2020\/02\/Per-molts-anys.jpg",800,450,false],"2048x2048":["https:\/\/lamaletadelili.com\/wp-content\/uploads\/2020\/02\/Per-molts-anys.jpg",800,450,false]},"uagb_author_info":{"display_name":"Lili","author_link":"https:\/\/lamaletadelili.com\/ca\/author\/lili\/"},"uagb_comment_info":0,"uagb_excerpt":"Una festa d'aniversari molt especial amb un past\u00eds de LLIBRES per festejar l'aniversari de la Biblioteca. Globus i estovalles de festa! conviden als infants a fer mossegades de contes.","_links":{"self":[{"href":"https:\/\/lamaletadelili.com\/ca\/wp-json\/wp\/v2\/posts\/8860","targetHints":{"allow":["GET"]}}],"collection":[{"href":"https:\/\/lamaletadelili.com\/ca\/wp-json\/wp\/v2\/posts"}],"about":[{"href":"https:\/\/lamaletadelili.com\/ca\/wp-json\/wp\/v2\/types\/post"}],"author":[{"embeddable":true,"href":"https:\/\/lamaletadelili.com\/ca\/wp-json\/wp\/v2\/users\/2"}],"replies":[{"embeddable":true,"href":"https:\/\/lamaletadelili.com\/ca\/wp-json\/wp\/v2\/comments?post=8860"}],"version-history":[{"count":0,"href":"https:\/\/lamaletadelili.com\/ca\/wp-json\/wp\/v2\/posts\/8860\/revisions"}],"wp:featuredmedia":[{"embeddable":true,"href":"https:\/\/lamaletadelili.com\/ca\/wp-json\/wp\/v2\/media\/8880"}],"wp:attachment":[{"href":"https:\/\/lamaletadelili.com\/ca\/wp-json\/wp\/v2\/media?parent=8860"}],"wp:term":[{"taxonomy":"category","embeddable":true,"href":"https:\/\/lamaletadelili.com\/ca\/wp-json\/wp\/v2\/categories?post=8860"},{"taxonomy":"post_tag","embeddable":true,"href":"https:\/\/lamaletadelili.com\/ca\/wp-json\/wp\/v2\/tags?post=8860"}],"curies":[{"name":"wp","href":"https:\/\/api.w.org\/{rel}","templated":true}]}}