{"id":8827,"date":"2020-01-25T20:41:48","date_gmt":"2020-01-25T19:41:48","guid":{"rendered":"https:\/\/lamaletadelili.com\/?p=8827"},"modified":"2020-01-27T10:48:28","modified_gmt":"2020-01-27T09:48:28","slug":"biblioteca-mestre-marti-tauler-i-els-espais-efimers-literaris","status":"publish","type":"post","link":"https:\/\/lamaletadelili.com\/ca\/noticies\/biblioteca-mestre-marti-tauler-i-els-espais-efimers-literaris\/","title":{"rendered":"Biblioteca Mestre Mart\u00ed Tauler i els Espais Ef\u00edmers Literaris"},"content":{"rendered":"\n<p>Cada vegada que munto una proposta de Contes penso en els llibres i recursos que far\u00e9 servir. Dins del seu disseny m&#8217;ocupo de <strong>l&#8217;espai<\/strong> en qu\u00e8 t\u00e9 lloc la proposta i porto elements que aportin \u00e8mfasi a aquella sessi\u00f3 o taller de contes. <\/p>\n\n\n\n<p>Reflexionant sobre<strong> l&#8217;espai<\/strong> i les seves possibilitats en torn de la <strong>literatura <\/strong>vaig pensar que aquest espai que es fa servir podia crear un di\u00e0leg amb els llibres, contes i objectes que se seleccionen pr\u00e8viament donant oportunitats \u00faniques i diferents per potenciar la literatura.<\/p>\n\n\n\n<p>Aleshores, vaig presentar un petit projecte a la <strong><a href=\"https:\/\/www.facebook.com\/bibliotecaMMT\/\" target=\"_blank\" aria-label=\"Biblioteca Mestre Mart\u00ed Tauler (opens in a new tab)\" rel=\"noreferrer noopener\" class=\"ek-link\">Biblioteca Mestre Mart\u00ed Tauler<\/a><\/strong> per crear <strong>Espais Ef\u00edmers Literaris<\/strong> dins de la Sala Infantil. <\/p>\n\n\n\n\n\n<p><strong>Ef\u00edmer<\/strong>: \u00e9s all\u00f2 que t\u00e9 una duraci\u00f3 curta, breu, fugissera; oposat a all\u00f2 permanent i durable. El disseny, d&#8217;objectes i espais ef\u00edmers \u00e9s el disseny de duraci\u00f3 limitada.<\/p>\n\n\n\n<p><strong>Literaris<\/strong>: conjunt de llibres de diferents tipologies, contes, \u00e0lbums&#8230;. que es conjunten amb la zona de l&#8217;espai triat per donar l&#8217;oportunitat al petit lector de ser ell el protagonista de les seves accions, i de fomentar el bon \u00fas dels llibres i contes.  <\/p>\n\n\n\n<div class=\"wp-block-image is-style-editorskit-rounded\"><figure class=\"aligncenter size-full is-resized\"><img decoding=\"async\" src=\"https:\/\/lamaletadelili.com\/wp-content\/uploads\/2020\/01\/Espai-Ef\u00edmer-Literari.jpg\" alt=\"\" class=\"wp-image-8841\" width=\"600\" height=\"338\" srcset=\"https:\/\/lamaletadelili.com\/wp-content\/uploads\/2020\/01\/Espai-Ef\u00edmer-Literari.jpg 800w, https:\/\/lamaletadelili.com\/wp-content\/uploads\/2020\/01\/Espai-Ef\u00edmer-Literari-380x215.jpg 380w, https:\/\/lamaletadelili.com\/wp-content\/uploads\/2020\/01\/Espai-Ef\u00edmer-Literari-768x432.jpg 768w\" sizes=\"(max-width: 600px) 100vw, 600px\" \/><\/figure><\/div>\n\n\n\n<p>L&#8217;adult que acompanya al petit permet que sigui el nen\/a qui tri\u00ef el conte o llibre que compartir\u00e0, permeten que passi les fulles, que expliqui la hist\u00f2ria a la seva forma, explorant-lo amb tots els seus sentits i sent exemple del bon \u00fas com deixant el llibre on estava posat.<\/p>\n\n\n\n<p>Per qualsevol suggeriment, dubte, consulta que tingueu jo hi ser\u00e9 present durant tota la seva durada.  <\/p>\n\n\n\n<p><em>Us espero al primer <strong>Espai Literari<\/strong> el <strong>dissabte 8 de febrer<\/strong> a partir de les <strong>10:30<\/strong> a la <strong>Sala Infantil.<\/strong><\/em><\/p>\n","protected":false},"excerpt":{"rendered":"<p>L&#8217;espai com a punt de partida per crear un di\u00e0leg amb els llibres i objectes seleccionats, dona oportunitats \u00faniques i diferents, per potenciar la literatura.  <\/p>\n","protected":false},"author":2,"featured_media":8831,"comment_status":"open","ping_status":"open","sticky":false,"template":"","format":"standard","meta":{"_uag_custom_page_level_css":"","site-sidebar-layout":"default","site-content-layout":"","ast-site-content-layout":"default","site-content-style":"default","site-sidebar-style":"default","ast-global-header-display":"","ast-banner-title-visibility":"","ast-main-header-display":"","ast-hfb-above-header-display":"","ast-hfb-below-header-display":"","ast-hfb-mobile-header-display":"","site-post-title":"","ast-breadcrumbs-content":"","ast-featured-img":"","footer-sml-layout":"","ast-disable-related-posts":"","theme-transparent-header-meta":"","adv-header-id-meta":"","stick-header-meta":"","header-above-stick-meta":"","header-main-stick-meta":"","header-below-stick-meta":"","astra-migrate-meta-layouts":"default","ast-page-background-enabled":"default","ast-page-background-meta":{"desktop":{"background-color":"var(--ast-global-color-4)","background-image":"","background-repeat":"repeat","background-position":"center center","background-size":"auto","background-attachment":"scroll","background-type":"","background-media":"","overlay-type":"","overlay-color":"","overlay-opacity":"","overlay-gradient":""},"tablet":{"background-color":"","background-image":"","background-repeat":"repeat","background-position":"center center","background-size":"auto","background-attachment":"scroll","background-type":"","background-media":"","overlay-type":"","overlay-color":"","overlay-opacity":"","overlay-gradient":""},"mobile":{"background-color":"","background-image":"","background-repeat":"repeat","background-position":"center center","background-size":"auto","background-attachment":"scroll","background-type":"","background-media":"","overlay-type":"","overlay-color":"","overlay-opacity":"","overlay-gradient":""}},"ast-content-background-meta":{"desktop":{"background-color":"var(--ast-global-color-5)","background-image":"","background-repeat":"repeat","background-position":"center center","background-size":"auto","background-attachment":"scroll","background-type":"","background-media":"","overlay-type":"","overlay-color":"","overlay-opacity":"","overlay-gradient":""},"tablet":{"background-color":"var(--ast-global-color-5)","background-image":"","background-repeat":"repeat","background-position":"center center","background-size":"auto","background-attachment":"scroll","background-type":"","background-media":"","overlay-type":"","overlay-color":"","overlay-opacity":"","overlay-gradient":""},"mobile":{"background-color":"var(--ast-global-color-5)","background-image":"","background-repeat":"repeat","background-position":"center center","background-size":"auto","background-attachment":"scroll","background-type":"","background-media":"","overlay-type":"","overlay-color":"","overlay-opacity":"","overlay-gradient":""}},"footnotes":""},"categories":[104],"tags":[353,550],"class_list":["post-8827","post","type-post","status-publish","format-standard","has-post-thumbnail","hentry","category-noticies","tag-biblioteca-mestre-marti-tauler","tag-espais-efimers-literaris"],"yoast_head":"<!-- This site is optimized with the Yoast SEO plugin v27.4 - https:\/\/yoast.com\/product\/yoast-seo-wordpress\/ -->\n<title>Biblioteca Mestre Mart\u00ed Tauler i els Espais Ef\u00edmers Literaris - La maleta de Lili<\/title>\n<meta name=\"robots\" content=\"index, follow, max-snippet:-1, max-image-preview:large, max-video-preview:-1\" \/>\n<link rel=\"canonical\" href=\"https:\/\/lamaletadelili.com\/ca\/noticies\/biblioteca-mestre-marti-tauler-i-els-espais-efimers-literaris\/\" \/>\n<meta property=\"og:locale\" content=\"ca_ES\" \/>\n<meta property=\"og:type\" content=\"article\" \/>\n<meta property=\"og:title\" content=\"Biblioteca Mestre Mart\u00ed Tauler i els Espais Ef\u00edmers Literaris - La maleta de Lili\" \/>\n<meta property=\"og:description\" content=\"L&#039;espai com a punt de partida per crear un di\u00e0leg amb els llibres i objectes seleccionats, dona oportunitats \u00faniques i diferents, per potenciar la literatura.\" \/>\n<meta property=\"og:url\" content=\"https:\/\/lamaletadelili.com\/ca\/noticies\/biblioteca-mestre-marti-tauler-i-els-espais-efimers-literaris\/\" \/>\n<meta property=\"og:site_name\" content=\"La maleta de Lili\" \/>\n<meta property=\"article:published_time\" content=\"2020-01-25T19:41:48+00:00\" \/>\n<meta property=\"article:modified_time\" content=\"2020-01-27T09:48:28+00:00\" \/>\n<meta property=\"og:image\" content=\"https:\/\/lamaletadelili.com\/wp-content\/uploads\/2020\/01\/Espais-Literaris.jpg\" \/>\n\t<meta property=\"og:image:width\" content=\"800\" \/>\n\t<meta property=\"og:image:height\" content=\"450\" \/>\n\t<meta property=\"og:image:type\" content=\"image\/jpeg\" \/>\n<meta name=\"author\" content=\"Lili\" \/>\n<meta name=\"twitter:card\" content=\"summary_large_image\" \/>\n<meta name=\"twitter:label1\" content=\"Escrit per\" \/>\n\t<meta name=\"twitter:data1\" content=\"Lili\" \/>\n\t<meta name=\"twitter:label2\" content=\"Temps estimat de lectura\" \/>\n\t<meta name=\"twitter:data2\" content=\"1 minut\" \/>\n<script type=\"application\/ld+json\" class=\"yoast-schema-graph\">{\"@context\":\"https:\\\/\\\/schema.org\",\"@graph\":[{\"@type\":\"Article\",\"@id\":\"https:\\\/\\\/lamaletadelili.com\\\/ca\\\/noticies\\\/biblioteca-mestre-marti-tauler-i-els-espais-efimers-literaris\\\/#article\",\"isPartOf\":{\"@id\":\"https:\\\/\\\/lamaletadelili.com\\\/ca\\\/noticies\\\/biblioteca-mestre-marti-tauler-i-els-espais-efimers-literaris\\\/\"},\"author\":{\"name\":\"Lili\",\"@id\":\"https:\\\/\\\/lamaletadelili.com\\\/#\\\/schema\\\/person\\\/0b369bfb34abc5b05dad849dd46e7216\"},\"headline\":\"Biblioteca Mestre Mart\u00ed Tauler i els Espais Ef\u00edmers Literaris\",\"datePublished\":\"2020-01-25T19:41:48+00:00\",\"dateModified\":\"2020-01-27T09:48:28+00:00\",\"mainEntityOfPage\":{\"@id\":\"https:\\\/\\\/lamaletadelili.com\\\/ca\\\/noticies\\\/biblioteca-mestre-marti-tauler-i-els-espais-efimers-literaris\\\/\"},\"wordCount\":288,\"commentCount\":0,\"publisher\":{\"@id\":\"https:\\\/\\\/lamaletadelili.com\\\/#organization\"},\"image\":{\"@id\":\"https:\\\/\\\/lamaletadelili.com\\\/ca\\\/noticies\\\/biblioteca-mestre-marti-tauler-i-els-espais-efimers-literaris\\\/#primaryimage\"},\"thumbnailUrl\":\"https:\\\/\\\/lamaletadelili.com\\\/wp-content\\\/uploads\\\/2020\\\/01\\\/Espais-Literaris.jpg\",\"keywords\":[\"Biblioteca Mestre Mart\u00ed Tauler\",\"Espais Ef\u00edmers Literaris\"],\"articleSection\":[\"Not\u00edcies\"],\"inLanguage\":\"ca\",\"potentialAction\":[{\"@type\":\"CommentAction\",\"name\":\"Comment\",\"target\":[\"https:\\\/\\\/lamaletadelili.com\\\/ca\\\/noticies\\\/biblioteca-mestre-marti-tauler-i-els-espais-efimers-literaris\\\/#respond\"]}]},{\"@type\":\"WebPage\",\"@id\":\"https:\\\/\\\/lamaletadelili.com\\\/ca\\\/noticies\\\/biblioteca-mestre-marti-tauler-i-els-espais-efimers-literaris\\\/\",\"url\":\"https:\\\/\\\/lamaletadelili.com\\\/ca\\\/noticies\\\/biblioteca-mestre-marti-tauler-i-els-espais-efimers-literaris\\\/\",\"name\":\"Biblioteca Mestre Mart\u00ed Tauler i els Espais Ef\u00edmers Literaris - La maleta de Lili\",\"isPartOf\":{\"@id\":\"https:\\\/\\\/lamaletadelili.com\\\/#website\"},\"primaryImageOfPage\":{\"@id\":\"https:\\\/\\\/lamaletadelili.com\\\/ca\\\/noticies\\\/biblioteca-mestre-marti-tauler-i-els-espais-efimers-literaris\\\/#primaryimage\"},\"image\":{\"@id\":\"https:\\\/\\\/lamaletadelili.com\\\/ca\\\/noticies\\\/biblioteca-mestre-marti-tauler-i-els-espais-efimers-literaris\\\/#primaryimage\"},\"thumbnailUrl\":\"https:\\\/\\\/lamaletadelili.com\\\/wp-content\\\/uploads\\\/2020\\\/01\\\/Espais-Literaris.jpg\",\"datePublished\":\"2020-01-25T19:41:48+00:00\",\"dateModified\":\"2020-01-27T09:48:28+00:00\",\"breadcrumb\":{\"@id\":\"https:\\\/\\\/lamaletadelili.com\\\/ca\\\/noticies\\\/biblioteca-mestre-marti-tauler-i-els-espais-efimers-literaris\\\/#breadcrumb\"},\"inLanguage\":\"ca\",\"potentialAction\":[{\"@type\":\"ReadAction\",\"target\":[\"https:\\\/\\\/lamaletadelili.com\\\/ca\\\/noticies\\\/biblioteca-mestre-marti-tauler-i-els-espais-efimers-literaris\\\/\"]}]},{\"@type\":\"ImageObject\",\"inLanguage\":\"ca\",\"@id\":\"https:\\\/\\\/lamaletadelili.com\\\/ca\\\/noticies\\\/biblioteca-mestre-marti-tauler-i-els-espais-efimers-literaris\\\/#primaryimage\",\"url\":\"https:\\\/\\\/lamaletadelili.com\\\/wp-content\\\/uploads\\\/2020\\\/01\\\/Espais-Literaris.jpg\",\"contentUrl\":\"https:\\\/\\\/lamaletadelili.com\\\/wp-content\\\/uploads\\\/2020\\\/01\\\/Espais-Literaris.jpg\",\"width\":800,\"height\":450},{\"@type\":\"BreadcrumbList\",\"@id\":\"https:\\\/\\\/lamaletadelili.com\\\/ca\\\/noticies\\\/biblioteca-mestre-marti-tauler-i-els-espais-efimers-literaris\\\/#breadcrumb\",\"itemListElement\":[{\"@type\":\"ListItem\",\"position\":1,\"name\":\"Portada\",\"item\":\"https:\\\/\\\/lamaletadelili.com\\\/ca\\\/\"},{\"@type\":\"ListItem\",\"position\":2,\"name\":\"Biblioteca Mestre Mart\u00ed Tauler i els Espais Ef\u00edmers Literaris\"}]},{\"@type\":\"WebSite\",\"@id\":\"https:\\\/\\\/lamaletadelili.com\\\/#website\",\"url\":\"https:\\\/\\\/lamaletadelili.com\\\/\",\"name\":\"La maleta de Lili\",\"description\":\"Cuenta cuentos\",\"publisher\":{\"@id\":\"https:\\\/\\\/lamaletadelili.com\\\/#organization\"},\"potentialAction\":[{\"@type\":\"SearchAction\",\"target\":{\"@type\":\"EntryPoint\",\"urlTemplate\":\"https:\\\/\\\/lamaletadelili.com\\\/?s={search_term_string}\"},\"query-input\":{\"@type\":\"PropertyValueSpecification\",\"valueRequired\":true,\"valueName\":\"search_term_string\"}}],\"inLanguage\":\"ca\"},{\"@type\":\"Organization\",\"@id\":\"https:\\\/\\\/lamaletadelili.com\\\/#organization\",\"name\":\"La maleta de Lili\",\"url\":\"https:\\\/\\\/lamaletadelili.com\\\/\",\"logo\":{\"@type\":\"ImageObject\",\"inLanguage\":\"ca\",\"@id\":\"https:\\\/\\\/lamaletadelili.com\\\/#\\\/schema\\\/logo\\\/image\\\/\",\"url\":\"https:\\\/\\\/lamaletadelili.com\\\/wp-content\\\/uploads\\\/2019\\\/07\\\/LOGO-La-maleta-de-Lili-catalan.png\",\"contentUrl\":\"https:\\\/\\\/lamaletadelili.com\\\/wp-content\\\/uploads\\\/2019\\\/07\\\/LOGO-La-maleta-de-Lili-catalan.png\",\"width\":450,\"height\":177,\"caption\":\"La maleta de Lili\"},\"image\":{\"@id\":\"https:\\\/\\\/lamaletadelili.com\\\/#\\\/schema\\\/logo\\\/image\\\/\"}},{\"@type\":\"Person\",\"@id\":\"https:\\\/\\\/lamaletadelili.com\\\/#\\\/schema\\\/person\\\/0b369bfb34abc5b05dad849dd46e7216\",\"name\":\"Lili\",\"image\":{\"@type\":\"ImageObject\",\"inLanguage\":\"ca\",\"@id\":\"https:\\\/\\\/lamaletadelili.com\\\/wp-content\\\/litespeed\\\/avatar\\\/76b539669a3dc81823ce0f8f87bd4577.jpg?ver=1777588790\",\"url\":\"https:\\\/\\\/lamaletadelili.com\\\/wp-content\\\/litespeed\\\/avatar\\\/76b539669a3dc81823ce0f8f87bd4577.jpg?ver=1777588790\",\"contentUrl\":\"https:\\\/\\\/lamaletadelili.com\\\/wp-content\\\/litespeed\\\/avatar\\\/76b539669a3dc81823ce0f8f87bd4577.jpg?ver=1777588790\",\"caption\":\"Lili\"},\"description\":\"Proyecto de animaci\u00f3n a la lectura dirigido a potenciar la literatura infantil desde las primeras edades.\",\"sameAs\":[\"https:\\\/\\\/lamaletadelili.com\"],\"url\":\"https:\\\/\\\/lamaletadelili.com\\\/ca\\\/author\\\/lili\\\/\"}]}<\/script>\n<!-- \/ Yoast SEO plugin. -->","yoast_head_json":{"title":"Biblioteca Mestre Mart\u00ed Tauler i els Espais Ef\u00edmers Literaris - La maleta de Lili","robots":{"index":"index","follow":"follow","max-snippet":"max-snippet:-1","max-image-preview":"max-image-preview:large","max-video-preview":"max-video-preview:-1"},"canonical":"https:\/\/lamaletadelili.com\/ca\/noticies\/biblioteca-mestre-marti-tauler-i-els-espais-efimers-literaris\/","og_locale":"ca_ES","og_type":"article","og_title":"Biblioteca Mestre Mart\u00ed Tauler i els Espais Ef\u00edmers Literaris - La maleta de Lili","og_description":"L'espai com a punt de partida per crear un di\u00e0leg amb els llibres i objectes seleccionats, dona oportunitats \u00faniques i diferents, per potenciar la literatura.","og_url":"https:\/\/lamaletadelili.com\/ca\/noticies\/biblioteca-mestre-marti-tauler-i-els-espais-efimers-literaris\/","og_site_name":"La maleta de Lili","article_published_time":"2020-01-25T19:41:48+00:00","article_modified_time":"2020-01-27T09:48:28+00:00","og_image":[{"width":800,"height":450,"url":"https:\/\/lamaletadelili.com\/wp-content\/uploads\/2020\/01\/Espais-Literaris.jpg","type":"image\/jpeg"}],"author":"Lili","twitter_card":"summary_large_image","twitter_misc":{"Escrit per":"Lili","Temps estimat de lectura":"1 minut"},"schema":{"@context":"https:\/\/schema.org","@graph":[{"@type":"Article","@id":"https:\/\/lamaletadelili.com\/ca\/noticies\/biblioteca-mestre-marti-tauler-i-els-espais-efimers-literaris\/#article","isPartOf":{"@id":"https:\/\/lamaletadelili.com\/ca\/noticies\/biblioteca-mestre-marti-tauler-i-els-espais-efimers-literaris\/"},"author":{"name":"Lili","@id":"https:\/\/lamaletadelili.com\/#\/schema\/person\/0b369bfb34abc5b05dad849dd46e7216"},"headline":"Biblioteca Mestre Mart\u00ed Tauler i els Espais Ef\u00edmers Literaris","datePublished":"2020-01-25T19:41:48+00:00","dateModified":"2020-01-27T09:48:28+00:00","mainEntityOfPage":{"@id":"https:\/\/lamaletadelili.com\/ca\/noticies\/biblioteca-mestre-marti-tauler-i-els-espais-efimers-literaris\/"},"wordCount":288,"commentCount":0,"publisher":{"@id":"https:\/\/lamaletadelili.com\/#organization"},"image":{"@id":"https:\/\/lamaletadelili.com\/ca\/noticies\/biblioteca-mestre-marti-tauler-i-els-espais-efimers-literaris\/#primaryimage"},"thumbnailUrl":"https:\/\/lamaletadelili.com\/wp-content\/uploads\/2020\/01\/Espais-Literaris.jpg","keywords":["Biblioteca Mestre Mart\u00ed Tauler","Espais Ef\u00edmers Literaris"],"articleSection":["Not\u00edcies"],"inLanguage":"ca","potentialAction":[{"@type":"CommentAction","name":"Comment","target":["https:\/\/lamaletadelili.com\/ca\/noticies\/biblioteca-mestre-marti-tauler-i-els-espais-efimers-literaris\/#respond"]}]},{"@type":"WebPage","@id":"https:\/\/lamaletadelili.com\/ca\/noticies\/biblioteca-mestre-marti-tauler-i-els-espais-efimers-literaris\/","url":"https:\/\/lamaletadelili.com\/ca\/noticies\/biblioteca-mestre-marti-tauler-i-els-espais-efimers-literaris\/","name":"Biblioteca Mestre Mart\u00ed Tauler i els Espais Ef\u00edmers Literaris - La maleta de Lili","isPartOf":{"@id":"https:\/\/lamaletadelili.com\/#website"},"primaryImageOfPage":{"@id":"https:\/\/lamaletadelili.com\/ca\/noticies\/biblioteca-mestre-marti-tauler-i-els-espais-efimers-literaris\/#primaryimage"},"image":{"@id":"https:\/\/lamaletadelili.com\/ca\/noticies\/biblioteca-mestre-marti-tauler-i-els-espais-efimers-literaris\/#primaryimage"},"thumbnailUrl":"https:\/\/lamaletadelili.com\/wp-content\/uploads\/2020\/01\/Espais-Literaris.jpg","datePublished":"2020-01-25T19:41:48+00:00","dateModified":"2020-01-27T09:48:28+00:00","breadcrumb":{"@id":"https:\/\/lamaletadelili.com\/ca\/noticies\/biblioteca-mestre-marti-tauler-i-els-espais-efimers-literaris\/#breadcrumb"},"inLanguage":"ca","potentialAction":[{"@type":"ReadAction","target":["https:\/\/lamaletadelili.com\/ca\/noticies\/biblioteca-mestre-marti-tauler-i-els-espais-efimers-literaris\/"]}]},{"@type":"ImageObject","inLanguage":"ca","@id":"https:\/\/lamaletadelili.com\/ca\/noticies\/biblioteca-mestre-marti-tauler-i-els-espais-efimers-literaris\/#primaryimage","url":"https:\/\/lamaletadelili.com\/wp-content\/uploads\/2020\/01\/Espais-Literaris.jpg","contentUrl":"https:\/\/lamaletadelili.com\/wp-content\/uploads\/2020\/01\/Espais-Literaris.jpg","width":800,"height":450},{"@type":"BreadcrumbList","@id":"https:\/\/lamaletadelili.com\/ca\/noticies\/biblioteca-mestre-marti-tauler-i-els-espais-efimers-literaris\/#breadcrumb","itemListElement":[{"@type":"ListItem","position":1,"name":"Portada","item":"https:\/\/lamaletadelili.com\/ca\/"},{"@type":"ListItem","position":2,"name":"Biblioteca Mestre Mart\u00ed Tauler i els Espais Ef\u00edmers Literaris"}]},{"@type":"WebSite","@id":"https:\/\/lamaletadelili.com\/#website","url":"https:\/\/lamaletadelili.com\/","name":"La maleta de Lili","description":"Cuenta cuentos","publisher":{"@id":"https:\/\/lamaletadelili.com\/#organization"},"potentialAction":[{"@type":"SearchAction","target":{"@type":"EntryPoint","urlTemplate":"https:\/\/lamaletadelili.com\/?s={search_term_string}"},"query-input":{"@type":"PropertyValueSpecification","valueRequired":true,"valueName":"search_term_string"}}],"inLanguage":"ca"},{"@type":"Organization","@id":"https:\/\/lamaletadelili.com\/#organization","name":"La maleta de Lili","url":"https:\/\/lamaletadelili.com\/","logo":{"@type":"ImageObject","inLanguage":"ca","@id":"https:\/\/lamaletadelili.com\/#\/schema\/logo\/image\/","url":"https:\/\/lamaletadelili.com\/wp-content\/uploads\/2019\/07\/LOGO-La-maleta-de-Lili-catalan.png","contentUrl":"https:\/\/lamaletadelili.com\/wp-content\/uploads\/2019\/07\/LOGO-La-maleta-de-Lili-catalan.png","width":450,"height":177,"caption":"La maleta de Lili"},"image":{"@id":"https:\/\/lamaletadelili.com\/#\/schema\/logo\/image\/"}},{"@type":"Person","@id":"https:\/\/lamaletadelili.com\/#\/schema\/person\/0b369bfb34abc5b05dad849dd46e7216","name":"Lili","image":{"@type":"ImageObject","inLanguage":"ca","@id":"https:\/\/lamaletadelili.com\/wp-content\/litespeed\/avatar\/76b539669a3dc81823ce0f8f87bd4577.jpg?ver=1777588790","url":"https:\/\/lamaletadelili.com\/wp-content\/litespeed\/avatar\/76b539669a3dc81823ce0f8f87bd4577.jpg?ver=1777588790","contentUrl":"https:\/\/lamaletadelili.com\/wp-content\/litespeed\/avatar\/76b539669a3dc81823ce0f8f87bd4577.jpg?ver=1777588790","caption":"Lili"},"description":"Proyecto de animaci\u00f3n a la lectura dirigido a potenciar la literatura infantil desde las primeras edades.","sameAs":["https:\/\/lamaletadelili.com"],"url":"https:\/\/lamaletadelili.com\/ca\/author\/lili\/"}]}},"uagb_featured_image_src":{"full":["https:\/\/lamaletadelili.com\/wp-content\/uploads\/2020\/01\/Espais-Literaris.jpg",800,450,false],"thumbnail":["https:\/\/lamaletadelili.com\/wp-content\/uploads\/2020\/01\/Espais-Literaris-150x150.jpg",150,150,true],"medium":["https:\/\/lamaletadelili.com\/wp-content\/uploads\/2020\/01\/Espais-Literaris-380x215.jpg",380,215,true],"medium_large":["https:\/\/lamaletadelili.com\/wp-content\/uploads\/2020\/01\/Espais-Literaris-768x432.jpg",768,432,true],"large":["https:\/\/lamaletadelili.com\/wp-content\/uploads\/2020\/01\/Espais-Literaris.jpg",800,450,false],"1536x1536":["https:\/\/lamaletadelili.com\/wp-content\/uploads\/2020\/01\/Espais-Literaris.jpg",800,450,false],"2048x2048":["https:\/\/lamaletadelili.com\/wp-content\/uploads\/2020\/01\/Espais-Literaris.jpg",800,450,false]},"uagb_author_info":{"display_name":"Lili","author_link":"https:\/\/lamaletadelili.com\/ca\/author\/lili\/"},"uagb_comment_info":0,"uagb_excerpt":"L'espai com a punt de partida per crear un di\u00e0leg amb els llibres i objectes seleccionats, dona oportunitats \u00faniques i diferents, per potenciar la literatura.","_links":{"self":[{"href":"https:\/\/lamaletadelili.com\/ca\/wp-json\/wp\/v2\/posts\/8827","targetHints":{"allow":["GET"]}}],"collection":[{"href":"https:\/\/lamaletadelili.com\/ca\/wp-json\/wp\/v2\/posts"}],"about":[{"href":"https:\/\/lamaletadelili.com\/ca\/wp-json\/wp\/v2\/types\/post"}],"author":[{"embeddable":true,"href":"https:\/\/lamaletadelili.com\/ca\/wp-json\/wp\/v2\/users\/2"}],"replies":[{"embeddable":true,"href":"https:\/\/lamaletadelili.com\/ca\/wp-json\/wp\/v2\/comments?post=8827"}],"version-history":[{"count":0,"href":"https:\/\/lamaletadelili.com\/ca\/wp-json\/wp\/v2\/posts\/8827\/revisions"}],"wp:featuredmedia":[{"embeddable":true,"href":"https:\/\/lamaletadelili.com\/ca\/wp-json\/wp\/v2\/media\/8831"}],"wp:attachment":[{"href":"https:\/\/lamaletadelili.com\/ca\/wp-json\/wp\/v2\/media?parent=8827"}],"wp:term":[{"taxonomy":"category","embeddable":true,"href":"https:\/\/lamaletadelili.com\/ca\/wp-json\/wp\/v2\/categories?post=8827"},{"taxonomy":"post_tag","embeddable":true,"href":"https:\/\/lamaletadelili.com\/ca\/wp-json\/wp\/v2\/tags?post=8827"}],"curies":[{"name":"wp","href":"https:\/\/api.w.org\/{rel}","templated":true}]}}