{"id":8102,"date":"2019-11-08T08:08:04","date_gmt":"2019-11-08T07:08:04","guid":{"rendered":"https:\/\/lamaletadelili.com\/?p=8102"},"modified":"2023-11-15T11:05:41","modified_gmt":"2023-11-15T10:05:41","slug":"colorin-colorado-mandala-encantado-el-gat-pelut","status":"publish","type":"post","link":"https:\/\/lamaletadelili.com\/ca\/activitats-realitzades\/colorin-colorado-mandala-encantado-el-gat-pelut\/","title":{"rendered":"Color\u00edn colorado, mandala encantado &#8211; El Gat Pelut"},"content":{"rendered":"\n<div style=\"height:20px\" aria-hidden=\"true\" class=\"wp-block-spacer\"><\/div>\n\n\n\n<div class=\"wp-block-media-text alignwide has-background\" style=\"background-color:#eeeeee;grid-template-columns:35% auto\"><figure class=\"wp-block-media-text__media\"><img decoding=\"async\" width=\"450\" height=\"450\" src=\"https:\/\/lamaletadelili.com\/wp-content\/uploads\/2019\/11\/Cartell-anunci-gat-pelut-19.10.19.jpg\" alt=\"\" class=\"wp-image-8119 size-full\" srcset=\"https:\/\/lamaletadelili.com\/wp-content\/uploads\/2019\/11\/Cartell-anunci-gat-pelut-19.10.19.jpg 450w, https:\/\/lamaletadelili.com\/wp-content\/uploads\/2019\/11\/Cartell-anunci-gat-pelut-19.10.19-150x150.jpg 150w, https:\/\/lamaletadelili.com\/wp-content\/uploads\/2019\/11\/Cartell-anunci-gat-pelut-19.10.19-215x215.jpg 215w\" sizes=\"(max-width: 450px) 100vw, 450px\" \/><\/figure><div class=\"wp-block-media-text__content\">\n<p class=\"has-text-align-center\"><strong>Vam estar al Gat Pelut el dissabte 19 d&#8217;octubre. La Lili estava molt emocionada, ja que era la primera vegada que estava en aquesta llibreria m\u00e0gica.<\/strong><\/p>\n<\/div><\/div>\n\n\n\n<div style=\"height:20px\" aria-hidden=\"true\" class=\"wp-block-spacer\"><\/div>\n\n\n\n<p>Primer es van escoltar contes cl\u00e0ssics com la Caputxeta Vermella, Rinxols d&#8217;or, i algun poema de l&#8217;Herbolari de les Fades. Despr\u00e9s, van estar pintant els mandales que ells escollien, fins i tot, alguns es van emportar alguns a casa per pintar-los. Els m\u00e9s pintats van ser els de Caputxeta i el de Fada.<\/p>\n\n\n\n<figure class=\"wp-block-gallery aligncenter has-nested-images columns-default is-cropped wp-block-gallery-1 is-layout-flex wp-block-gallery-is-layout-flex\">\n<figure class=\"wp-block-image is-style-default\"><img decoding=\"async\" width=\"450\" height=\"450\" data-id=\"8110\" src=\"https:\/\/lamaletadelili.com\/wp-content\/uploads\/2019\/11\/El-gat-pelut-19.10.19.-1-450x450.jpg\" alt=\"\" class=\"wp-image-8110\" srcset=\"https:\/\/lamaletadelili.com\/wp-content\/uploads\/2019\/11\/El-gat-pelut-19.10.19.-1-450x450.jpg 450w, https:\/\/lamaletadelili.com\/wp-content\/uploads\/2019\/11\/El-gat-pelut-19.10.19.-1-150x150.jpg 150w, https:\/\/lamaletadelili.com\/wp-content\/uploads\/2019\/11\/El-gat-pelut-19.10.19.-1-215x215.jpg 215w, https:\/\/lamaletadelili.com\/wp-content\/uploads\/2019\/11\/El-gat-pelut-19.10.19.-1.jpg 500w\" sizes=\"(max-width: 450px) 100vw, 450px\" \/><figcaption class=\"wp-element-caption\">Colrin Colorado, mandala encantado<\/figcaption><\/figure>\n\n\n\n<figure class=\"wp-block-image is-style-default\"><img decoding=\"async\" width=\"450\" height=\"450\" data-id=\"8112\" src=\"https:\/\/lamaletadelili.com\/wp-content\/uploads\/2019\/11\/El-gat-pelut-19.10.19.-2-450x450.jpg\" alt=\"\" class=\"wp-image-8112\" srcset=\"https:\/\/lamaletadelili.com\/wp-content\/uploads\/2019\/11\/El-gat-pelut-19.10.19.-2-450x450.jpg 450w, https:\/\/lamaletadelili.com\/wp-content\/uploads\/2019\/11\/El-gat-pelut-19.10.19.-2-150x150.jpg 150w, https:\/\/lamaletadelili.com\/wp-content\/uploads\/2019\/11\/El-gat-pelut-19.10.19.-2-215x215.jpg 215w, https:\/\/lamaletadelili.com\/wp-content\/uploads\/2019\/11\/El-gat-pelut-19.10.19.-2.jpg 500w\" sizes=\"(max-width: 450px) 100vw, 450px\" \/><\/figure>\n<\/figure>\n\n\n\n<p>Van venir poques fam\u00edlies per\u00f2 l&#8217;ambient va ser molt maco, i van participar-hi molt, tenint present que hi havia una fam\u00edlia amb una nena de no m\u00e9s de tres anys. <\/p>\n\n\n\n<figure class=\"wp-block-gallery has-nested-images columns-default is-cropped wp-block-gallery-2 is-layout-flex wp-block-gallery-is-layout-flex\">\n<figure class=\"wp-block-image is-style-default\"><img decoding=\"async\" width=\"450\" height=\"450\" data-id=\"8116\" src=\"https:\/\/lamaletadelili.com\/wp-content\/uploads\/2019\/11\/El-gat-pelut-19.10.19.-4-450x450.jpg\" alt=\"\" class=\"wp-image-8116\" srcset=\"https:\/\/lamaletadelili.com\/wp-content\/uploads\/2019\/11\/El-gat-pelut-19.10.19.-4-450x450.jpg 450w, https:\/\/lamaletadelili.com\/wp-content\/uploads\/2019\/11\/El-gat-pelut-19.10.19.-4-150x150.jpg 150w, https:\/\/lamaletadelili.com\/wp-content\/uploads\/2019\/11\/El-gat-pelut-19.10.19.-4-215x215.jpg 215w, https:\/\/lamaletadelili.com\/wp-content\/uploads\/2019\/11\/El-gat-pelut-19.10.19.-4.jpg 500w\" sizes=\"(max-width: 450px) 100vw, 450px\" \/><\/figure>\n\n\n\n<figure class=\"wp-block-image is-style-default\"><img decoding=\"async\" width=\"450\" height=\"450\" data-id=\"8114\" src=\"https:\/\/lamaletadelili.com\/wp-content\/uploads\/2019\/11\/El-gat-pelut-19.10.19.-3-450x450.jpg\" alt=\"\" class=\"wp-image-8114\" srcset=\"https:\/\/lamaletadelili.com\/wp-content\/uploads\/2019\/11\/El-gat-pelut-19.10.19.-3-450x450.jpg 450w, https:\/\/lamaletadelili.com\/wp-content\/uploads\/2019\/11\/El-gat-pelut-19.10.19.-3-150x150.jpg 150w, https:\/\/lamaletadelili.com\/wp-content\/uploads\/2019\/11\/El-gat-pelut-19.10.19.-3-215x215.jpg 215w, https:\/\/lamaletadelili.com\/wp-content\/uploads\/2019\/11\/El-gat-pelut-19.10.19.-3.jpg 500w\" sizes=\"(max-width: 450px) 100vw, 450px\" \/><\/figure>\n<\/figure>\n\n\n\n<p>Va ser una experi\u00e8ncia molt emocionant&#8230; Moltes gr\u00e0cies Gat Pelut, hi tornarem aviat!<\/p>\n","protected":false},"excerpt":{"rendered":"<p>La llibreria El gat Pelut de Barcelona es va omplir de contes cl\u00e0ssics i de persontages convertits en mandales per pintar.<\/p>\n","protected":false},"author":2,"featured_media":8107,"comment_status":"open","ping_status":"open","sticky":false,"template":"","format":"standard","meta":{"_uag_custom_page_level_css":"","site-sidebar-layout":"default","site-content-layout":"","ast-site-content-layout":"default","site-content-style":"default","site-sidebar-style":"default","ast-global-header-display":"","ast-banner-title-visibility":"","ast-main-header-display":"","ast-hfb-above-header-display":"","ast-hfb-below-header-display":"","ast-hfb-mobile-header-display":"","site-post-title":"","ast-breadcrumbs-content":"","ast-featured-img":"","footer-sml-layout":"","ast-disable-related-posts":"","theme-transparent-header-meta":"","adv-header-id-meta":"","stick-header-meta":"","header-above-stick-meta":"","header-main-stick-meta":"","header-below-stick-meta":"","astra-migrate-meta-layouts":"set","ast-page-background-enabled":"default","ast-page-background-meta":{"desktop":{"background-color":"var(--ast-global-color-4)","background-image":"","background-repeat":"repeat","background-position":"center center","background-size":"auto","background-attachment":"scroll","background-type":"","background-media":"","overlay-type":"","overlay-color":"","overlay-opacity":"","overlay-gradient":""},"tablet":{"background-color":"","background-image":"","background-repeat":"repeat","background-position":"center center","background-size":"auto","background-attachment":"scroll","background-type":"","background-media":"","overlay-type":"","overlay-color":"","overlay-opacity":"","overlay-gradient":""},"mobile":{"background-color":"","background-image":"","background-repeat":"repeat","background-position":"center center","background-size":"auto","background-attachment":"scroll","background-type":"","background-media":"","overlay-type":"","overlay-color":"","overlay-opacity":"","overlay-gradient":""}},"ast-content-background-meta":{"desktop":{"background-color":"var(--ast-global-color-5)","background-image":"","background-repeat":"repeat","background-position":"center center","background-size":"auto","background-attachment":"scroll","background-type":"","background-media":"","overlay-type":"","overlay-color":"","overlay-opacity":"","overlay-gradient":""},"tablet":{"background-color":"var(--ast-global-color-5)","background-image":"","background-repeat":"repeat","background-position":"center center","background-size":"auto","background-attachment":"scroll","background-type":"","background-media":"","overlay-type":"","overlay-color":"","overlay-opacity":"","overlay-gradient":""},"mobile":{"background-color":"var(--ast-global-color-5)","background-image":"","background-repeat":"repeat","background-position":"center center","background-size":"auto","background-attachment":"scroll","background-type":"","background-media":"","overlay-type":"","overlay-color":"","overlay-opacity":"","overlay-gradient":""}},"footnotes":""},"categories":[527],"tags":[528],"class_list":["post-8102","post","type-post","status-publish","format-standard","has-post-thumbnail","hentry","category-activitats-realitzades","tag-el-gat-pelut"],"yoast_head":"<!-- This site is optimized with the Yoast SEO plugin v27.4 - https:\/\/yoast.com\/product\/yoast-seo-wordpress\/ -->\n<title>Color\u00edn colorado, mandala encantado - El Gat Pelut - La maleta de Lili<\/title>\n<meta name=\"robots\" content=\"index, follow, max-snippet:-1, max-image-preview:large, max-video-preview:-1\" \/>\n<link rel=\"canonical\" href=\"https:\/\/lamaletadelili.com\/ca\/activitats-realitzades\/colorin-colorado-mandala-encantado-el-gat-pelut\/\" \/>\n<meta property=\"og:locale\" content=\"ca_ES\" \/>\n<meta property=\"og:type\" content=\"article\" \/>\n<meta property=\"og:title\" content=\"Color\u00edn colorado, mandala encantado - El Gat Pelut - La maleta de Lili\" \/>\n<meta property=\"og:description\" content=\"La llibreria El gat Pelut de Barcelona es va omplir de contes cl\u00e0ssics i de persontages convertits en mandales per pintar.\" \/>\n<meta property=\"og:url\" content=\"https:\/\/lamaletadelili.com\/ca\/activitats-realitzades\/colorin-colorado-mandala-encantado-el-gat-pelut\/\" \/>\n<meta property=\"og:site_name\" content=\"La maleta de Lili\" \/>\n<meta property=\"article:published_time\" content=\"2019-11-08T07:08:04+00:00\" \/>\n<meta property=\"article:modified_time\" content=\"2023-11-15T10:05:41+00:00\" \/>\n<meta property=\"og:image\" content=\"https:\/\/lamaletadelili.com\/wp-content\/uploads\/2019\/11\/activitat-el-gat-pelut-19.10.19.jpg\" \/>\n\t<meta property=\"og:image:width\" content=\"800\" \/>\n\t<meta property=\"og:image:height\" content=\"450\" \/>\n\t<meta property=\"og:image:type\" content=\"image\/jpeg\" \/>\n<meta name=\"author\" content=\"Lili\" \/>\n<meta name=\"twitter:card\" content=\"summary_large_image\" \/>\n<meta name=\"twitter:label1\" content=\"Escrit per\" \/>\n\t<meta name=\"twitter:data1\" content=\"Lili\" \/>\n\t<meta name=\"twitter:label2\" content=\"Temps estimat de lectura\" \/>\n\t<meta name=\"twitter:data2\" content=\"1 minut\" \/>\n<script type=\"application\/ld+json\" class=\"yoast-schema-graph\">{\"@context\":\"https:\\\/\\\/schema.org\",\"@graph\":[{\"@type\":\"Article\",\"@id\":\"https:\\\/\\\/lamaletadelili.com\\\/ca\\\/activitats-realitzades\\\/colorin-colorado-mandala-encantado-el-gat-pelut\\\/#article\",\"isPartOf\":{\"@id\":\"https:\\\/\\\/lamaletadelili.com\\\/ca\\\/activitats-realitzades\\\/colorin-colorado-mandala-encantado-el-gat-pelut\\\/\"},\"author\":{\"name\":\"Lili\",\"@id\":\"https:\\\/\\\/lamaletadelili.com\\\/#\\\/schema\\\/person\\\/0b369bfb34abc5b05dad849dd46e7216\"},\"headline\":\"Color\u00edn colorado, mandala encantado &#8211; El Gat Pelut\",\"datePublished\":\"2019-11-08T07:08:04+00:00\",\"dateModified\":\"2023-11-15T10:05:41+00:00\",\"mainEntityOfPage\":{\"@id\":\"https:\\\/\\\/lamaletadelili.com\\\/ca\\\/activitats-realitzades\\\/colorin-colorado-mandala-encantado-el-gat-pelut\\\/\"},\"wordCount\":147,\"commentCount\":0,\"publisher\":{\"@id\":\"https:\\\/\\\/lamaletadelili.com\\\/#organization\"},\"image\":{\"@id\":\"https:\\\/\\\/lamaletadelili.com\\\/ca\\\/activitats-realitzades\\\/colorin-colorado-mandala-encantado-el-gat-pelut\\\/#primaryimage\"},\"thumbnailUrl\":\"https:\\\/\\\/lamaletadelili.com\\\/wp-content\\\/uploads\\\/2019\\\/11\\\/activitat-el-gat-pelut-19.10.19.jpg\",\"keywords\":[\"El Gat Pelut\"],\"articleSection\":[\"Activitats realitzades\"],\"inLanguage\":\"ca\",\"potentialAction\":[{\"@type\":\"CommentAction\",\"name\":\"Comment\",\"target\":[\"https:\\\/\\\/lamaletadelili.com\\\/ca\\\/activitats-realitzades\\\/colorin-colorado-mandala-encantado-el-gat-pelut\\\/#respond\"]}]},{\"@type\":\"WebPage\",\"@id\":\"https:\\\/\\\/lamaletadelili.com\\\/ca\\\/activitats-realitzades\\\/colorin-colorado-mandala-encantado-el-gat-pelut\\\/\",\"url\":\"https:\\\/\\\/lamaletadelili.com\\\/ca\\\/activitats-realitzades\\\/colorin-colorado-mandala-encantado-el-gat-pelut\\\/\",\"name\":\"Color\u00edn colorado, mandala encantado - El Gat Pelut - La maleta de Lili\",\"isPartOf\":{\"@id\":\"https:\\\/\\\/lamaletadelili.com\\\/#website\"},\"primaryImageOfPage\":{\"@id\":\"https:\\\/\\\/lamaletadelili.com\\\/ca\\\/activitats-realitzades\\\/colorin-colorado-mandala-encantado-el-gat-pelut\\\/#primaryimage\"},\"image\":{\"@id\":\"https:\\\/\\\/lamaletadelili.com\\\/ca\\\/activitats-realitzades\\\/colorin-colorado-mandala-encantado-el-gat-pelut\\\/#primaryimage\"},\"thumbnailUrl\":\"https:\\\/\\\/lamaletadelili.com\\\/wp-content\\\/uploads\\\/2019\\\/11\\\/activitat-el-gat-pelut-19.10.19.jpg\",\"datePublished\":\"2019-11-08T07:08:04+00:00\",\"dateModified\":\"2023-11-15T10:05:41+00:00\",\"breadcrumb\":{\"@id\":\"https:\\\/\\\/lamaletadelili.com\\\/ca\\\/activitats-realitzades\\\/colorin-colorado-mandala-encantado-el-gat-pelut\\\/#breadcrumb\"},\"inLanguage\":\"ca\",\"potentialAction\":[{\"@type\":\"ReadAction\",\"target\":[\"https:\\\/\\\/lamaletadelili.com\\\/ca\\\/activitats-realitzades\\\/colorin-colorado-mandala-encantado-el-gat-pelut\\\/\"]}]},{\"@type\":\"ImageObject\",\"inLanguage\":\"ca\",\"@id\":\"https:\\\/\\\/lamaletadelili.com\\\/ca\\\/activitats-realitzades\\\/colorin-colorado-mandala-encantado-el-gat-pelut\\\/#primaryimage\",\"url\":\"https:\\\/\\\/lamaletadelili.com\\\/wp-content\\\/uploads\\\/2019\\\/11\\\/activitat-el-gat-pelut-19.10.19.jpg\",\"contentUrl\":\"https:\\\/\\\/lamaletadelili.com\\\/wp-content\\\/uploads\\\/2019\\\/11\\\/activitat-el-gat-pelut-19.10.19.jpg\",\"width\":800,\"height\":450,\"caption\":\"Llibreria El Gat Pelut\"},{\"@type\":\"BreadcrumbList\",\"@id\":\"https:\\\/\\\/lamaletadelili.com\\\/ca\\\/activitats-realitzades\\\/colorin-colorado-mandala-encantado-el-gat-pelut\\\/#breadcrumb\",\"itemListElement\":[{\"@type\":\"ListItem\",\"position\":1,\"name\":\"Portada\",\"item\":\"https:\\\/\\\/lamaletadelili.com\\\/ca\\\/\"},{\"@type\":\"ListItem\",\"position\":2,\"name\":\"Color\u00edn colorado, mandala encantado &#8211; El Gat Pelut\"}]},{\"@type\":\"WebSite\",\"@id\":\"https:\\\/\\\/lamaletadelili.com\\\/#website\",\"url\":\"https:\\\/\\\/lamaletadelili.com\\\/\",\"name\":\"La maleta de Lili\",\"description\":\"Cuenta cuentos\",\"publisher\":{\"@id\":\"https:\\\/\\\/lamaletadelili.com\\\/#organization\"},\"potentialAction\":[{\"@type\":\"SearchAction\",\"target\":{\"@type\":\"EntryPoint\",\"urlTemplate\":\"https:\\\/\\\/lamaletadelili.com\\\/?s={search_term_string}\"},\"query-input\":{\"@type\":\"PropertyValueSpecification\",\"valueRequired\":true,\"valueName\":\"search_term_string\"}}],\"inLanguage\":\"ca\"},{\"@type\":\"Organization\",\"@id\":\"https:\\\/\\\/lamaletadelili.com\\\/#organization\",\"name\":\"La maleta de Lili\",\"url\":\"https:\\\/\\\/lamaletadelili.com\\\/\",\"logo\":{\"@type\":\"ImageObject\",\"inLanguage\":\"ca\",\"@id\":\"https:\\\/\\\/lamaletadelili.com\\\/#\\\/schema\\\/logo\\\/image\\\/\",\"url\":\"https:\\\/\\\/lamaletadelili.com\\\/wp-content\\\/uploads\\\/2019\\\/07\\\/LOGO-La-maleta-de-Lili-catalan.png\",\"contentUrl\":\"https:\\\/\\\/lamaletadelili.com\\\/wp-content\\\/uploads\\\/2019\\\/07\\\/LOGO-La-maleta-de-Lili-catalan.png\",\"width\":450,\"height\":177,\"caption\":\"La maleta de Lili\"},\"image\":{\"@id\":\"https:\\\/\\\/lamaletadelili.com\\\/#\\\/schema\\\/logo\\\/image\\\/\"}},{\"@type\":\"Person\",\"@id\":\"https:\\\/\\\/lamaletadelili.com\\\/#\\\/schema\\\/person\\\/0b369bfb34abc5b05dad849dd46e7216\",\"name\":\"Lili\",\"image\":{\"@type\":\"ImageObject\",\"inLanguage\":\"ca\",\"@id\":\"https:\\\/\\\/lamaletadelili.com\\\/wp-content\\\/litespeed\\\/avatar\\\/76b539669a3dc81823ce0f8f87bd4577.jpg?ver=1777588790\",\"url\":\"https:\\\/\\\/lamaletadelili.com\\\/wp-content\\\/litespeed\\\/avatar\\\/76b539669a3dc81823ce0f8f87bd4577.jpg?ver=1777588790\",\"contentUrl\":\"https:\\\/\\\/lamaletadelili.com\\\/wp-content\\\/litespeed\\\/avatar\\\/76b539669a3dc81823ce0f8f87bd4577.jpg?ver=1777588790\",\"caption\":\"Lili\"},\"description\":\"Proyecto de animaci\u00f3n a la lectura dirigido a potenciar la literatura infantil desde las primeras edades.\",\"sameAs\":[\"https:\\\/\\\/lamaletadelili.com\"],\"url\":\"https:\\\/\\\/lamaletadelili.com\\\/ca\\\/author\\\/lili\\\/\"}]}<\/script>\n<!-- \/ Yoast SEO plugin. -->","yoast_head_json":{"title":"Color\u00edn colorado, mandala encantado - El Gat Pelut - La maleta de Lili","robots":{"index":"index","follow":"follow","max-snippet":"max-snippet:-1","max-image-preview":"max-image-preview:large","max-video-preview":"max-video-preview:-1"},"canonical":"https:\/\/lamaletadelili.com\/ca\/activitats-realitzades\/colorin-colorado-mandala-encantado-el-gat-pelut\/","og_locale":"ca_ES","og_type":"article","og_title":"Color\u00edn colorado, mandala encantado - El Gat Pelut - La maleta de Lili","og_description":"La llibreria El gat Pelut de Barcelona es va omplir de contes cl\u00e0ssics i de persontages convertits en mandales per pintar.","og_url":"https:\/\/lamaletadelili.com\/ca\/activitats-realitzades\/colorin-colorado-mandala-encantado-el-gat-pelut\/","og_site_name":"La maleta de Lili","article_published_time":"2019-11-08T07:08:04+00:00","article_modified_time":"2023-11-15T10:05:41+00:00","og_image":[{"width":800,"height":450,"url":"https:\/\/lamaletadelili.com\/wp-content\/uploads\/2019\/11\/activitat-el-gat-pelut-19.10.19.jpg","type":"image\/jpeg"}],"author":"Lili","twitter_card":"summary_large_image","twitter_misc":{"Escrit per":"Lili","Temps estimat de lectura":"1 minut"},"schema":{"@context":"https:\/\/schema.org","@graph":[{"@type":"Article","@id":"https:\/\/lamaletadelili.com\/ca\/activitats-realitzades\/colorin-colorado-mandala-encantado-el-gat-pelut\/#article","isPartOf":{"@id":"https:\/\/lamaletadelili.com\/ca\/activitats-realitzades\/colorin-colorado-mandala-encantado-el-gat-pelut\/"},"author":{"name":"Lili","@id":"https:\/\/lamaletadelili.com\/#\/schema\/person\/0b369bfb34abc5b05dad849dd46e7216"},"headline":"Color\u00edn colorado, mandala encantado &#8211; El Gat Pelut","datePublished":"2019-11-08T07:08:04+00:00","dateModified":"2023-11-15T10:05:41+00:00","mainEntityOfPage":{"@id":"https:\/\/lamaletadelili.com\/ca\/activitats-realitzades\/colorin-colorado-mandala-encantado-el-gat-pelut\/"},"wordCount":147,"commentCount":0,"publisher":{"@id":"https:\/\/lamaletadelili.com\/#organization"},"image":{"@id":"https:\/\/lamaletadelili.com\/ca\/activitats-realitzades\/colorin-colorado-mandala-encantado-el-gat-pelut\/#primaryimage"},"thumbnailUrl":"https:\/\/lamaletadelili.com\/wp-content\/uploads\/2019\/11\/activitat-el-gat-pelut-19.10.19.jpg","keywords":["El Gat Pelut"],"articleSection":["Activitats realitzades"],"inLanguage":"ca","potentialAction":[{"@type":"CommentAction","name":"Comment","target":["https:\/\/lamaletadelili.com\/ca\/activitats-realitzades\/colorin-colorado-mandala-encantado-el-gat-pelut\/#respond"]}]},{"@type":"WebPage","@id":"https:\/\/lamaletadelili.com\/ca\/activitats-realitzades\/colorin-colorado-mandala-encantado-el-gat-pelut\/","url":"https:\/\/lamaletadelili.com\/ca\/activitats-realitzades\/colorin-colorado-mandala-encantado-el-gat-pelut\/","name":"Color\u00edn colorado, mandala encantado - El Gat Pelut - La maleta de Lili","isPartOf":{"@id":"https:\/\/lamaletadelili.com\/#website"},"primaryImageOfPage":{"@id":"https:\/\/lamaletadelili.com\/ca\/activitats-realitzades\/colorin-colorado-mandala-encantado-el-gat-pelut\/#primaryimage"},"image":{"@id":"https:\/\/lamaletadelili.com\/ca\/activitats-realitzades\/colorin-colorado-mandala-encantado-el-gat-pelut\/#primaryimage"},"thumbnailUrl":"https:\/\/lamaletadelili.com\/wp-content\/uploads\/2019\/11\/activitat-el-gat-pelut-19.10.19.jpg","datePublished":"2019-11-08T07:08:04+00:00","dateModified":"2023-11-15T10:05:41+00:00","breadcrumb":{"@id":"https:\/\/lamaletadelili.com\/ca\/activitats-realitzades\/colorin-colorado-mandala-encantado-el-gat-pelut\/#breadcrumb"},"inLanguage":"ca","potentialAction":[{"@type":"ReadAction","target":["https:\/\/lamaletadelili.com\/ca\/activitats-realitzades\/colorin-colorado-mandala-encantado-el-gat-pelut\/"]}]},{"@type":"ImageObject","inLanguage":"ca","@id":"https:\/\/lamaletadelili.com\/ca\/activitats-realitzades\/colorin-colorado-mandala-encantado-el-gat-pelut\/#primaryimage","url":"https:\/\/lamaletadelili.com\/wp-content\/uploads\/2019\/11\/activitat-el-gat-pelut-19.10.19.jpg","contentUrl":"https:\/\/lamaletadelili.com\/wp-content\/uploads\/2019\/11\/activitat-el-gat-pelut-19.10.19.jpg","width":800,"height":450,"caption":"Llibreria El Gat Pelut"},{"@type":"BreadcrumbList","@id":"https:\/\/lamaletadelili.com\/ca\/activitats-realitzades\/colorin-colorado-mandala-encantado-el-gat-pelut\/#breadcrumb","itemListElement":[{"@type":"ListItem","position":1,"name":"Portada","item":"https:\/\/lamaletadelili.com\/ca\/"},{"@type":"ListItem","position":2,"name":"Color\u00edn colorado, mandala encantado &#8211; El Gat Pelut"}]},{"@type":"WebSite","@id":"https:\/\/lamaletadelili.com\/#website","url":"https:\/\/lamaletadelili.com\/","name":"La maleta de Lili","description":"Cuenta cuentos","publisher":{"@id":"https:\/\/lamaletadelili.com\/#organization"},"potentialAction":[{"@type":"SearchAction","target":{"@type":"EntryPoint","urlTemplate":"https:\/\/lamaletadelili.com\/?s={search_term_string}"},"query-input":{"@type":"PropertyValueSpecification","valueRequired":true,"valueName":"search_term_string"}}],"inLanguage":"ca"},{"@type":"Organization","@id":"https:\/\/lamaletadelili.com\/#organization","name":"La maleta de Lili","url":"https:\/\/lamaletadelili.com\/","logo":{"@type":"ImageObject","inLanguage":"ca","@id":"https:\/\/lamaletadelili.com\/#\/schema\/logo\/image\/","url":"https:\/\/lamaletadelili.com\/wp-content\/uploads\/2019\/07\/LOGO-La-maleta-de-Lili-catalan.png","contentUrl":"https:\/\/lamaletadelili.com\/wp-content\/uploads\/2019\/07\/LOGO-La-maleta-de-Lili-catalan.png","width":450,"height":177,"caption":"La maleta de Lili"},"image":{"@id":"https:\/\/lamaletadelili.com\/#\/schema\/logo\/image\/"}},{"@type":"Person","@id":"https:\/\/lamaletadelili.com\/#\/schema\/person\/0b369bfb34abc5b05dad849dd46e7216","name":"Lili","image":{"@type":"ImageObject","inLanguage":"ca","@id":"https:\/\/lamaletadelili.com\/wp-content\/litespeed\/avatar\/76b539669a3dc81823ce0f8f87bd4577.jpg?ver=1777588790","url":"https:\/\/lamaletadelili.com\/wp-content\/litespeed\/avatar\/76b539669a3dc81823ce0f8f87bd4577.jpg?ver=1777588790","contentUrl":"https:\/\/lamaletadelili.com\/wp-content\/litespeed\/avatar\/76b539669a3dc81823ce0f8f87bd4577.jpg?ver=1777588790","caption":"Lili"},"description":"Proyecto de animaci\u00f3n a la lectura dirigido a potenciar la literatura infantil desde las primeras edades.","sameAs":["https:\/\/lamaletadelili.com"],"url":"https:\/\/lamaletadelili.com\/ca\/author\/lili\/"}]}},"uagb_featured_image_src":{"full":["https:\/\/lamaletadelili.com\/wp-content\/uploads\/2019\/11\/activitat-el-gat-pelut-19.10.19.jpg",800,450,false],"thumbnail":["https:\/\/lamaletadelili.com\/wp-content\/uploads\/2019\/11\/activitat-el-gat-pelut-19.10.19-150x150.jpg",150,150,true],"medium":["https:\/\/lamaletadelili.com\/wp-content\/uploads\/2019\/11\/activitat-el-gat-pelut-19.10.19-380x215.jpg",380,215,true],"medium_large":["https:\/\/lamaletadelili.com\/wp-content\/uploads\/2019\/11\/activitat-el-gat-pelut-19.10.19-768x432.jpg",768,432,true],"large":["https:\/\/lamaletadelili.com\/wp-content\/uploads\/2019\/11\/activitat-el-gat-pelut-19.10.19.jpg",800,450,false],"1536x1536":["https:\/\/lamaletadelili.com\/wp-content\/uploads\/2019\/11\/activitat-el-gat-pelut-19.10.19.jpg",800,450,false],"2048x2048":["https:\/\/lamaletadelili.com\/wp-content\/uploads\/2019\/11\/activitat-el-gat-pelut-19.10.19.jpg",800,450,false]},"uagb_author_info":{"display_name":"Lili","author_link":"https:\/\/lamaletadelili.com\/ca\/author\/lili\/"},"uagb_comment_info":0,"uagb_excerpt":"La llibreria El gat Pelut de Barcelona es va omplir de contes cl\u00e0ssics i de persontages convertits en mandales per pintar.","_links":{"self":[{"href":"https:\/\/lamaletadelili.com\/ca\/wp-json\/wp\/v2\/posts\/8102","targetHints":{"allow":["GET"]}}],"collection":[{"href":"https:\/\/lamaletadelili.com\/ca\/wp-json\/wp\/v2\/posts"}],"about":[{"href":"https:\/\/lamaletadelili.com\/ca\/wp-json\/wp\/v2\/types\/post"}],"author":[{"embeddable":true,"href":"https:\/\/lamaletadelili.com\/ca\/wp-json\/wp\/v2\/users\/2"}],"replies":[{"embeddable":true,"href":"https:\/\/lamaletadelili.com\/ca\/wp-json\/wp\/v2\/comments?post=8102"}],"version-history":[{"count":0,"href":"https:\/\/lamaletadelili.com\/ca\/wp-json\/wp\/v2\/posts\/8102\/revisions"}],"wp:featuredmedia":[{"embeddable":true,"href":"https:\/\/lamaletadelili.com\/ca\/wp-json\/wp\/v2\/media\/8107"}],"wp:attachment":[{"href":"https:\/\/lamaletadelili.com\/ca\/wp-json\/wp\/v2\/media?parent=8102"}],"wp:term":[{"taxonomy":"category","embeddable":true,"href":"https:\/\/lamaletadelili.com\/ca\/wp-json\/wp\/v2\/categories?post=8102"},{"taxonomy":"post_tag","embeddable":true,"href":"https:\/\/lamaletadelili.com\/ca\/wp-json\/wp\/v2\/tags?post=8102"}],"curies":[{"name":"wp","href":"https:\/\/api.w.org\/{rel}","templated":true}]}}