{"id":5054,"date":"2019-01-10T07:00:48","date_gmt":"2019-01-10T06:00:48","guid":{"rendered":"http:\/\/lamaletadelalili.es\/?p=5054"},"modified":"2020-11-27T19:30:49","modified_gmt":"2020-11-27T18:30:49","slug":"poemes-de-fred-i-manta","status":"publish","type":"post","link":"https:\/\/lamaletadelili.com\/ca\/el-llibre-del-mes\/poemes-de-fred-i-manta\/","title":{"rendered":"Poemes de fred i manta"},"content":{"rendered":"\n<p><em>L&#8217;hivern ha arribat al bosc de Isla Imaginada, els arbres no tenen fulles, el vent murmura entre les montanyes recordant-te que et posis una bufanda i el fred es queda als paratges blalncs cuberts de neu.<\/em><\/p>\n\n\n\n<p><em>Les meves ales estan fredes necessiten una manta, i a la meva maleta he trobat un llibre per escalfar l&#8217;\u00e0nima : <\/em><strong><em>Poemes de fred i manta.<\/em><\/strong><\/p>\n\n\n\n<figure class=\"wp-block-image size-large\"><img decoding=\"async\" width=\"800\" height=\"450\" src=\"https:\/\/lamaletadelili.com\/wp-content\/uploads\/2019\/01\/Poemes-de-fred-i-manta-2-800x450.jpg\" alt=\"\" class=\"wp-image-9889\" srcset=\"https:\/\/lamaletadelili.com\/wp-content\/uploads\/2019\/01\/Poemes-de-fred-i-manta-2.jpg 800w, https:\/\/lamaletadelili.com\/wp-content\/uploads\/2019\/01\/Poemes-de-fred-i-manta-2-380x215.jpg 380w, https:\/\/lamaletadelili.com\/wp-content\/uploads\/2019\/01\/Poemes-de-fred-i-manta-2-768x432.jpg 768w\" sizes=\"(max-width: 800px) 100vw, 800px\" \/><\/figure>\n\n\n\n<p>SET poemes!: tres per rec\u00f3rrer el fred  i el millor de l&#8217;hivern, dos per a presentar la calidesa de la neu, un per al Nadal i un altre per als refredats que no poden faltar!. Tots, ben tapats sota una manta, mentre les mirades dels m\u00e9s petits queden atrapades pel so melodi\u00f3s de les paraules. <\/p>\n\n\n\n<p><br>El ritme de les paraules de l&#8217;autora amb les il\u00b7lustracions basades en tan sols quatre colors: el blanc, com a representaci\u00f3 del fred i de la neu; el verd blav\u00f3s com el fons de la nit; el negre utilitzat en el tra\u00e7 de les l\u00ednies i el vermell per a la calidesa; resulta un poemari molt f\u00e0cil de manejar per la seva grand\u00e0ria, tot en cart\u00f3, per als&nbsp;prelectores. <\/p>\n\n\n\n<p><em>&nbsp;<\/em> <br><em>Com el fred a penes ha comen\u00e7at, algun d&#8217;aquests SET poemes ens abrigar\u00e0 sota les seves paraules mentre en el Bosc d&#8217;Illa Imaginada els follets i les Fades juguem amb la neu, mentre els animals dormen, mentre espereu la meva maleta de contes, mentre surten els poemes, mentre arriba la primavera, mentrestant&#8230;:   <\/em><\/p>\n\n\n\n<h2 class=\"wp-block-heading\">&nbsp; &nbsp; &nbsp; &nbsp; &nbsp; &nbsp; &nbsp; &nbsp; &nbsp; El millor del fred<\/h2>\n\n\n\n<p class=\"has-text-align-center\"><em>Mentre esperem l&#8217;estiu, <\/em><\/p>\n\n\n\n<p class=\"has-text-align-center\"><em>el mar i els gelats, <\/em><\/p>\n\n\n\n<p class=\"has-text-align-center\"><em>l&#8217;hivern tamb\u00e9 ens t\u00e9 secrets preparats. <\/em><\/p>\n\n\n\n<p class=\"has-text-align-center\"><em>Fer un ninlot de neu <\/em><\/p>\n\n\n\n<p class=\"has-text-align-center\"><em>no es pot fer amb sorra. <\/em><\/p>\n\n\n\n<p class=\"has-text-align-center\"><em>Dur un passamuntanyes <\/em><\/p>\n\n\n\n<p class=\"has-text-align-center\"><em>enlloc d&#8217;una gorra. <\/em><\/p>\n\n\n\n<p class=\"has-text-align-center\"><em>Polos, granissats <\/em><\/p>\n\n\n\n<p class=\"has-text-align-center\"><em>hauran d&#8217;esperar. <\/em><\/p>\n\n\n\n<p class=\"has-text-align-center\"><em>Millor xocolata <\/em><\/p>\n\n\n\n<p class=\"has-text-align-center\"><em>i past\u00eds casol\u00e0. <\/em><\/p>\n\n\n\n<p class=\"has-text-align-center\"><em>Si fes massa fred <\/em><\/p>\n\n\n\n<p class=\"has-text-align-center\"><em>per anar en bicicleta: <\/em><\/p>\n\n\n\n<p class=\"has-text-align-center\"><em>patins sobre gel <\/em><\/p>\n\n\n\n<p class=\"has-text-align-center\"><em>i guants i xaqueta!.<\/em><\/p>\n\n\n\n<p class=\"has-text-align-left\"><strong>Autor\/a:<\/strong><a rel=\"noreferrer noopener\" href=\"https:\/\/nuriaalberti.wordpress.com\/\" target=\"_blank\"><strong> N\u00faria Alberti<\/strong><\/a><\/p>\n\n\n\n<p><strong>Ilustrador\/a: <\/strong><a rel=\"noreferrer noopener\" href=\"https:\/\/mercegali.com\/\" target=\"_blank\"><strong>Merc\u00e9 Gal\u00ed<\/strong><\/a><\/p>\n\n\n\n<p><strong>Editorial:<\/strong><a rel=\"noreferrer noopener\" href=\"https:\/\/elcepilanansa.com\/\" target=\"_blank\"><strong> El Cep i la Nansa<\/strong><\/a><\/p>\n","protected":false},"excerpt":{"rendered":"<p>Les meves ales estan fredes necessiten una manta, i a la meva maleta he trobat un llibre per escalfar l&#8217;\u00e0nima : Poemes de fred i manta.<\/p>\n","protected":false},"author":2,"featured_media":9886,"comment_status":"open","ping_status":"open","sticky":false,"template":"","format":"standard","meta":{"_uag_custom_page_level_css":"","site-sidebar-layout":"default","site-content-layout":"","ast-site-content-layout":"default","site-content-style":"default","site-sidebar-style":"default","ast-global-header-display":"","ast-banner-title-visibility":"","ast-main-header-display":"","ast-hfb-above-header-display":"","ast-hfb-below-header-display":"","ast-hfb-mobile-header-display":"","site-post-title":"","ast-breadcrumbs-content":"","ast-featured-img":"","footer-sml-layout":"","ast-disable-related-posts":"","theme-transparent-header-meta":"","adv-header-id-meta":"","stick-header-meta":"","header-above-stick-meta":"","header-main-stick-meta":"","header-below-stick-meta":"","astra-migrate-meta-layouts":"default","ast-page-background-enabled":"default","ast-page-background-meta":{"desktop":{"background-color":"var(--ast-global-color-4)","background-image":"","background-repeat":"repeat","background-position":"center center","background-size":"auto","background-attachment":"scroll","background-type":"","background-media":"","overlay-type":"","overlay-color":"","overlay-opacity":"","overlay-gradient":""},"tablet":{"background-color":"","background-image":"","background-repeat":"repeat","background-position":"center center","background-size":"auto","background-attachment":"scroll","background-type":"","background-media":"","overlay-type":"","overlay-color":"","overlay-opacity":"","overlay-gradient":""},"mobile":{"background-color":"","background-image":"","background-repeat":"repeat","background-position":"center center","background-size":"auto","background-attachment":"scroll","background-type":"","background-media":"","overlay-type":"","overlay-color":"","overlay-opacity":"","overlay-gradient":""}},"ast-content-background-meta":{"desktop":{"background-color":"var(--ast-global-color-5)","background-image":"","background-repeat":"repeat","background-position":"center center","background-size":"auto","background-attachment":"scroll","background-type":"","background-media":"","overlay-type":"","overlay-color":"","overlay-opacity":"","overlay-gradient":""},"tablet":{"background-color":"var(--ast-global-color-5)","background-image":"","background-repeat":"repeat","background-position":"center center","background-size":"auto","background-attachment":"scroll","background-type":"","background-media":"","overlay-type":"","overlay-color":"","overlay-opacity":"","overlay-gradient":""},"mobile":{"background-color":"var(--ast-global-color-5)","background-image":"","background-repeat":"repeat","background-position":"center center","background-size":"auto","background-attachment":"scroll","background-type":"","background-media":"","overlay-type":"","overlay-color":"","overlay-opacity":"","overlay-gradient":""}},"footnotes":""},"categories":[76],"tags":[],"class_list":["post-5054","post","type-post","status-publish","format-standard","has-post-thumbnail","hentry","category-el-llibre-del-mes"],"yoast_head":"<!-- This site is optimized with the Yoast SEO plugin v27.4 - https:\/\/yoast.com\/product\/yoast-seo-wordpress\/ -->\n<title>Poemes de fred i manta - La maleta de Lili<\/title>\n<meta name=\"robots\" content=\"index, follow, max-snippet:-1, max-image-preview:large, max-video-preview:-1\" \/>\n<link rel=\"canonical\" href=\"https:\/\/lamaletadelili.com\/ca\/el-llibre-del-mes\/poemes-de-fred-i-manta\/\" \/>\n<meta property=\"og:locale\" content=\"ca_ES\" \/>\n<meta property=\"og:type\" content=\"article\" \/>\n<meta property=\"og:title\" content=\"Poemes de fred i manta - La maleta de Lili\" \/>\n<meta property=\"og:description\" content=\"Les meves ales estan fredes necessiten una manta, i a la meva maleta he trobat un llibre per escalfar l&#039;\u00e0nima : Poemes de fred i manta.\" \/>\n<meta property=\"og:url\" content=\"https:\/\/lamaletadelili.com\/ca\/el-llibre-del-mes\/poemes-de-fred-i-manta\/\" \/>\n<meta property=\"og:site_name\" content=\"La maleta de Lili\" \/>\n<meta property=\"article:published_time\" content=\"2019-01-10T06:00:48+00:00\" \/>\n<meta property=\"article:modified_time\" content=\"2020-11-27T18:30:49+00:00\" \/>\n<meta property=\"og:image\" content=\"https:\/\/lamaletadelili.com\/wp-content\/uploads\/2019\/01\/Poemes-de-fred-i-manta.jpg\" \/>\n\t<meta property=\"og:image:width\" content=\"800\" \/>\n\t<meta property=\"og:image:height\" content=\"600\" \/>\n\t<meta property=\"og:image:type\" content=\"image\/jpeg\" \/>\n<meta name=\"author\" content=\"Lili\" \/>\n<meta name=\"twitter:card\" content=\"summary_large_image\" \/>\n<meta name=\"twitter:label1\" content=\"Escrit per\" \/>\n\t<meta name=\"twitter:data1\" content=\"Lili\" \/>\n\t<meta name=\"twitter:label2\" content=\"Temps estimat de lectura\" \/>\n\t<meta name=\"twitter:data2\" content=\"2 minuts\" \/>\n<script type=\"application\/ld+json\" class=\"yoast-schema-graph\">{\"@context\":\"https:\\\/\\\/schema.org\",\"@graph\":[{\"@type\":\"Article\",\"@id\":\"https:\\\/\\\/lamaletadelili.com\\\/ca\\\/el-llibre-del-mes\\\/poemes-de-fred-i-manta\\\/#article\",\"isPartOf\":{\"@id\":\"https:\\\/\\\/lamaletadelili.com\\\/ca\\\/el-llibre-del-mes\\\/poemes-de-fred-i-manta\\\/\"},\"author\":{\"name\":\"Lili\",\"@id\":\"https:\\\/\\\/lamaletadelili.com\\\/#\\\/schema\\\/person\\\/0b369bfb34abc5b05dad849dd46e7216\"},\"headline\":\"Poemes de fred i manta\",\"datePublished\":\"2019-01-10T06:00:48+00:00\",\"dateModified\":\"2020-11-27T18:30:49+00:00\",\"mainEntityOfPage\":{\"@id\":\"https:\\\/\\\/lamaletadelili.com\\\/ca\\\/el-llibre-del-mes\\\/poemes-de-fred-i-manta\\\/\"},\"wordCount\":347,\"commentCount\":2,\"publisher\":{\"@id\":\"https:\\\/\\\/lamaletadelili.com\\\/#organization\"},\"image\":{\"@id\":\"https:\\\/\\\/lamaletadelili.com\\\/ca\\\/el-llibre-del-mes\\\/poemes-de-fred-i-manta\\\/#primaryimage\"},\"thumbnailUrl\":\"https:\\\/\\\/lamaletadelili.com\\\/wp-content\\\/uploads\\\/2019\\\/01\\\/Poemes-de-fred-i-manta.jpg\",\"articleSection\":[\"El llibre del mes\"],\"inLanguage\":\"ca\",\"potentialAction\":[{\"@type\":\"CommentAction\",\"name\":\"Comment\",\"target\":[\"https:\\\/\\\/lamaletadelili.com\\\/ca\\\/el-llibre-del-mes\\\/poemes-de-fred-i-manta\\\/#respond\"]}]},{\"@type\":\"WebPage\",\"@id\":\"https:\\\/\\\/lamaletadelili.com\\\/ca\\\/el-llibre-del-mes\\\/poemes-de-fred-i-manta\\\/\",\"url\":\"https:\\\/\\\/lamaletadelili.com\\\/ca\\\/el-llibre-del-mes\\\/poemes-de-fred-i-manta\\\/\",\"name\":\"Poemes de fred i manta - La maleta de Lili\",\"isPartOf\":{\"@id\":\"https:\\\/\\\/lamaletadelili.com\\\/#website\"},\"primaryImageOfPage\":{\"@id\":\"https:\\\/\\\/lamaletadelili.com\\\/ca\\\/el-llibre-del-mes\\\/poemes-de-fred-i-manta\\\/#primaryimage\"},\"image\":{\"@id\":\"https:\\\/\\\/lamaletadelili.com\\\/ca\\\/el-llibre-del-mes\\\/poemes-de-fred-i-manta\\\/#primaryimage\"},\"thumbnailUrl\":\"https:\\\/\\\/lamaletadelili.com\\\/wp-content\\\/uploads\\\/2019\\\/01\\\/Poemes-de-fred-i-manta.jpg\",\"datePublished\":\"2019-01-10T06:00:48+00:00\",\"dateModified\":\"2020-11-27T18:30:49+00:00\",\"breadcrumb\":{\"@id\":\"https:\\\/\\\/lamaletadelili.com\\\/ca\\\/el-llibre-del-mes\\\/poemes-de-fred-i-manta\\\/#breadcrumb\"},\"inLanguage\":\"ca\",\"potentialAction\":[{\"@type\":\"ReadAction\",\"target\":[\"https:\\\/\\\/lamaletadelili.com\\\/ca\\\/el-llibre-del-mes\\\/poemes-de-fred-i-manta\\\/\"]}]},{\"@type\":\"ImageObject\",\"inLanguage\":\"ca\",\"@id\":\"https:\\\/\\\/lamaletadelili.com\\\/ca\\\/el-llibre-del-mes\\\/poemes-de-fred-i-manta\\\/#primaryimage\",\"url\":\"https:\\\/\\\/lamaletadelili.com\\\/wp-content\\\/uploads\\\/2019\\\/01\\\/Poemes-de-fred-i-manta.jpg\",\"contentUrl\":\"https:\\\/\\\/lamaletadelili.com\\\/wp-content\\\/uploads\\\/2019\\\/01\\\/Poemes-de-fred-i-manta.jpg\",\"width\":800,\"height\":600},{\"@type\":\"BreadcrumbList\",\"@id\":\"https:\\\/\\\/lamaletadelili.com\\\/ca\\\/el-llibre-del-mes\\\/poemes-de-fred-i-manta\\\/#breadcrumb\",\"itemListElement\":[{\"@type\":\"ListItem\",\"position\":1,\"name\":\"Portada\",\"item\":\"https:\\\/\\\/lamaletadelili.com\\\/ca\\\/\"},{\"@type\":\"ListItem\",\"position\":2,\"name\":\"Poemes de fred i manta\"}]},{\"@type\":\"WebSite\",\"@id\":\"https:\\\/\\\/lamaletadelili.com\\\/#website\",\"url\":\"https:\\\/\\\/lamaletadelili.com\\\/\",\"name\":\"La maleta de Lili\",\"description\":\"Cuenta cuentos\",\"publisher\":{\"@id\":\"https:\\\/\\\/lamaletadelili.com\\\/#organization\"},\"potentialAction\":[{\"@type\":\"SearchAction\",\"target\":{\"@type\":\"EntryPoint\",\"urlTemplate\":\"https:\\\/\\\/lamaletadelili.com\\\/?s={search_term_string}\"},\"query-input\":{\"@type\":\"PropertyValueSpecification\",\"valueRequired\":true,\"valueName\":\"search_term_string\"}}],\"inLanguage\":\"ca\"},{\"@type\":\"Organization\",\"@id\":\"https:\\\/\\\/lamaletadelili.com\\\/#organization\",\"name\":\"La maleta de Lili\",\"url\":\"https:\\\/\\\/lamaletadelili.com\\\/\",\"logo\":{\"@type\":\"ImageObject\",\"inLanguage\":\"ca\",\"@id\":\"https:\\\/\\\/lamaletadelili.com\\\/#\\\/schema\\\/logo\\\/image\\\/\",\"url\":\"https:\\\/\\\/lamaletadelili.com\\\/wp-content\\\/uploads\\\/2019\\\/07\\\/LOGO-La-maleta-de-Lili-catalan.png\",\"contentUrl\":\"https:\\\/\\\/lamaletadelili.com\\\/wp-content\\\/uploads\\\/2019\\\/07\\\/LOGO-La-maleta-de-Lili-catalan.png\",\"width\":450,\"height\":177,\"caption\":\"La maleta de Lili\"},\"image\":{\"@id\":\"https:\\\/\\\/lamaletadelili.com\\\/#\\\/schema\\\/logo\\\/image\\\/\"}},{\"@type\":\"Person\",\"@id\":\"https:\\\/\\\/lamaletadelili.com\\\/#\\\/schema\\\/person\\\/0b369bfb34abc5b05dad849dd46e7216\",\"name\":\"Lili\",\"image\":{\"@type\":\"ImageObject\",\"inLanguage\":\"ca\",\"@id\":\"https:\\\/\\\/lamaletadelili.com\\\/wp-content\\\/litespeed\\\/avatar\\\/76b539669a3dc81823ce0f8f87bd4577.jpg?ver=1776983692\",\"url\":\"https:\\\/\\\/lamaletadelili.com\\\/wp-content\\\/litespeed\\\/avatar\\\/76b539669a3dc81823ce0f8f87bd4577.jpg?ver=1776983692\",\"contentUrl\":\"https:\\\/\\\/lamaletadelili.com\\\/wp-content\\\/litespeed\\\/avatar\\\/76b539669a3dc81823ce0f8f87bd4577.jpg?ver=1776983692\",\"caption\":\"Lili\"},\"description\":\"Proyecto de animaci\u00f3n a la lectura dirigido a potenciar la literatura infantil desde las primeras edades.\",\"sameAs\":[\"https:\\\/\\\/lamaletadelili.com\"],\"url\":\"https:\\\/\\\/lamaletadelili.com\\\/ca\\\/author\\\/lili\\\/\"}]}<\/script>\n<!-- \/ Yoast SEO plugin. -->","yoast_head_json":{"title":"Poemes de fred i manta - La maleta de Lili","robots":{"index":"index","follow":"follow","max-snippet":"max-snippet:-1","max-image-preview":"max-image-preview:large","max-video-preview":"max-video-preview:-1"},"canonical":"https:\/\/lamaletadelili.com\/ca\/el-llibre-del-mes\/poemes-de-fred-i-manta\/","og_locale":"ca_ES","og_type":"article","og_title":"Poemes de fred i manta - La maleta de Lili","og_description":"Les meves ales estan fredes necessiten una manta, i a la meva maleta he trobat un llibre per escalfar l'\u00e0nima : Poemes de fred i manta.","og_url":"https:\/\/lamaletadelili.com\/ca\/el-llibre-del-mes\/poemes-de-fred-i-manta\/","og_site_name":"La maleta de Lili","article_published_time":"2019-01-10T06:00:48+00:00","article_modified_time":"2020-11-27T18:30:49+00:00","og_image":[{"width":800,"height":600,"url":"https:\/\/lamaletadelili.com\/wp-content\/uploads\/2019\/01\/Poemes-de-fred-i-manta.jpg","type":"image\/jpeg"}],"author":"Lili","twitter_card":"summary_large_image","twitter_misc":{"Escrit per":"Lili","Temps estimat de lectura":"2 minuts"},"schema":{"@context":"https:\/\/schema.org","@graph":[{"@type":"Article","@id":"https:\/\/lamaletadelili.com\/ca\/el-llibre-del-mes\/poemes-de-fred-i-manta\/#article","isPartOf":{"@id":"https:\/\/lamaletadelili.com\/ca\/el-llibre-del-mes\/poemes-de-fred-i-manta\/"},"author":{"name":"Lili","@id":"https:\/\/lamaletadelili.com\/#\/schema\/person\/0b369bfb34abc5b05dad849dd46e7216"},"headline":"Poemes de fred i manta","datePublished":"2019-01-10T06:00:48+00:00","dateModified":"2020-11-27T18:30:49+00:00","mainEntityOfPage":{"@id":"https:\/\/lamaletadelili.com\/ca\/el-llibre-del-mes\/poemes-de-fred-i-manta\/"},"wordCount":347,"commentCount":2,"publisher":{"@id":"https:\/\/lamaletadelili.com\/#organization"},"image":{"@id":"https:\/\/lamaletadelili.com\/ca\/el-llibre-del-mes\/poemes-de-fred-i-manta\/#primaryimage"},"thumbnailUrl":"https:\/\/lamaletadelili.com\/wp-content\/uploads\/2019\/01\/Poemes-de-fred-i-manta.jpg","articleSection":["El llibre del mes"],"inLanguage":"ca","potentialAction":[{"@type":"CommentAction","name":"Comment","target":["https:\/\/lamaletadelili.com\/ca\/el-llibre-del-mes\/poemes-de-fred-i-manta\/#respond"]}]},{"@type":"WebPage","@id":"https:\/\/lamaletadelili.com\/ca\/el-llibre-del-mes\/poemes-de-fred-i-manta\/","url":"https:\/\/lamaletadelili.com\/ca\/el-llibre-del-mes\/poemes-de-fred-i-manta\/","name":"Poemes de fred i manta - La maleta de Lili","isPartOf":{"@id":"https:\/\/lamaletadelili.com\/#website"},"primaryImageOfPage":{"@id":"https:\/\/lamaletadelili.com\/ca\/el-llibre-del-mes\/poemes-de-fred-i-manta\/#primaryimage"},"image":{"@id":"https:\/\/lamaletadelili.com\/ca\/el-llibre-del-mes\/poemes-de-fred-i-manta\/#primaryimage"},"thumbnailUrl":"https:\/\/lamaletadelili.com\/wp-content\/uploads\/2019\/01\/Poemes-de-fred-i-manta.jpg","datePublished":"2019-01-10T06:00:48+00:00","dateModified":"2020-11-27T18:30:49+00:00","breadcrumb":{"@id":"https:\/\/lamaletadelili.com\/ca\/el-llibre-del-mes\/poemes-de-fred-i-manta\/#breadcrumb"},"inLanguage":"ca","potentialAction":[{"@type":"ReadAction","target":["https:\/\/lamaletadelili.com\/ca\/el-llibre-del-mes\/poemes-de-fred-i-manta\/"]}]},{"@type":"ImageObject","inLanguage":"ca","@id":"https:\/\/lamaletadelili.com\/ca\/el-llibre-del-mes\/poemes-de-fred-i-manta\/#primaryimage","url":"https:\/\/lamaletadelili.com\/wp-content\/uploads\/2019\/01\/Poemes-de-fred-i-manta.jpg","contentUrl":"https:\/\/lamaletadelili.com\/wp-content\/uploads\/2019\/01\/Poemes-de-fred-i-manta.jpg","width":800,"height":600},{"@type":"BreadcrumbList","@id":"https:\/\/lamaletadelili.com\/ca\/el-llibre-del-mes\/poemes-de-fred-i-manta\/#breadcrumb","itemListElement":[{"@type":"ListItem","position":1,"name":"Portada","item":"https:\/\/lamaletadelili.com\/ca\/"},{"@type":"ListItem","position":2,"name":"Poemes de fred i manta"}]},{"@type":"WebSite","@id":"https:\/\/lamaletadelili.com\/#website","url":"https:\/\/lamaletadelili.com\/","name":"La maleta de Lili","description":"Cuenta cuentos","publisher":{"@id":"https:\/\/lamaletadelili.com\/#organization"},"potentialAction":[{"@type":"SearchAction","target":{"@type":"EntryPoint","urlTemplate":"https:\/\/lamaletadelili.com\/?s={search_term_string}"},"query-input":{"@type":"PropertyValueSpecification","valueRequired":true,"valueName":"search_term_string"}}],"inLanguage":"ca"},{"@type":"Organization","@id":"https:\/\/lamaletadelili.com\/#organization","name":"La maleta de Lili","url":"https:\/\/lamaletadelili.com\/","logo":{"@type":"ImageObject","inLanguage":"ca","@id":"https:\/\/lamaletadelili.com\/#\/schema\/logo\/image\/","url":"https:\/\/lamaletadelili.com\/wp-content\/uploads\/2019\/07\/LOGO-La-maleta-de-Lili-catalan.png","contentUrl":"https:\/\/lamaletadelili.com\/wp-content\/uploads\/2019\/07\/LOGO-La-maleta-de-Lili-catalan.png","width":450,"height":177,"caption":"La maleta de Lili"},"image":{"@id":"https:\/\/lamaletadelili.com\/#\/schema\/logo\/image\/"}},{"@type":"Person","@id":"https:\/\/lamaletadelili.com\/#\/schema\/person\/0b369bfb34abc5b05dad849dd46e7216","name":"Lili","image":{"@type":"ImageObject","inLanguage":"ca","@id":"https:\/\/lamaletadelili.com\/wp-content\/litespeed\/avatar\/76b539669a3dc81823ce0f8f87bd4577.jpg?ver=1776983692","url":"https:\/\/lamaletadelili.com\/wp-content\/litespeed\/avatar\/76b539669a3dc81823ce0f8f87bd4577.jpg?ver=1776983692","contentUrl":"https:\/\/lamaletadelili.com\/wp-content\/litespeed\/avatar\/76b539669a3dc81823ce0f8f87bd4577.jpg?ver=1776983692","caption":"Lili"},"description":"Proyecto de animaci\u00f3n a la lectura dirigido a potenciar la literatura infantil desde las primeras edades.","sameAs":["https:\/\/lamaletadelili.com"],"url":"https:\/\/lamaletadelili.com\/ca\/author\/lili\/"}]}},"uagb_featured_image_src":{"full":["https:\/\/lamaletadelili.com\/wp-content\/uploads\/2019\/01\/Poemes-de-fred-i-manta.jpg",800,600,false],"thumbnail":["https:\/\/lamaletadelili.com\/wp-content\/uploads\/2019\/01\/Poemes-de-fred-i-manta-150x150.jpg",150,150,true],"medium":["https:\/\/lamaletadelili.com\/wp-content\/uploads\/2019\/01\/Poemes-de-fred-i-manta-287x215.jpg",287,215,true],"medium_large":["https:\/\/lamaletadelili.com\/wp-content\/uploads\/2019\/01\/Poemes-de-fred-i-manta-768x576.jpg",768,576,true],"large":["https:\/\/lamaletadelili.com\/wp-content\/uploads\/2019\/01\/Poemes-de-fred-i-manta-600x450.jpg",600,450,true],"1536x1536":["https:\/\/lamaletadelili.com\/wp-content\/uploads\/2019\/01\/Poemes-de-fred-i-manta.jpg",800,600,false],"2048x2048":["https:\/\/lamaletadelili.com\/wp-content\/uploads\/2019\/01\/Poemes-de-fred-i-manta.jpg",800,600,false]},"uagb_author_info":{"display_name":"Lili","author_link":"https:\/\/lamaletadelili.com\/ca\/author\/lili\/"},"uagb_comment_info":0,"uagb_excerpt":"Les meves ales estan fredes necessiten una manta, i a la meva maleta he trobat un llibre per escalfar l'\u00e0nima : Poemes de fred i manta.","_links":{"self":[{"href":"https:\/\/lamaletadelili.com\/ca\/wp-json\/wp\/v2\/posts\/5054","targetHints":{"allow":["GET"]}}],"collection":[{"href":"https:\/\/lamaletadelili.com\/ca\/wp-json\/wp\/v2\/posts"}],"about":[{"href":"https:\/\/lamaletadelili.com\/ca\/wp-json\/wp\/v2\/types\/post"}],"author":[{"embeddable":true,"href":"https:\/\/lamaletadelili.com\/ca\/wp-json\/wp\/v2\/users\/2"}],"replies":[{"embeddable":true,"href":"https:\/\/lamaletadelili.com\/ca\/wp-json\/wp\/v2\/comments?post=5054"}],"version-history":[{"count":0,"href":"https:\/\/lamaletadelili.com\/ca\/wp-json\/wp\/v2\/posts\/5054\/revisions"}],"wp:featuredmedia":[{"embeddable":true,"href":"https:\/\/lamaletadelili.com\/ca\/wp-json\/wp\/v2\/media\/9886"}],"wp:attachment":[{"href":"https:\/\/lamaletadelili.com\/ca\/wp-json\/wp\/v2\/media?parent=5054"}],"wp:term":[{"taxonomy":"category","embeddable":true,"href":"https:\/\/lamaletadelili.com\/ca\/wp-json\/wp\/v2\/categories?post=5054"},{"taxonomy":"post_tag","embeddable":true,"href":"https:\/\/lamaletadelili.com\/ca\/wp-json\/wp\/v2\/tags?post=5054"}],"curies":[{"name":"wp","href":"https:\/\/api.w.org\/{rel}","templated":true}]}}