{"id":4156,"date":"2018-02-20T07:00:49","date_gmt":"2018-02-20T06:00:49","guid":{"rendered":"http:\/\/lamaletadelalili.es\/?p=4156"},"modified":"2021-07-23T21:24:43","modified_gmt":"2021-07-23T19:24:43","slug":"febrer-a-la-biblioteca-de-rubi","status":"publish","type":"post","link":"https:\/\/lamaletadelili.com\/ca\/agenda-cat\/febrer-a-la-biblioteca-de-rubi\/","title":{"rendered":"febrer a la Biblioteca de Rub\u00ed"},"content":{"rendered":"\n<p>A una setmana que finalitzi aquest mes, us vull convidar a una proposta per als m\u00e9s petits. Es tracta d&#8217;una sessi\u00f3 inclosa en la programaci\u00f3 de <strong>&#8220;Contes de Menuts&#8221;<\/strong> de la <strong><a rel=\"noopener noreferrer\" href=\"https:\/\/www.facebook.com\/bibliotecaMMT\/\" target=\"_blank\" class=\"ek-link\">Biblioteca Mestre Mart\u00ed Tauler\u00a0<\/a>a Rub\u00ed.<\/strong><\/p>\n\n\n\n<p>Per a aquesta ocasi\u00f3, la meva maleta es va a omplir de can\u00e7ons, de poesia infantil i de ritmes amb qu\u00e8 les fam\u00edlies amb els seus fills i filles podran participar totalment. En acabar, cada fam\u00edlia es dur\u00e0 a casa, si ho desitja, la bibliografia, les can\u00e7ons i els jocs de ritme que haurem compartit.<\/p>\n\n\n\n<p>Perqu\u00e8 totes les fam\u00edlies, pr\u00e8via inscripci\u00f3, puguin assistir, s&#8217;organitzen dues passades amb una durada de mitja hora cadascun. El primer \u00e9s a les 17:30, i l&#8217;\u00faltim a les 18:15.<\/p>\n\n\n\n<p><em><strong>Us espero el dimarts 27 de febrer<\/strong><\/em><\/p>\n","protected":false},"excerpt":{"rendered":"<p>Us vull convidar a una proposta per als m\u00e9s petits.<br \/>\nEs tracta d&#8217;una sessi\u00f3 inclosa en la programaci\u00f3 de &#8220;Contes de Menuts&#8221; de la Biblioteca Mestre Mart\u00ed Tauler\u00a0a Rub\u00ed.<\/p>\n","protected":false},"author":2,"featured_media":10443,"comment_status":"open","ping_status":"open","sticky":false,"template":"","format":"standard","meta":{"_uag_custom_page_level_css":"","site-sidebar-layout":"default","site-content-layout":"","ast-site-content-layout":"default","site-content-style":"default","site-sidebar-style":"default","ast-global-header-display":"","ast-banner-title-visibility":"","ast-main-header-display":"","ast-hfb-above-header-display":"","ast-hfb-below-header-display":"","ast-hfb-mobile-header-display":"","site-post-title":"","ast-breadcrumbs-content":"","ast-featured-img":"","footer-sml-layout":"","ast-disable-related-posts":"","theme-transparent-header-meta":"","adv-header-id-meta":"","stick-header-meta":"","header-above-stick-meta":"","header-main-stick-meta":"","header-below-stick-meta":"","astra-migrate-meta-layouts":"default","ast-page-background-enabled":"default","ast-page-background-meta":{"desktop":{"background-color":"var(--ast-global-color-4)","background-image":"","background-repeat":"repeat","background-position":"center center","background-size":"auto","background-attachment":"scroll","background-type":"","background-media":"","overlay-type":"","overlay-color":"","overlay-opacity":"","overlay-gradient":""},"tablet":{"background-color":"","background-image":"","background-repeat":"repeat","background-position":"center center","background-size":"auto","background-attachment":"scroll","background-type":"","background-media":"","overlay-type":"","overlay-color":"","overlay-opacity":"","overlay-gradient":""},"mobile":{"background-color":"","background-image":"","background-repeat":"repeat","background-position":"center center","background-size":"auto","background-attachment":"scroll","background-type":"","background-media":"","overlay-type":"","overlay-color":"","overlay-opacity":"","overlay-gradient":""}},"ast-content-background-meta":{"desktop":{"background-color":"var(--ast-global-color-5)","background-image":"","background-repeat":"repeat","background-position":"center center","background-size":"auto","background-attachment":"scroll","background-type":"","background-media":"","overlay-type":"","overlay-color":"","overlay-opacity":"","overlay-gradient":""},"tablet":{"background-color":"var(--ast-global-color-5)","background-image":"","background-repeat":"repeat","background-position":"center center","background-size":"auto","background-attachment":"scroll","background-type":"","background-media":"","overlay-type":"","overlay-color":"","overlay-opacity":"","overlay-gradient":""},"mobile":{"background-color":"var(--ast-global-color-5)","background-image":"","background-repeat":"repeat","background-position":"center center","background-size":"auto","background-attachment":"scroll","background-type":"","background-media":"","overlay-type":"","overlay-color":"","overlay-opacity":"","overlay-gradient":""}},"footnotes":""},"categories":[439],"tags":[],"class_list":["post-4156","post","type-post","status-publish","format-standard","has-post-thumbnail","hentry","category-agenda-cat"],"yoast_head":"<!-- This site is optimized with the Yoast SEO plugin v27.4 - https:\/\/yoast.com\/product\/yoast-seo-wordpress\/ -->\n<title>febrer a la Biblioteca de Rub\u00ed - La maleta de Lili<\/title>\n<meta name=\"robots\" content=\"index, follow, max-snippet:-1, max-image-preview:large, max-video-preview:-1\" \/>\n<link rel=\"canonical\" href=\"https:\/\/lamaletadelili.com\/ca\/agenda-cat\/febrer-a-la-biblioteca-de-rubi\/\" \/>\n<meta property=\"og:locale\" content=\"ca_ES\" \/>\n<meta property=\"og:type\" content=\"article\" \/>\n<meta property=\"og:title\" content=\"febrer a la Biblioteca de Rub\u00ed - La maleta de Lili\" \/>\n<meta property=\"og:description\" content=\"Us vull convidar a una proposta per als m\u00e9s petits. Es tracta d&#039;una sessi\u00f3 inclosa en la programaci\u00f3 de &quot;Contes de Menuts&quot; de la Biblioteca Mestre Mart\u00ed Tauler\u00a0a Rub\u00ed.\" \/>\n<meta property=\"og:url\" content=\"https:\/\/lamaletadelili.com\/ca\/agenda-cat\/febrer-a-la-biblioteca-de-rubi\/\" \/>\n<meta property=\"og:site_name\" content=\"La maleta de Lili\" \/>\n<meta property=\"article:published_time\" content=\"2018-02-20T06:00:49+00:00\" \/>\n<meta property=\"article:modified_time\" content=\"2021-07-23T19:24:43+00:00\" \/>\n<meta property=\"og:image\" content=\"https:\/\/lamaletadelili.com\/wp-content\/uploads\/2018\/02\/Cancons-scaled.jpg\" \/>\n\t<meta property=\"og:image:width\" content=\"600\" \/>\n\t<meta property=\"og:image:height\" content=\"900\" \/>\n\t<meta property=\"og:image:type\" content=\"image\/jpeg\" \/>\n<meta name=\"author\" content=\"Lili\" \/>\n<meta name=\"twitter:card\" content=\"summary_large_image\" \/>\n<meta name=\"twitter:label1\" content=\"Escrit per\" \/>\n\t<meta name=\"twitter:data1\" content=\"Lili\" \/>\n\t<meta name=\"twitter:label2\" content=\"Temps estimat de lectura\" \/>\n\t<meta name=\"twitter:data2\" content=\"1 minut\" \/>\n<script type=\"application\/ld+json\" class=\"yoast-schema-graph\">{\"@context\":\"https:\\\/\\\/schema.org\",\"@graph\":[{\"@type\":\"Article\",\"@id\":\"https:\\\/\\\/lamaletadelili.com\\\/ca\\\/agenda-cat\\\/febrer-a-la-biblioteca-de-rubi\\\/#article\",\"isPartOf\":{\"@id\":\"https:\\\/\\\/lamaletadelili.com\\\/ca\\\/agenda-cat\\\/febrer-a-la-biblioteca-de-rubi\\\/\"},\"author\":{\"name\":\"Lili\",\"@id\":\"https:\\\/\\\/lamaletadelili.com\\\/#\\\/schema\\\/person\\\/0b369bfb34abc5b05dad849dd46e7216\"},\"headline\":\"febrer a la Biblioteca de Rub\u00ed\",\"datePublished\":\"2018-02-20T06:00:49+00:00\",\"dateModified\":\"2021-07-23T19:24:43+00:00\",\"mainEntityOfPage\":{\"@id\":\"https:\\\/\\\/lamaletadelili.com\\\/ca\\\/agenda-cat\\\/febrer-a-la-biblioteca-de-rubi\\\/\"},\"wordCount\":141,\"commentCount\":0,\"publisher\":{\"@id\":\"https:\\\/\\\/lamaletadelili.com\\\/#organization\"},\"image\":{\"@id\":\"https:\\\/\\\/lamaletadelili.com\\\/ca\\\/agenda-cat\\\/febrer-a-la-biblioteca-de-rubi\\\/#primaryimage\"},\"thumbnailUrl\":\"https:\\\/\\\/lamaletadelili.com\\\/wp-content\\\/uploads\\\/2018\\\/02\\\/Cancons-scaled.jpg\",\"articleSection\":[\"Agenda\"],\"inLanguage\":\"ca\",\"potentialAction\":[{\"@type\":\"CommentAction\",\"name\":\"Comment\",\"target\":[\"https:\\\/\\\/lamaletadelili.com\\\/ca\\\/agenda-cat\\\/febrer-a-la-biblioteca-de-rubi\\\/#respond\"]}]},{\"@type\":\"WebPage\",\"@id\":\"https:\\\/\\\/lamaletadelili.com\\\/ca\\\/agenda-cat\\\/febrer-a-la-biblioteca-de-rubi\\\/\",\"url\":\"https:\\\/\\\/lamaletadelili.com\\\/ca\\\/agenda-cat\\\/febrer-a-la-biblioteca-de-rubi\\\/\",\"name\":\"febrer a la Biblioteca de Rub\u00ed - La maleta de Lili\",\"isPartOf\":{\"@id\":\"https:\\\/\\\/lamaletadelili.com\\\/#website\"},\"primaryImageOfPage\":{\"@id\":\"https:\\\/\\\/lamaletadelili.com\\\/ca\\\/agenda-cat\\\/febrer-a-la-biblioteca-de-rubi\\\/#primaryimage\"},\"image\":{\"@id\":\"https:\\\/\\\/lamaletadelili.com\\\/ca\\\/agenda-cat\\\/febrer-a-la-biblioteca-de-rubi\\\/#primaryimage\"},\"thumbnailUrl\":\"https:\\\/\\\/lamaletadelili.com\\\/wp-content\\\/uploads\\\/2018\\\/02\\\/Cancons-scaled.jpg\",\"datePublished\":\"2018-02-20T06:00:49+00:00\",\"dateModified\":\"2021-07-23T19:24:43+00:00\",\"breadcrumb\":{\"@id\":\"https:\\\/\\\/lamaletadelili.com\\\/ca\\\/agenda-cat\\\/febrer-a-la-biblioteca-de-rubi\\\/#breadcrumb\"},\"inLanguage\":\"ca\",\"potentialAction\":[{\"@type\":\"ReadAction\",\"target\":[\"https:\\\/\\\/lamaletadelili.com\\\/ca\\\/agenda-cat\\\/febrer-a-la-biblioteca-de-rubi\\\/\"]}]},{\"@type\":\"ImageObject\",\"inLanguage\":\"ca\",\"@id\":\"https:\\\/\\\/lamaletadelili.com\\\/ca\\\/agenda-cat\\\/febrer-a-la-biblioteca-de-rubi\\\/#primaryimage\",\"url\":\"https:\\\/\\\/lamaletadelili.com\\\/wp-content\\\/uploads\\\/2018\\\/02\\\/Cancons-scaled.jpg\",\"contentUrl\":\"https:\\\/\\\/lamaletadelili.com\\\/wp-content\\\/uploads\\\/2018\\\/02\\\/Cancons-scaled.jpg\",\"width\":600,\"height\":900},{\"@type\":\"BreadcrumbList\",\"@id\":\"https:\\\/\\\/lamaletadelili.com\\\/ca\\\/agenda-cat\\\/febrer-a-la-biblioteca-de-rubi\\\/#breadcrumb\",\"itemListElement\":[{\"@type\":\"ListItem\",\"position\":1,\"name\":\"Portada\",\"item\":\"https:\\\/\\\/lamaletadelili.com\\\/ca\\\/\"},{\"@type\":\"ListItem\",\"position\":2,\"name\":\"febrer a la Biblioteca de Rub\u00ed\"}]},{\"@type\":\"WebSite\",\"@id\":\"https:\\\/\\\/lamaletadelili.com\\\/#website\",\"url\":\"https:\\\/\\\/lamaletadelili.com\\\/\",\"name\":\"La maleta de Lili\",\"description\":\"Cuenta cuentos\",\"publisher\":{\"@id\":\"https:\\\/\\\/lamaletadelili.com\\\/#organization\"},\"potentialAction\":[{\"@type\":\"SearchAction\",\"target\":{\"@type\":\"EntryPoint\",\"urlTemplate\":\"https:\\\/\\\/lamaletadelili.com\\\/?s={search_term_string}\"},\"query-input\":{\"@type\":\"PropertyValueSpecification\",\"valueRequired\":true,\"valueName\":\"search_term_string\"}}],\"inLanguage\":\"ca\"},{\"@type\":\"Organization\",\"@id\":\"https:\\\/\\\/lamaletadelili.com\\\/#organization\",\"name\":\"La maleta de Lili\",\"url\":\"https:\\\/\\\/lamaletadelili.com\\\/\",\"logo\":{\"@type\":\"ImageObject\",\"inLanguage\":\"ca\",\"@id\":\"https:\\\/\\\/lamaletadelili.com\\\/#\\\/schema\\\/logo\\\/image\\\/\",\"url\":\"https:\\\/\\\/lamaletadelili.com\\\/wp-content\\\/uploads\\\/2019\\\/07\\\/LOGO-La-maleta-de-Lili-catalan.png\",\"contentUrl\":\"https:\\\/\\\/lamaletadelili.com\\\/wp-content\\\/uploads\\\/2019\\\/07\\\/LOGO-La-maleta-de-Lili-catalan.png\",\"width\":450,\"height\":177,\"caption\":\"La maleta de Lili\"},\"image\":{\"@id\":\"https:\\\/\\\/lamaletadelili.com\\\/#\\\/schema\\\/logo\\\/image\\\/\"}},{\"@type\":\"Person\",\"@id\":\"https:\\\/\\\/lamaletadelili.com\\\/#\\\/schema\\\/person\\\/0b369bfb34abc5b05dad849dd46e7216\",\"name\":\"Lili\",\"image\":{\"@type\":\"ImageObject\",\"inLanguage\":\"ca\",\"@id\":\"https:\\\/\\\/lamaletadelili.com\\\/wp-content\\\/litespeed\\\/avatar\\\/76b539669a3dc81823ce0f8f87bd4577.jpg?ver=1776983692\",\"url\":\"https:\\\/\\\/lamaletadelili.com\\\/wp-content\\\/litespeed\\\/avatar\\\/76b539669a3dc81823ce0f8f87bd4577.jpg?ver=1776983692\",\"contentUrl\":\"https:\\\/\\\/lamaletadelili.com\\\/wp-content\\\/litespeed\\\/avatar\\\/76b539669a3dc81823ce0f8f87bd4577.jpg?ver=1776983692\",\"caption\":\"Lili\"},\"description\":\"Proyecto de animaci\u00f3n a la lectura dirigido a potenciar la literatura infantil desde las primeras edades.\",\"sameAs\":[\"https:\\\/\\\/lamaletadelili.com\"],\"url\":\"https:\\\/\\\/lamaletadelili.com\\\/ca\\\/author\\\/lili\\\/\"}]}<\/script>\n<!-- \/ Yoast SEO plugin. -->","yoast_head_json":{"title":"febrer a la Biblioteca de Rub\u00ed - La maleta de Lili","robots":{"index":"index","follow":"follow","max-snippet":"max-snippet:-1","max-image-preview":"max-image-preview:large","max-video-preview":"max-video-preview:-1"},"canonical":"https:\/\/lamaletadelili.com\/ca\/agenda-cat\/febrer-a-la-biblioteca-de-rubi\/","og_locale":"ca_ES","og_type":"article","og_title":"febrer a la Biblioteca de Rub\u00ed - La maleta de Lili","og_description":"Us vull convidar a una proposta per als m\u00e9s petits. Es tracta d'una sessi\u00f3 inclosa en la programaci\u00f3 de \"Contes de Menuts\" de la Biblioteca Mestre Mart\u00ed Tauler\u00a0a Rub\u00ed.","og_url":"https:\/\/lamaletadelili.com\/ca\/agenda-cat\/febrer-a-la-biblioteca-de-rubi\/","og_site_name":"La maleta de Lili","article_published_time":"2018-02-20T06:00:49+00:00","article_modified_time":"2021-07-23T19:24:43+00:00","og_image":[{"width":600,"height":900,"url":"https:\/\/lamaletadelili.com\/wp-content\/uploads\/2018\/02\/Cancons-scaled.jpg","type":"image\/jpeg"}],"author":"Lili","twitter_card":"summary_large_image","twitter_misc":{"Escrit per":"Lili","Temps estimat de lectura":"1 minut"},"schema":{"@context":"https:\/\/schema.org","@graph":[{"@type":"Article","@id":"https:\/\/lamaletadelili.com\/ca\/agenda-cat\/febrer-a-la-biblioteca-de-rubi\/#article","isPartOf":{"@id":"https:\/\/lamaletadelili.com\/ca\/agenda-cat\/febrer-a-la-biblioteca-de-rubi\/"},"author":{"name":"Lili","@id":"https:\/\/lamaletadelili.com\/#\/schema\/person\/0b369bfb34abc5b05dad849dd46e7216"},"headline":"febrer a la Biblioteca de Rub\u00ed","datePublished":"2018-02-20T06:00:49+00:00","dateModified":"2021-07-23T19:24:43+00:00","mainEntityOfPage":{"@id":"https:\/\/lamaletadelili.com\/ca\/agenda-cat\/febrer-a-la-biblioteca-de-rubi\/"},"wordCount":141,"commentCount":0,"publisher":{"@id":"https:\/\/lamaletadelili.com\/#organization"},"image":{"@id":"https:\/\/lamaletadelili.com\/ca\/agenda-cat\/febrer-a-la-biblioteca-de-rubi\/#primaryimage"},"thumbnailUrl":"https:\/\/lamaletadelili.com\/wp-content\/uploads\/2018\/02\/Cancons-scaled.jpg","articleSection":["Agenda"],"inLanguage":"ca","potentialAction":[{"@type":"CommentAction","name":"Comment","target":["https:\/\/lamaletadelili.com\/ca\/agenda-cat\/febrer-a-la-biblioteca-de-rubi\/#respond"]}]},{"@type":"WebPage","@id":"https:\/\/lamaletadelili.com\/ca\/agenda-cat\/febrer-a-la-biblioteca-de-rubi\/","url":"https:\/\/lamaletadelili.com\/ca\/agenda-cat\/febrer-a-la-biblioteca-de-rubi\/","name":"febrer a la Biblioteca de Rub\u00ed - La maleta de Lili","isPartOf":{"@id":"https:\/\/lamaletadelili.com\/#website"},"primaryImageOfPage":{"@id":"https:\/\/lamaletadelili.com\/ca\/agenda-cat\/febrer-a-la-biblioteca-de-rubi\/#primaryimage"},"image":{"@id":"https:\/\/lamaletadelili.com\/ca\/agenda-cat\/febrer-a-la-biblioteca-de-rubi\/#primaryimage"},"thumbnailUrl":"https:\/\/lamaletadelili.com\/wp-content\/uploads\/2018\/02\/Cancons-scaled.jpg","datePublished":"2018-02-20T06:00:49+00:00","dateModified":"2021-07-23T19:24:43+00:00","breadcrumb":{"@id":"https:\/\/lamaletadelili.com\/ca\/agenda-cat\/febrer-a-la-biblioteca-de-rubi\/#breadcrumb"},"inLanguage":"ca","potentialAction":[{"@type":"ReadAction","target":["https:\/\/lamaletadelili.com\/ca\/agenda-cat\/febrer-a-la-biblioteca-de-rubi\/"]}]},{"@type":"ImageObject","inLanguage":"ca","@id":"https:\/\/lamaletadelili.com\/ca\/agenda-cat\/febrer-a-la-biblioteca-de-rubi\/#primaryimage","url":"https:\/\/lamaletadelili.com\/wp-content\/uploads\/2018\/02\/Cancons-scaled.jpg","contentUrl":"https:\/\/lamaletadelili.com\/wp-content\/uploads\/2018\/02\/Cancons-scaled.jpg","width":600,"height":900},{"@type":"BreadcrumbList","@id":"https:\/\/lamaletadelili.com\/ca\/agenda-cat\/febrer-a-la-biblioteca-de-rubi\/#breadcrumb","itemListElement":[{"@type":"ListItem","position":1,"name":"Portada","item":"https:\/\/lamaletadelili.com\/ca\/"},{"@type":"ListItem","position":2,"name":"febrer a la Biblioteca de Rub\u00ed"}]},{"@type":"WebSite","@id":"https:\/\/lamaletadelili.com\/#website","url":"https:\/\/lamaletadelili.com\/","name":"La maleta de Lili","description":"Cuenta cuentos","publisher":{"@id":"https:\/\/lamaletadelili.com\/#organization"},"potentialAction":[{"@type":"SearchAction","target":{"@type":"EntryPoint","urlTemplate":"https:\/\/lamaletadelili.com\/?s={search_term_string}"},"query-input":{"@type":"PropertyValueSpecification","valueRequired":true,"valueName":"search_term_string"}}],"inLanguage":"ca"},{"@type":"Organization","@id":"https:\/\/lamaletadelili.com\/#organization","name":"La maleta de Lili","url":"https:\/\/lamaletadelili.com\/","logo":{"@type":"ImageObject","inLanguage":"ca","@id":"https:\/\/lamaletadelili.com\/#\/schema\/logo\/image\/","url":"https:\/\/lamaletadelili.com\/wp-content\/uploads\/2019\/07\/LOGO-La-maleta-de-Lili-catalan.png","contentUrl":"https:\/\/lamaletadelili.com\/wp-content\/uploads\/2019\/07\/LOGO-La-maleta-de-Lili-catalan.png","width":450,"height":177,"caption":"La maleta de Lili"},"image":{"@id":"https:\/\/lamaletadelili.com\/#\/schema\/logo\/image\/"}},{"@type":"Person","@id":"https:\/\/lamaletadelili.com\/#\/schema\/person\/0b369bfb34abc5b05dad849dd46e7216","name":"Lili","image":{"@type":"ImageObject","inLanguage":"ca","@id":"https:\/\/lamaletadelili.com\/wp-content\/litespeed\/avatar\/76b539669a3dc81823ce0f8f87bd4577.jpg?ver=1776983692","url":"https:\/\/lamaletadelili.com\/wp-content\/litespeed\/avatar\/76b539669a3dc81823ce0f8f87bd4577.jpg?ver=1776983692","contentUrl":"https:\/\/lamaletadelili.com\/wp-content\/litespeed\/avatar\/76b539669a3dc81823ce0f8f87bd4577.jpg?ver=1776983692","caption":"Lili"},"description":"Proyecto de animaci\u00f3n a la lectura dirigido a potenciar la literatura infantil desde las primeras edades.","sameAs":["https:\/\/lamaletadelili.com"],"url":"https:\/\/lamaletadelili.com\/ca\/author\/lili\/"}]}},"uagb_featured_image_src":{"full":["https:\/\/lamaletadelili.com\/wp-content\/uploads\/2018\/02\/Cancons-scaled.jpg",600,900,false],"thumbnail":["https:\/\/lamaletadelili.com\/wp-content\/uploads\/2018\/02\/Cancons-150x150.jpg",150,150,true],"medium":["https:\/\/lamaletadelili.com\/wp-content\/uploads\/2018\/02\/Cancons-143x215.jpg",143,215,true],"medium_large":["https:\/\/lamaletadelili.com\/wp-content\/uploads\/2018\/02\/Cancons-768x1152.jpg",768,1152,true],"large":["https:\/\/lamaletadelili.com\/wp-content\/uploads\/2018\/02\/Cancons-300x450.jpg",300,450,true],"1536x1536":["https:\/\/lamaletadelili.com\/wp-content\/uploads\/2018\/02\/Cancons-1024x1536.jpg",1024,1536,true],"2048x2048":["https:\/\/lamaletadelili.com\/wp-content\/uploads\/2018\/02\/Cancons-scaled.jpg",600,900,false]},"uagb_author_info":{"display_name":"Lili","author_link":"https:\/\/lamaletadelili.com\/ca\/author\/lili\/"},"uagb_comment_info":0,"uagb_excerpt":"Us vull convidar a una proposta per als m\u00e9s petits. Es tracta d'una sessi\u00f3 inclosa en la programaci\u00f3 de \"Contes de Menuts\" de la Biblioteca Mestre Mart\u00ed Tauler\u00a0a Rub\u00ed.","_links":{"self":[{"href":"https:\/\/lamaletadelili.com\/ca\/wp-json\/wp\/v2\/posts\/4156","targetHints":{"allow":["GET"]}}],"collection":[{"href":"https:\/\/lamaletadelili.com\/ca\/wp-json\/wp\/v2\/posts"}],"about":[{"href":"https:\/\/lamaletadelili.com\/ca\/wp-json\/wp\/v2\/types\/post"}],"author":[{"embeddable":true,"href":"https:\/\/lamaletadelili.com\/ca\/wp-json\/wp\/v2\/users\/2"}],"replies":[{"embeddable":true,"href":"https:\/\/lamaletadelili.com\/ca\/wp-json\/wp\/v2\/comments?post=4156"}],"version-history":[{"count":0,"href":"https:\/\/lamaletadelili.com\/ca\/wp-json\/wp\/v2\/posts\/4156\/revisions"}],"wp:featuredmedia":[{"embeddable":true,"href":"https:\/\/lamaletadelili.com\/ca\/wp-json\/wp\/v2\/media\/10443"}],"wp:attachment":[{"href":"https:\/\/lamaletadelili.com\/ca\/wp-json\/wp\/v2\/media?parent=4156"}],"wp:term":[{"taxonomy":"category","embeddable":true,"href":"https:\/\/lamaletadelili.com\/ca\/wp-json\/wp\/v2\/categories?post=4156"},{"taxonomy":"post_tag","embeddable":true,"href":"https:\/\/lamaletadelili.com\/ca\/wp-json\/wp\/v2\/tags?post=4156"}],"curies":[{"name":"wp","href":"https:\/\/api.w.org\/{rel}","templated":true}]}}