{"id":3875,"date":"2014-07-19T07:00:37","date_gmt":"2014-07-19T06:00:37","guid":{"rendered":"http:\/\/lamaletadelalili.es\/?p=3875"},"modified":"2023-11-15T10:23:08","modified_gmt":"2023-11-15T09:23:08","slug":"teatri-de-butxaca-2","status":"publish","type":"post","link":"https:\/\/lamaletadelili.com\/ca\/noticies\/teatri-de-butxaca-2\/","title":{"rendered":"Teatri de Butxaca"},"content":{"rendered":"\n<p><strong>Aquest dijous<\/strong> estava molt contenta, havia comen\u00e7at les meves vacances, les sessions de contes tant de l&#8217;escola com de la <a href=\"http:\/\/www.golferichs.org\/el-centre\/cicles\/lhora-del-pati\/\">Casa Golferichs<\/a>&nbsp;havien estat un \u00e8xit&#8230;.., i podria assitir a l&#8217;\u00faltima emissi\u00f3 <strong><a href=\"http:\/\/www.facebook.com\/pages\/Teatr%C3%AD-de-Butxaca-de-R%C3%A0dio-Gr%C3%A0cia%E3%83%9D%E3%82%B1%E3%83%83%E3%83%88%E5%8A%87%E5%A0%B4\/516662888385889?sk=timeline\">Teatr\u00ed de Butxaca<\/a>.<\/strong><br>Durant una hora els diferents participants reciten<strong>&nbsp;poesia<\/strong> escrita per ells i d&#8217;altres autors, es donen suport als<strong> Premis Literaris Mir\u00f3<\/strong>&nbsp;de Haiku i Tanka.<\/p>\n\n\n\n<p>I, us preguntareu, que hi faig jo?. La proposta de col.laborar dins del programa em va arribar mitja\u00e7ant el <strong>Sr.Salvador<\/strong>; que \u00e9s qui diregeix el programa i el seu prinicpal eix; en la que m&#8217;oferia la posibilitat d&#8217;anar els dijous a llegir <strong>CONTES<\/strong>. Aix\u00ed, des del mar\u00e7\u00a0<a href=\"https:\/\/www.facebook.com\/lamaletadelili\">La maleta de la Lili<\/a>\u00a0ha anat amb molts contes diversos.<\/p>\n\n\n\n<p>El programa s&#8217;iniciava amb una tertulia sobre les vacances, I, tots estavem una mica acelerats, no s\u00e9 si per la calor, per les vacances, o per que era l&#8217;\u00fatim programa. La primera poesisa&nbsp;<em>&#8220;Mam\u00edferos&#8221;<\/em> de Jes\u00fas Lizano, llegida por <strong>Jordi Tena<\/strong> ens feia refelexionar realment de que son els \u00e8ssers humans. Una foto d&#8217;una ballarina amb un vestit llarg de color vermell, ens situa dins de la lectura del<strong> Sebastian Ru\u00edz <\/strong><em>&#8220;La bailarina espa\u00f1ola&#8221;<\/em><\/p>\n\n\n\n<p>El&nbsp;<a href=\"http:\/\/xamargar.blogspot.com.es\/\">Xavier Mart\u00ed<\/a>ens va sorprende amb un petit escrit sobre la poesia \u00e8pica i la novel.la<em> &#8221; Les Kennigar&#8221;<\/em>. Un relat fabul\u00f3s, que partia &nbsp;que en &nbsp;la cultura dels vikings ja existia l&#8217;\u00e8pica com trasmissora de la hist\u00f2ria i com els poetes de l&#8217;edat mitjana exal\u00e7aven els seus herois per donar pas als llibres de les caballeria.<\/p>\n\n\n\n<figure class=\"wp-block-image aligncenter size-large is-style-rounded\"><img decoding=\"async\" width=\"600\" height=\"450\" src=\"https:\/\/lamaletadelili.com\/wp-content\/uploads\/2019\/07\/Teatr\u00ed-de-Buxaca-600x450.jpg\" alt=\"\" class=\"wp-image-5782\" srcset=\"https:\/\/lamaletadelili.com\/wp-content\/uploads\/2019\/07\/Teatr\u00ed-de-Buxaca-600x450.jpg 600w, https:\/\/lamaletadelili.com\/wp-content\/uploads\/2019\/07\/Teatr\u00ed-de-Buxaca-287x215.jpg 287w, https:\/\/lamaletadelili.com\/wp-content\/uploads\/2019\/07\/Teatr\u00ed-de-Buxaca-768x576.jpg 768w, https:\/\/lamaletadelili.com\/wp-content\/uploads\/2019\/07\/Teatr\u00ed-de-Buxaca-300x225.jpg 300w, https:\/\/lamaletadelili.com\/wp-content\/uploads\/2019\/07\/Teatr\u00ed-de-Buxaca.jpg 960w\" sizes=\"(max-width: 600px) 100vw, 600px\" \/><\/figure>\n\n\n\n<p>El nostre &#8220;cap&#8221; <strong>Salvador<\/strong>, dona el senyal per tal de que el t\u00e8cnic, el Jordi Domenech, posi la gravaci\u00f3 d&#8217;un conte teatreatlitzat.<\/p>\n\n\n\n<p>I, per aquesta emissi\u00f3 els contes triats han estat <em>&#8220;La Tetera&#8221;<\/em> d&#8217;Andersen,<em> &#8220;Los nudos de la red&#8221;<\/em> i <em>&#8220;Endevinalles d&#8217;estiu&#8221;.<\/em><br>Eren ja les set de la tarda, el programa havia finalitzat i encara continuaven xarrant sobre posibles idees de cara a la nova temporada. Per\u00f2, aix\u00f2, ho podreu descobrir el<strong>&nbsp;8 de setembre<\/strong>&nbsp;amb un <strong>Especial&nbsp;Festes del Barri,<\/strong>a les <strong>cinc de la tarda al 107.7 FM<\/strong>. Fins aleshores, gaudiu de l&#8217;estiu i de les vacances.<\/p>\n","protected":false},"excerpt":{"rendered":"<p>Al programa de r\u00e0dio Teatri de Butxaca els contes de vancaces van ser els recomanats<\/p>\n","protected":false},"author":2,"featured_media":5781,"comment_status":"open","ping_status":"open","sticky":false,"template":"","format":"standard","meta":{"_uag_custom_page_level_css":"","site-sidebar-layout":"default","site-content-layout":"","ast-site-content-layout":"default","site-content-style":"default","site-sidebar-style":"default","ast-global-header-display":"","ast-banner-title-visibility":"","ast-main-header-display":"","ast-hfb-above-header-display":"","ast-hfb-below-header-display":"","ast-hfb-mobile-header-display":"","site-post-title":"","ast-breadcrumbs-content":"","ast-featured-img":"","footer-sml-layout":"","ast-disable-related-posts":"","theme-transparent-header-meta":"","adv-header-id-meta":"","stick-header-meta":"","header-above-stick-meta":"","header-main-stick-meta":"","header-below-stick-meta":"","astra-migrate-meta-layouts":"set","ast-page-background-enabled":"default","ast-page-background-meta":{"desktop":{"background-color":"var(--ast-global-color-4)","background-image":"","background-repeat":"repeat","background-position":"center center","background-size":"auto","background-attachment":"scroll","background-type":"","background-media":"","overlay-type":"","overlay-color":"","overlay-opacity":"","overlay-gradient":""},"tablet":{"background-color":"","background-image":"","background-repeat":"repeat","background-position":"center center","background-size":"auto","background-attachment":"scroll","background-type":"","background-media":"","overlay-type":"","overlay-color":"","overlay-opacity":"","overlay-gradient":""},"mobile":{"background-color":"","background-image":"","background-repeat":"repeat","background-position":"center center","background-size":"auto","background-attachment":"scroll","background-type":"","background-media":"","overlay-type":"","overlay-color":"","overlay-opacity":"","overlay-gradient":""}},"ast-content-background-meta":{"desktop":{"background-color":"var(--ast-global-color-5)","background-image":"","background-repeat":"repeat","background-position":"center center","background-size":"auto","background-attachment":"scroll","background-type":"","background-media":"","overlay-type":"","overlay-color":"","overlay-opacity":"","overlay-gradient":""},"tablet":{"background-color":"var(--ast-global-color-5)","background-image":"","background-repeat":"repeat","background-position":"center center","background-size":"auto","background-attachment":"scroll","background-type":"","background-media":"","overlay-type":"","overlay-color":"","overlay-opacity":"","overlay-gradient":""},"mobile":{"background-color":"var(--ast-global-color-5)","background-image":"","background-repeat":"repeat","background-position":"center center","background-size":"auto","background-attachment":"scroll","background-type":"","background-media":"","overlay-type":"","overlay-color":"","overlay-opacity":"","overlay-gradient":""}},"footnotes":""},"categories":[104],"tags":[470,806],"class_list":["post-3875","post","type-post","status-publish","format-standard","has-post-thumbnail","hentry","category-noticies","tag-barcelona","tag-teatri-de-butxaca-2"],"yoast_head":"<!-- This site is optimized with the Yoast SEO plugin v27.4 - https:\/\/yoast.com\/product\/yoast-seo-wordpress\/ -->\n<title>Teatri de Butxaca - La maleta de Lili<\/title>\n<meta name=\"robots\" content=\"index, follow, max-snippet:-1, max-image-preview:large, max-video-preview:-1\" \/>\n<link rel=\"canonical\" href=\"https:\/\/lamaletadelili.com\/ca\/noticies\/teatri-de-butxaca-2\/\" \/>\n<meta property=\"og:locale\" content=\"ca_ES\" \/>\n<meta property=\"og:type\" content=\"article\" \/>\n<meta property=\"og:title\" content=\"Teatri de Butxaca - La maleta de Lili\" \/>\n<meta property=\"og:description\" content=\"Al programa de r\u00e0dio Teatri de Butxaca els contes de vancaces van ser els recomanats\" \/>\n<meta property=\"og:url\" content=\"https:\/\/lamaletadelili.com\/ca\/noticies\/teatri-de-butxaca-2\/\" \/>\n<meta property=\"og:site_name\" content=\"La maleta de Lili\" \/>\n<meta property=\"article:published_time\" content=\"2014-07-19T06:00:37+00:00\" \/>\n<meta property=\"article:modified_time\" content=\"2023-11-15T09:23:08+00:00\" \/>\n<meta property=\"og:image\" content=\"https:\/\/lamaletadelili.com\/wp-content\/uploads\/2019\/07\/Teatr\u00ed-de-Butxaca.jpg\" \/>\n\t<meta property=\"og:image:width\" content=\"900\" \/>\n\t<meta property=\"og:image:height\" content=\"675\" \/>\n\t<meta property=\"og:image:type\" content=\"image\/jpeg\" \/>\n<meta name=\"author\" content=\"Lili\" \/>\n<meta name=\"twitter:card\" content=\"summary_large_image\" \/>\n<meta name=\"twitter:label1\" content=\"Escrit per\" \/>\n\t<meta name=\"twitter:data1\" content=\"Lili\" \/>\n\t<meta name=\"twitter:label2\" content=\"Temps estimat de lectura\" \/>\n\t<meta name=\"twitter:data2\" content=\"2 minuts\" \/>\n<script type=\"application\/ld+json\" class=\"yoast-schema-graph\">{\"@context\":\"https:\\\/\\\/schema.org\",\"@graph\":[{\"@type\":\"Article\",\"@id\":\"https:\\\/\\\/lamaletadelili.com\\\/ca\\\/noticies\\\/teatri-de-butxaca-2\\\/#article\",\"isPartOf\":{\"@id\":\"https:\\\/\\\/lamaletadelili.com\\\/ca\\\/noticies\\\/teatri-de-butxaca-2\\\/\"},\"author\":{\"name\":\"Lili\",\"@id\":\"https:\\\/\\\/lamaletadelili.com\\\/#\\\/schema\\\/person\\\/0b369bfb34abc5b05dad849dd46e7216\"},\"headline\":\"Teatri de Butxaca\",\"datePublished\":\"2014-07-19T06:00:37+00:00\",\"dateModified\":\"2023-11-15T09:23:08+00:00\",\"mainEntityOfPage\":{\"@id\":\"https:\\\/\\\/lamaletadelili.com\\\/ca\\\/noticies\\\/teatri-de-butxaca-2\\\/\"},\"wordCount\":386,\"commentCount\":0,\"publisher\":{\"@id\":\"https:\\\/\\\/lamaletadelili.com\\\/#organization\"},\"image\":{\"@id\":\"https:\\\/\\\/lamaletadelili.com\\\/ca\\\/noticies\\\/teatri-de-butxaca-2\\\/#primaryimage\"},\"thumbnailUrl\":\"https:\\\/\\\/lamaletadelili.com\\\/wp-content\\\/uploads\\\/2019\\\/07\\\/Teatr\u00ed-de-Butxaca.jpg\",\"keywords\":[\"Barcelona\",\"Teatri de Butxaca\"],\"articleSection\":[\"Not\u00edcies\"],\"inLanguage\":\"ca\",\"potentialAction\":[{\"@type\":\"CommentAction\",\"name\":\"Comment\",\"target\":[\"https:\\\/\\\/lamaletadelili.com\\\/ca\\\/noticies\\\/teatri-de-butxaca-2\\\/#respond\"]}]},{\"@type\":\"WebPage\",\"@id\":\"https:\\\/\\\/lamaletadelili.com\\\/ca\\\/noticies\\\/teatri-de-butxaca-2\\\/\",\"url\":\"https:\\\/\\\/lamaletadelili.com\\\/ca\\\/noticies\\\/teatri-de-butxaca-2\\\/\",\"name\":\"Teatri de Butxaca - La maleta de Lili\",\"isPartOf\":{\"@id\":\"https:\\\/\\\/lamaletadelili.com\\\/#website\"},\"primaryImageOfPage\":{\"@id\":\"https:\\\/\\\/lamaletadelili.com\\\/ca\\\/noticies\\\/teatri-de-butxaca-2\\\/#primaryimage\"},\"image\":{\"@id\":\"https:\\\/\\\/lamaletadelili.com\\\/ca\\\/noticies\\\/teatri-de-butxaca-2\\\/#primaryimage\"},\"thumbnailUrl\":\"https:\\\/\\\/lamaletadelili.com\\\/wp-content\\\/uploads\\\/2019\\\/07\\\/Teatr\u00ed-de-Butxaca.jpg\",\"datePublished\":\"2014-07-19T06:00:37+00:00\",\"dateModified\":\"2023-11-15T09:23:08+00:00\",\"breadcrumb\":{\"@id\":\"https:\\\/\\\/lamaletadelili.com\\\/ca\\\/noticies\\\/teatri-de-butxaca-2\\\/#breadcrumb\"},\"inLanguage\":\"ca\",\"potentialAction\":[{\"@type\":\"ReadAction\",\"target\":[\"https:\\\/\\\/lamaletadelili.com\\\/ca\\\/noticies\\\/teatri-de-butxaca-2\\\/\"]}]},{\"@type\":\"ImageObject\",\"inLanguage\":\"ca\",\"@id\":\"https:\\\/\\\/lamaletadelili.com\\\/ca\\\/noticies\\\/teatri-de-butxaca-2\\\/#primaryimage\",\"url\":\"https:\\\/\\\/lamaletadelili.com\\\/wp-content\\\/uploads\\\/2019\\\/07\\\/Teatr\u00ed-de-Butxaca.jpg\",\"contentUrl\":\"https:\\\/\\\/lamaletadelili.com\\\/wp-content\\\/uploads\\\/2019\\\/07\\\/Teatr\u00ed-de-Butxaca.jpg\",\"width\":900,\"height\":675},{\"@type\":\"BreadcrumbList\",\"@id\":\"https:\\\/\\\/lamaletadelili.com\\\/ca\\\/noticies\\\/teatri-de-butxaca-2\\\/#breadcrumb\",\"itemListElement\":[{\"@type\":\"ListItem\",\"position\":1,\"name\":\"Portada\",\"item\":\"https:\\\/\\\/lamaletadelili.com\\\/ca\\\/\"},{\"@type\":\"ListItem\",\"position\":2,\"name\":\"Teatri de Butxaca\"}]},{\"@type\":\"WebSite\",\"@id\":\"https:\\\/\\\/lamaletadelili.com\\\/#website\",\"url\":\"https:\\\/\\\/lamaletadelili.com\\\/\",\"name\":\"La maleta de Lili\",\"description\":\"Cuenta cuentos\",\"publisher\":{\"@id\":\"https:\\\/\\\/lamaletadelili.com\\\/#organization\"},\"potentialAction\":[{\"@type\":\"SearchAction\",\"target\":{\"@type\":\"EntryPoint\",\"urlTemplate\":\"https:\\\/\\\/lamaletadelili.com\\\/?s={search_term_string}\"},\"query-input\":{\"@type\":\"PropertyValueSpecification\",\"valueRequired\":true,\"valueName\":\"search_term_string\"}}],\"inLanguage\":\"ca\"},{\"@type\":\"Organization\",\"@id\":\"https:\\\/\\\/lamaletadelili.com\\\/#organization\",\"name\":\"La maleta de Lili\",\"url\":\"https:\\\/\\\/lamaletadelili.com\\\/\",\"logo\":{\"@type\":\"ImageObject\",\"inLanguage\":\"ca\",\"@id\":\"https:\\\/\\\/lamaletadelili.com\\\/#\\\/schema\\\/logo\\\/image\\\/\",\"url\":\"https:\\\/\\\/lamaletadelili.com\\\/wp-content\\\/uploads\\\/2019\\\/07\\\/LOGO-La-maleta-de-Lili-catalan.png\",\"contentUrl\":\"https:\\\/\\\/lamaletadelili.com\\\/wp-content\\\/uploads\\\/2019\\\/07\\\/LOGO-La-maleta-de-Lili-catalan.png\",\"width\":450,\"height\":177,\"caption\":\"La maleta de Lili\"},\"image\":{\"@id\":\"https:\\\/\\\/lamaletadelili.com\\\/#\\\/schema\\\/logo\\\/image\\\/\"}},{\"@type\":\"Person\",\"@id\":\"https:\\\/\\\/lamaletadelili.com\\\/#\\\/schema\\\/person\\\/0b369bfb34abc5b05dad849dd46e7216\",\"name\":\"Lili\",\"image\":{\"@type\":\"ImageObject\",\"inLanguage\":\"ca\",\"@id\":\"https:\\\/\\\/lamaletadelili.com\\\/wp-content\\\/litespeed\\\/avatar\\\/76b539669a3dc81823ce0f8f87bd4577.jpg?ver=1777588790\",\"url\":\"https:\\\/\\\/lamaletadelili.com\\\/wp-content\\\/litespeed\\\/avatar\\\/76b539669a3dc81823ce0f8f87bd4577.jpg?ver=1777588790\",\"contentUrl\":\"https:\\\/\\\/lamaletadelili.com\\\/wp-content\\\/litespeed\\\/avatar\\\/76b539669a3dc81823ce0f8f87bd4577.jpg?ver=1777588790\",\"caption\":\"Lili\"},\"description\":\"Proyecto de animaci\u00f3n a la lectura dirigido a potenciar la literatura infantil desde las primeras edades.\",\"sameAs\":[\"https:\\\/\\\/lamaletadelili.com\"],\"url\":\"https:\\\/\\\/lamaletadelili.com\\\/ca\\\/author\\\/lili\\\/\"}]}<\/script>\n<!-- \/ Yoast SEO plugin. -->","yoast_head_json":{"title":"Teatri de Butxaca - La maleta de Lili","robots":{"index":"index","follow":"follow","max-snippet":"max-snippet:-1","max-image-preview":"max-image-preview:large","max-video-preview":"max-video-preview:-1"},"canonical":"https:\/\/lamaletadelili.com\/ca\/noticies\/teatri-de-butxaca-2\/","og_locale":"ca_ES","og_type":"article","og_title":"Teatri de Butxaca - La maleta de Lili","og_description":"Al programa de r\u00e0dio Teatri de Butxaca els contes de vancaces van ser els recomanats","og_url":"https:\/\/lamaletadelili.com\/ca\/noticies\/teatri-de-butxaca-2\/","og_site_name":"La maleta de Lili","article_published_time":"2014-07-19T06:00:37+00:00","article_modified_time":"2023-11-15T09:23:08+00:00","og_image":[{"width":900,"height":675,"url":"https:\/\/lamaletadelili.com\/wp-content\/uploads\/2019\/07\/Teatr\u00ed-de-Butxaca.jpg","type":"image\/jpeg"}],"author":"Lili","twitter_card":"summary_large_image","twitter_misc":{"Escrit per":"Lili","Temps estimat de lectura":"2 minuts"},"schema":{"@context":"https:\/\/schema.org","@graph":[{"@type":"Article","@id":"https:\/\/lamaletadelili.com\/ca\/noticies\/teatri-de-butxaca-2\/#article","isPartOf":{"@id":"https:\/\/lamaletadelili.com\/ca\/noticies\/teatri-de-butxaca-2\/"},"author":{"name":"Lili","@id":"https:\/\/lamaletadelili.com\/#\/schema\/person\/0b369bfb34abc5b05dad849dd46e7216"},"headline":"Teatri de Butxaca","datePublished":"2014-07-19T06:00:37+00:00","dateModified":"2023-11-15T09:23:08+00:00","mainEntityOfPage":{"@id":"https:\/\/lamaletadelili.com\/ca\/noticies\/teatri-de-butxaca-2\/"},"wordCount":386,"commentCount":0,"publisher":{"@id":"https:\/\/lamaletadelili.com\/#organization"},"image":{"@id":"https:\/\/lamaletadelili.com\/ca\/noticies\/teatri-de-butxaca-2\/#primaryimage"},"thumbnailUrl":"https:\/\/lamaletadelili.com\/wp-content\/uploads\/2019\/07\/Teatr\u00ed-de-Butxaca.jpg","keywords":["Barcelona","Teatri de Butxaca"],"articleSection":["Not\u00edcies"],"inLanguage":"ca","potentialAction":[{"@type":"CommentAction","name":"Comment","target":["https:\/\/lamaletadelili.com\/ca\/noticies\/teatri-de-butxaca-2\/#respond"]}]},{"@type":"WebPage","@id":"https:\/\/lamaletadelili.com\/ca\/noticies\/teatri-de-butxaca-2\/","url":"https:\/\/lamaletadelili.com\/ca\/noticies\/teatri-de-butxaca-2\/","name":"Teatri de Butxaca - La maleta de Lili","isPartOf":{"@id":"https:\/\/lamaletadelili.com\/#website"},"primaryImageOfPage":{"@id":"https:\/\/lamaletadelili.com\/ca\/noticies\/teatri-de-butxaca-2\/#primaryimage"},"image":{"@id":"https:\/\/lamaletadelili.com\/ca\/noticies\/teatri-de-butxaca-2\/#primaryimage"},"thumbnailUrl":"https:\/\/lamaletadelili.com\/wp-content\/uploads\/2019\/07\/Teatr\u00ed-de-Butxaca.jpg","datePublished":"2014-07-19T06:00:37+00:00","dateModified":"2023-11-15T09:23:08+00:00","breadcrumb":{"@id":"https:\/\/lamaletadelili.com\/ca\/noticies\/teatri-de-butxaca-2\/#breadcrumb"},"inLanguage":"ca","potentialAction":[{"@type":"ReadAction","target":["https:\/\/lamaletadelili.com\/ca\/noticies\/teatri-de-butxaca-2\/"]}]},{"@type":"ImageObject","inLanguage":"ca","@id":"https:\/\/lamaletadelili.com\/ca\/noticies\/teatri-de-butxaca-2\/#primaryimage","url":"https:\/\/lamaletadelili.com\/wp-content\/uploads\/2019\/07\/Teatr\u00ed-de-Butxaca.jpg","contentUrl":"https:\/\/lamaletadelili.com\/wp-content\/uploads\/2019\/07\/Teatr\u00ed-de-Butxaca.jpg","width":900,"height":675},{"@type":"BreadcrumbList","@id":"https:\/\/lamaletadelili.com\/ca\/noticies\/teatri-de-butxaca-2\/#breadcrumb","itemListElement":[{"@type":"ListItem","position":1,"name":"Portada","item":"https:\/\/lamaletadelili.com\/ca\/"},{"@type":"ListItem","position":2,"name":"Teatri de Butxaca"}]},{"@type":"WebSite","@id":"https:\/\/lamaletadelili.com\/#website","url":"https:\/\/lamaletadelili.com\/","name":"La maleta de Lili","description":"Cuenta cuentos","publisher":{"@id":"https:\/\/lamaletadelili.com\/#organization"},"potentialAction":[{"@type":"SearchAction","target":{"@type":"EntryPoint","urlTemplate":"https:\/\/lamaletadelili.com\/?s={search_term_string}"},"query-input":{"@type":"PropertyValueSpecification","valueRequired":true,"valueName":"search_term_string"}}],"inLanguage":"ca"},{"@type":"Organization","@id":"https:\/\/lamaletadelili.com\/#organization","name":"La maleta de Lili","url":"https:\/\/lamaletadelili.com\/","logo":{"@type":"ImageObject","inLanguage":"ca","@id":"https:\/\/lamaletadelili.com\/#\/schema\/logo\/image\/","url":"https:\/\/lamaletadelili.com\/wp-content\/uploads\/2019\/07\/LOGO-La-maleta-de-Lili-catalan.png","contentUrl":"https:\/\/lamaletadelili.com\/wp-content\/uploads\/2019\/07\/LOGO-La-maleta-de-Lili-catalan.png","width":450,"height":177,"caption":"La maleta de Lili"},"image":{"@id":"https:\/\/lamaletadelili.com\/#\/schema\/logo\/image\/"}},{"@type":"Person","@id":"https:\/\/lamaletadelili.com\/#\/schema\/person\/0b369bfb34abc5b05dad849dd46e7216","name":"Lili","image":{"@type":"ImageObject","inLanguage":"ca","@id":"https:\/\/lamaletadelili.com\/wp-content\/litespeed\/avatar\/76b539669a3dc81823ce0f8f87bd4577.jpg?ver=1777588790","url":"https:\/\/lamaletadelili.com\/wp-content\/litespeed\/avatar\/76b539669a3dc81823ce0f8f87bd4577.jpg?ver=1777588790","contentUrl":"https:\/\/lamaletadelili.com\/wp-content\/litespeed\/avatar\/76b539669a3dc81823ce0f8f87bd4577.jpg?ver=1777588790","caption":"Lili"},"description":"Proyecto de animaci\u00f3n a la lectura dirigido a potenciar la literatura infantil desde las primeras edades.","sameAs":["https:\/\/lamaletadelili.com"],"url":"https:\/\/lamaletadelili.com\/ca\/author\/lili\/"}]}},"uagb_featured_image_src":{"full":["https:\/\/lamaletadelili.com\/wp-content\/uploads\/2019\/07\/Teatr\u00ed-de-Butxaca.jpg",900,675,false],"thumbnail":["https:\/\/lamaletadelili.com\/wp-content\/uploads\/2019\/07\/Teatr\u00ed-de-Butxaca-150x150.jpg",150,150,true],"medium":["https:\/\/lamaletadelili.com\/wp-content\/uploads\/2019\/07\/Teatr\u00ed-de-Butxaca-287x215.jpg",287,215,true],"medium_large":["https:\/\/lamaletadelili.com\/wp-content\/uploads\/2019\/07\/Teatr\u00ed-de-Butxaca-768x576.jpg",768,576,true],"large":["https:\/\/lamaletadelili.com\/wp-content\/uploads\/2019\/07\/Teatr\u00ed-de-Butxaca-600x450.jpg",600,450,true],"1536x1536":["https:\/\/lamaletadelili.com\/wp-content\/uploads\/2019\/07\/Teatr\u00ed-de-Butxaca.jpg",900,675,false],"2048x2048":["https:\/\/lamaletadelili.com\/wp-content\/uploads\/2019\/07\/Teatr\u00ed-de-Butxaca.jpg",900,675,false]},"uagb_author_info":{"display_name":"Lili","author_link":"https:\/\/lamaletadelili.com\/ca\/author\/lili\/"},"uagb_comment_info":0,"uagb_excerpt":"Al programa de r\u00e0dio Teatri de Butxaca els contes de vancaces van ser els recomanats","_links":{"self":[{"href":"https:\/\/lamaletadelili.com\/ca\/wp-json\/wp\/v2\/posts\/3875","targetHints":{"allow":["GET"]}}],"collection":[{"href":"https:\/\/lamaletadelili.com\/ca\/wp-json\/wp\/v2\/posts"}],"about":[{"href":"https:\/\/lamaletadelili.com\/ca\/wp-json\/wp\/v2\/types\/post"}],"author":[{"embeddable":true,"href":"https:\/\/lamaletadelili.com\/ca\/wp-json\/wp\/v2\/users\/2"}],"replies":[{"embeddable":true,"href":"https:\/\/lamaletadelili.com\/ca\/wp-json\/wp\/v2\/comments?post=3875"}],"version-history":[{"count":0,"href":"https:\/\/lamaletadelili.com\/ca\/wp-json\/wp\/v2\/posts\/3875\/revisions"}],"wp:featuredmedia":[{"embeddable":true,"href":"https:\/\/lamaletadelili.com\/ca\/wp-json\/wp\/v2\/media\/5781"}],"wp:attachment":[{"href":"https:\/\/lamaletadelili.com\/ca\/wp-json\/wp\/v2\/media?parent=3875"}],"wp:term":[{"taxonomy":"category","embeddable":true,"href":"https:\/\/lamaletadelili.com\/ca\/wp-json\/wp\/v2\/categories?post=3875"},{"taxonomy":"post_tag","embeddable":true,"href":"https:\/\/lamaletadelili.com\/ca\/wp-json\/wp\/v2\/tags?post=3875"}],"curies":[{"name":"wp","href":"https:\/\/api.w.org\/{rel}","templated":true}]}}