{"id":16785,"date":"2025-09-24T11:00:13","date_gmt":"2025-09-24T09:00:13","guid":{"rendered":"https:\/\/lamaletadelili.com\/?p=16785"},"modified":"2026-02-27T20:05:20","modified_gmt":"2026-02-27T19:05:20","slug":"tarda-de-gripau","status":"publish","type":"post","link":"https:\/\/lamaletadelili.com\/ca\/el-llibre-del-mes\/tarda-de-gripau\/","title":{"rendered":"Tarda de gripau"},"content":{"rendered":"\n<p>Fa temps que no passo per aqu\u00ed, que no escric, que no us porto noticies de la Lili i dels seus viatges&#8230; i he decidit tornar a escriure un dels meus pots m\u00e9s preferits: el que parla del llibre del mes. <\/p>\n\n\n\n<p>I, comen\u00e7o amb una hist\u00f2ria d&#8217;una tarda qualsevol pels protagonistes d&#8217;aquesta hist\u00f2ria  que van tenir una idea!! animar la tarda del gripau. Aquests animalons son molt entremaliats i volen que el gripau s&#8217;engregi aix\u00ed que arriba el mosquit tot pensat: <\/p>\n\n\n\n<figure class=\"wp-block-image aligncenter size-large\"><img decoding=\"async\" width=\"656\" height=\"450\" src=\"https:\/\/lamaletadelili.com\/wp-content\/uploads\/2025\/09\/Tarda-de-gripau-1-1-656x450.jpg\" alt=\"\" class=\"wp-image-16798\" srcset=\"https:\/\/lamaletadelili.com\/wp-content\/uploads\/2025\/09\/Tarda-de-gripau-1-1-656x450.jpg 656w, https:\/\/lamaletadelili.com\/wp-content\/uploads\/2025\/09\/Tarda-de-gripau-1-1-314x215.jpg 314w, https:\/\/lamaletadelili.com\/wp-content\/uploads\/2025\/09\/Tarda-de-gripau-1-1-768x527.jpg 768w, https:\/\/lamaletadelili.com\/wp-content\/uploads\/2025\/09\/Tarda-de-gripau-1-1.jpg 900w\" sizes=\"(max-width: 656px) 100vw, 656px\" \/><\/figure>\n\n\n\n<p class=\"has-text-align-center has-vivid-red-color has-text-color has-link-color wp-elements-86f59bf42dd00a23017655b1111a33ec\"><strong>ozzztrezzzz,<br>que avorrit<br>que ezzzt\u00e0 el gripau!<\/strong><\/p>\n\n\n\n<p>Aquest petit mosquit \u00e9s el primer en distraure&#8217;l, poc despr\u00e9s arriba el cargol amb el seu ritme leeent i pausaaat que tamb\u00e9 intenta jugar amb ell per\u00f2 res de res, i encara era una tarda qualsevol per al gripau tamb\u00e9 ho era per la formiga, l&#8217;aranya, la lib\u00e8l\u00b7lula&#8230; que van acavar TOTS!! a la panxa del gripau.<\/p>\n\n\n\n<figure class=\"wp-block-image aligncenter size-large\"><img decoding=\"async\" width=\"800\" height=\"416\" src=\"https:\/\/lamaletadelili.com\/wp-content\/uploads\/2025\/09\/Tarda-de-gripau-2-800x416.jpg\" alt=\"\" class=\"wp-image-16792\" srcset=\"https:\/\/lamaletadelili.com\/wp-content\/uploads\/2025\/09\/Tarda-de-gripau-2-800x416.jpg 800w, https:\/\/lamaletadelili.com\/wp-content\/uploads\/2025\/09\/Tarda-de-gripau-2-380x198.jpg 380w, https:\/\/lamaletadelili.com\/wp-content\/uploads\/2025\/09\/Tarda-de-gripau-2-768x399.jpg 768w, https:\/\/lamaletadelili.com\/wp-content\/uploads\/2025\/09\/Tarda-de-gripau-2.jpg 900w\" sizes=\"(max-width: 800px) 100vw, 800px\" \/><\/figure>\n\n\n\n<p><\/p>\n\n\n\n<p>Fisn que arriba el saltamart\u00ed que per ell potser no era una tarda qualsevol o si??, doncs pensat que al gripau li cladria un bon amic va saltant i jugant amb ell que intentava de totes formes atrapar-lo. Penseu qu\u00e8 ho va aconseguir?. Aquest petit animal ens sorpr\u00e8n amb unes acaballes divertides.<\/p>\n\n\n\n<figure class=\"wp-block-image aligncenter size-large\"><img decoding=\"async\" width=\"800\" height=\"450\" src=\"https:\/\/lamaletadelili.com\/wp-content\/uploads\/2025\/09\/Tarda-de-gripau-4-800x450.jpg\" alt=\"\" class=\"wp-image-16801\" srcset=\"https:\/\/lamaletadelili.com\/wp-content\/uploads\/2025\/09\/Tarda-de-gripau-4-800x450.jpg 800w, https:\/\/lamaletadelili.com\/wp-content\/uploads\/2025\/09\/Tarda-de-gripau-4-380x213.jpg 380w, https:\/\/lamaletadelili.com\/wp-content\/uploads\/2025\/09\/Tarda-de-gripau-4-768x431.jpg 768w, https:\/\/lamaletadelili.com\/wp-content\/uploads\/2025\/09\/Tarda-de-gripau-4.jpg 900w\" sizes=\"(max-width: 800px) 100vw, 800px\" \/><\/figure>\n\n\n\n<p><\/p>\n\n\n\n<p>Aquest \u00e0lbum de l&#8217;<a href=\"https:\/\/kalandraka.com\/tarda-de-gripau-catala.html\"><strong>Editorial Kalandraca<\/strong> <\/a>ens presenta amb unes guardes il\u00b7lustrades que ja donen joc a la hist\u00f2ria i es complmenten perfectament amb el fons neutre de cada p\u00e0gina mostrant a cadasc\u00fa dels personatges i les il\u00b7lustraccions de <strong><a href=\"https:\/\/kalandraka.com\/autores\/mutuberria-maite\">Maite Mutuberria<\/a> <\/strong>en color resalten els moviments i les seves emocions.<\/p>\n\n\n\n<p><\/p>\n\n\n\n<p class=\"has-text-align-center\"><strong>Vosaltres voleu passar una tarda de gripau? <\/strong><\/p>\n\n\n\n<p class=\"has-text-align-center\">Us convido a descobrir tota la <strong>hist\u00f2ria d&#8217;aquest maravell\u00f2s \u00e0lbum per infants de 3 a 6 anys, per compartir en famil\u00eda una tarda qualsevol<\/strong><\/p>\n\n\n\n<p><\/p>\n","protected":false},"excerpt":{"rendered":"<p>Volaeu passar una tarda de gripau?<br \/>\nUs convido a descobrir aquest \u00e0lbum de l&#8217;Editorial Kalandraca ple de jocs f\u00f2nics i d&#8217;animalons.<\/p>\n","protected":false},"author":2,"featured_media":16788,"comment_status":"open","ping_status":"open","sticky":false,"template":"","format":"standard","meta":{"_uag_custom_page_level_css":"","site-sidebar-layout":"default","site-content-layout":"","ast-site-content-layout":"default","site-content-style":"default","site-sidebar-style":"default","ast-global-header-display":"","ast-banner-title-visibility":"","ast-main-header-display":"","ast-hfb-above-header-display":"","ast-hfb-below-header-display":"","ast-hfb-mobile-header-display":"","site-post-title":"","ast-breadcrumbs-content":"","ast-featured-img":"","footer-sml-layout":"","ast-disable-related-posts":"","theme-transparent-header-meta":"","adv-header-id-meta":"","stick-header-meta":"","header-above-stick-meta":"","header-main-stick-meta":"","header-below-stick-meta":"","astra-migrate-meta-layouts":"set","ast-page-background-enabled":"default","ast-page-background-meta":{"desktop":{"background-color":"var(--ast-global-color-4)","background-image":"","background-repeat":"repeat","background-position":"center center","background-size":"auto","background-attachment":"scroll","background-type":"","background-media":"","overlay-type":"","overlay-color":"","overlay-opacity":"","overlay-gradient":""},"tablet":{"background-color":"","background-image":"","background-repeat":"repeat","background-position":"center center","background-size":"auto","background-attachment":"scroll","background-type":"","background-media":"","overlay-type":"","overlay-color":"","overlay-opacity":"","overlay-gradient":""},"mobile":{"background-color":"","background-image":"","background-repeat":"repeat","background-position":"center center","background-size":"auto","background-attachment":"scroll","background-type":"","background-media":"","overlay-type":"","overlay-color":"","overlay-opacity":"","overlay-gradient":""}},"ast-content-background-meta":{"desktop":{"background-color":"var(--ast-global-color-5)","background-image":"","background-repeat":"repeat","background-position":"center center","background-size":"auto","background-attachment":"scroll","background-type":"","background-media":"","overlay-type":"","overlay-color":"","overlay-opacity":"","overlay-gradient":""},"tablet":{"background-color":"var(--ast-global-color-5)","background-image":"","background-repeat":"repeat","background-position":"center center","background-size":"auto","background-attachment":"scroll","background-type":"","background-media":"","overlay-type":"","overlay-color":"","overlay-opacity":"","overlay-gradient":""},"mobile":{"background-color":"var(--ast-global-color-5)","background-image":"","background-repeat":"repeat","background-position":"center center","background-size":"auto","background-attachment":"scroll","background-type":"","background-media":"","overlay-type":"","overlay-color":"","overlay-opacity":"","overlay-gradient":""}},"footnotes":""},"categories":[76],"tags":[909],"class_list":["post-16785","post","type-post","status-publish","format-standard","has-post-thumbnail","hentry","category-el-llibre-del-mes","tag-editorial-kalandraca"],"yoast_head":"<!-- This site is optimized with the Yoast SEO plugin v27.4 - https:\/\/yoast.com\/product\/yoast-seo-wordpress\/ -->\n<title>Tarda de gripau - La maleta de Lili<\/title>\n<meta name=\"description\" content=\"Tornen els posts del &quot;llibre del mes&quot; amb un \u00e0lbum ple de jocs f\u00f2nics editat per Kalandraca i recomanat per infants entre 3 a 6 anys\" \/>\n<meta name=\"robots\" content=\"index, follow, max-snippet:-1, max-image-preview:large, max-video-preview:-1\" \/>\n<link rel=\"canonical\" href=\"https:\/\/lamaletadelili.com\/ca\/el-llibre-del-mes\/tarda-de-gripau\/\" \/>\n<meta property=\"og:locale\" content=\"ca_ES\" \/>\n<meta property=\"og:type\" content=\"article\" \/>\n<meta property=\"og:title\" content=\"Tarda de gripau - La maleta de Lili\" \/>\n<meta property=\"og:description\" content=\"Tornen els posts del &quot;llibre del mes&quot; amb un \u00e0lbum ple de jocs f\u00f2nics editat per Kalandraca i recomanat per infants entre 3 a 6 anys\" \/>\n<meta property=\"og:url\" content=\"https:\/\/lamaletadelili.com\/ca\/el-llibre-del-mes\/tarda-de-gripau\/\" \/>\n<meta property=\"og:site_name\" content=\"La maleta de Lili\" \/>\n<meta property=\"article:published_time\" content=\"2025-09-24T09:00:13+00:00\" \/>\n<meta property=\"article:modified_time\" content=\"2026-02-27T19:05:20+00:00\" \/>\n<meta property=\"og:image\" content=\"https:\/\/lamaletadelili.com\/wp-content\/uploads\/2025\/09\/Tarda-de-gripau.jpg\" \/>\n\t<meta property=\"og:image:width\" content=\"700\" \/>\n\t<meta property=\"og:image:height\" content=\"700\" \/>\n\t<meta property=\"og:image:type\" content=\"image\/jpeg\" \/>\n<meta name=\"author\" content=\"Lili\" \/>\n<meta name=\"twitter:card\" content=\"summary_large_image\" \/>\n<meta name=\"twitter:label1\" content=\"Escrit per\" \/>\n\t<meta name=\"twitter:data1\" content=\"Lili\" \/>\n\t<meta name=\"twitter:label2\" content=\"Temps estimat de lectura\" \/>\n\t<meta name=\"twitter:data2\" content=\"3 minuts\" \/>\n<script type=\"application\/ld+json\" class=\"yoast-schema-graph\">{\"@context\":\"https:\\\/\\\/schema.org\",\"@graph\":[{\"@type\":\"Article\",\"@id\":\"https:\\\/\\\/lamaletadelili.com\\\/ca\\\/el-llibre-del-mes\\\/tarda-de-gripau\\\/#article\",\"isPartOf\":{\"@id\":\"https:\\\/\\\/lamaletadelili.com\\\/ca\\\/el-llibre-del-mes\\\/tarda-de-gripau\\\/\"},\"author\":{\"name\":\"Lili\",\"@id\":\"https:\\\/\\\/lamaletadelili.com\\\/#\\\/schema\\\/person\\\/0b369bfb34abc5b05dad849dd46e7216\"},\"headline\":\"Tarda de gripau\",\"datePublished\":\"2025-09-24T09:00:13+00:00\",\"dateModified\":\"2026-02-27T19:05:20+00:00\",\"mainEntityOfPage\":{\"@id\":\"https:\\\/\\\/lamaletadelili.com\\\/ca\\\/el-llibre-del-mes\\\/tarda-de-gripau\\\/\"},\"wordCount\":299,\"commentCount\":0,\"publisher\":{\"@id\":\"https:\\\/\\\/lamaletadelili.com\\\/#organization\"},\"image\":{\"@id\":\"https:\\\/\\\/lamaletadelili.com\\\/ca\\\/el-llibre-del-mes\\\/tarda-de-gripau\\\/#primaryimage\"},\"thumbnailUrl\":\"https:\\\/\\\/lamaletadelili.com\\\/wp-content\\\/uploads\\\/2025\\\/09\\\/Tarda-de-gripau.jpg\",\"keywords\":[\"Editorial Kalandraca\"],\"articleSection\":[\"El llibre del mes\"],\"inLanguage\":\"ca\",\"potentialAction\":[{\"@type\":\"CommentAction\",\"name\":\"Comment\",\"target\":[\"https:\\\/\\\/lamaletadelili.com\\\/ca\\\/el-llibre-del-mes\\\/tarda-de-gripau\\\/#respond\"]}]},{\"@type\":\"WebPage\",\"@id\":\"https:\\\/\\\/lamaletadelili.com\\\/ca\\\/el-llibre-del-mes\\\/tarda-de-gripau\\\/\",\"url\":\"https:\\\/\\\/lamaletadelili.com\\\/ca\\\/el-llibre-del-mes\\\/tarda-de-gripau\\\/\",\"name\":\"Tarda de gripau - La maleta de Lili\",\"isPartOf\":{\"@id\":\"https:\\\/\\\/lamaletadelili.com\\\/#website\"},\"primaryImageOfPage\":{\"@id\":\"https:\\\/\\\/lamaletadelili.com\\\/ca\\\/el-llibre-del-mes\\\/tarda-de-gripau\\\/#primaryimage\"},\"image\":{\"@id\":\"https:\\\/\\\/lamaletadelili.com\\\/ca\\\/el-llibre-del-mes\\\/tarda-de-gripau\\\/#primaryimage\"},\"thumbnailUrl\":\"https:\\\/\\\/lamaletadelili.com\\\/wp-content\\\/uploads\\\/2025\\\/09\\\/Tarda-de-gripau.jpg\",\"datePublished\":\"2025-09-24T09:00:13+00:00\",\"dateModified\":\"2026-02-27T19:05:20+00:00\",\"description\":\"Tornen els posts del \\\"llibre del mes\\\" amb un \u00e0lbum ple de jocs f\u00f2nics editat per Kalandraca i recomanat per infants entre 3 a 6 anys\",\"breadcrumb\":{\"@id\":\"https:\\\/\\\/lamaletadelili.com\\\/ca\\\/el-llibre-del-mes\\\/tarda-de-gripau\\\/#breadcrumb\"},\"inLanguage\":\"ca\",\"potentialAction\":[{\"@type\":\"ReadAction\",\"target\":[\"https:\\\/\\\/lamaletadelili.com\\\/ca\\\/el-llibre-del-mes\\\/tarda-de-gripau\\\/\"]}]},{\"@type\":\"ImageObject\",\"inLanguage\":\"ca\",\"@id\":\"https:\\\/\\\/lamaletadelili.com\\\/ca\\\/el-llibre-del-mes\\\/tarda-de-gripau\\\/#primaryimage\",\"url\":\"https:\\\/\\\/lamaletadelili.com\\\/wp-content\\\/uploads\\\/2025\\\/09\\\/Tarda-de-gripau.jpg\",\"contentUrl\":\"https:\\\/\\\/lamaletadelili.com\\\/wp-content\\\/uploads\\\/2025\\\/09\\\/Tarda-de-gripau.jpg\",\"width\":700,\"height\":700,\"caption\":\"Un \u00e0lbum ple de jocs f\u00f2nics\"},{\"@type\":\"BreadcrumbList\",\"@id\":\"https:\\\/\\\/lamaletadelili.com\\\/ca\\\/el-llibre-del-mes\\\/tarda-de-gripau\\\/#breadcrumb\",\"itemListElement\":[{\"@type\":\"ListItem\",\"position\":1,\"name\":\"Portada\",\"item\":\"https:\\\/\\\/lamaletadelili.com\\\/ca\\\/\"},{\"@type\":\"ListItem\",\"position\":2,\"name\":\"Tarda de gripau\"}]},{\"@type\":\"WebSite\",\"@id\":\"https:\\\/\\\/lamaletadelili.com\\\/#website\",\"url\":\"https:\\\/\\\/lamaletadelili.com\\\/\",\"name\":\"La maleta de Lili\",\"description\":\"Cuenta cuentos\",\"publisher\":{\"@id\":\"https:\\\/\\\/lamaletadelili.com\\\/#organization\"},\"potentialAction\":[{\"@type\":\"SearchAction\",\"target\":{\"@type\":\"EntryPoint\",\"urlTemplate\":\"https:\\\/\\\/lamaletadelili.com\\\/?s={search_term_string}\"},\"query-input\":{\"@type\":\"PropertyValueSpecification\",\"valueRequired\":true,\"valueName\":\"search_term_string\"}}],\"inLanguage\":\"ca\"},{\"@type\":\"Organization\",\"@id\":\"https:\\\/\\\/lamaletadelili.com\\\/#organization\",\"name\":\"La maleta de Lili\",\"url\":\"https:\\\/\\\/lamaletadelili.com\\\/\",\"logo\":{\"@type\":\"ImageObject\",\"inLanguage\":\"ca\",\"@id\":\"https:\\\/\\\/lamaletadelili.com\\\/#\\\/schema\\\/logo\\\/image\\\/\",\"url\":\"https:\\\/\\\/lamaletadelili.com\\\/wp-content\\\/uploads\\\/2019\\\/07\\\/LOGO-La-maleta-de-Lili-catalan.png\",\"contentUrl\":\"https:\\\/\\\/lamaletadelili.com\\\/wp-content\\\/uploads\\\/2019\\\/07\\\/LOGO-La-maleta-de-Lili-catalan.png\",\"width\":450,\"height\":177,\"caption\":\"La maleta de Lili\"},\"image\":{\"@id\":\"https:\\\/\\\/lamaletadelili.com\\\/#\\\/schema\\\/logo\\\/image\\\/\"}},{\"@type\":\"Person\",\"@id\":\"https:\\\/\\\/lamaletadelili.com\\\/#\\\/schema\\\/person\\\/0b369bfb34abc5b05dad849dd46e7216\",\"name\":\"Lili\",\"image\":{\"@type\":\"ImageObject\",\"inLanguage\":\"ca\",\"@id\":\"https:\\\/\\\/lamaletadelili.com\\\/wp-content\\\/litespeed\\\/avatar\\\/76b539669a3dc81823ce0f8f87bd4577.jpg?ver=1776983692\",\"url\":\"https:\\\/\\\/lamaletadelili.com\\\/wp-content\\\/litespeed\\\/avatar\\\/76b539669a3dc81823ce0f8f87bd4577.jpg?ver=1776983692\",\"contentUrl\":\"https:\\\/\\\/lamaletadelili.com\\\/wp-content\\\/litespeed\\\/avatar\\\/76b539669a3dc81823ce0f8f87bd4577.jpg?ver=1776983692\",\"caption\":\"Lili\"},\"description\":\"Proyecto de animaci\u00f3n a la lectura dirigido a potenciar la literatura infantil desde las primeras edades.\",\"sameAs\":[\"https:\\\/\\\/lamaletadelili.com\"],\"url\":\"https:\\\/\\\/lamaletadelili.com\\\/ca\\\/author\\\/lili\\\/\"}]}<\/script>\n<!-- \/ Yoast SEO plugin. -->","yoast_head_json":{"title":"Tarda de gripau - La maleta de Lili","description":"Tornen els posts del \"llibre del mes\" amb un \u00e0lbum ple de jocs f\u00f2nics editat per Kalandraca i recomanat per infants entre 3 a 6 anys","robots":{"index":"index","follow":"follow","max-snippet":"max-snippet:-1","max-image-preview":"max-image-preview:large","max-video-preview":"max-video-preview:-1"},"canonical":"https:\/\/lamaletadelili.com\/ca\/el-llibre-del-mes\/tarda-de-gripau\/","og_locale":"ca_ES","og_type":"article","og_title":"Tarda de gripau - La maleta de Lili","og_description":"Tornen els posts del \"llibre del mes\" amb un \u00e0lbum ple de jocs f\u00f2nics editat per Kalandraca i recomanat per infants entre 3 a 6 anys","og_url":"https:\/\/lamaletadelili.com\/ca\/el-llibre-del-mes\/tarda-de-gripau\/","og_site_name":"La maleta de Lili","article_published_time":"2025-09-24T09:00:13+00:00","article_modified_time":"2026-02-27T19:05:20+00:00","og_image":[{"width":700,"height":700,"url":"https:\/\/lamaletadelili.com\/wp-content\/uploads\/2025\/09\/Tarda-de-gripau.jpg","type":"image\/jpeg"}],"author":"Lili","twitter_card":"summary_large_image","twitter_misc":{"Escrit per":"Lili","Temps estimat de lectura":"3 minuts"},"schema":{"@context":"https:\/\/schema.org","@graph":[{"@type":"Article","@id":"https:\/\/lamaletadelili.com\/ca\/el-llibre-del-mes\/tarda-de-gripau\/#article","isPartOf":{"@id":"https:\/\/lamaletadelili.com\/ca\/el-llibre-del-mes\/tarda-de-gripau\/"},"author":{"name":"Lili","@id":"https:\/\/lamaletadelili.com\/#\/schema\/person\/0b369bfb34abc5b05dad849dd46e7216"},"headline":"Tarda de gripau","datePublished":"2025-09-24T09:00:13+00:00","dateModified":"2026-02-27T19:05:20+00:00","mainEntityOfPage":{"@id":"https:\/\/lamaletadelili.com\/ca\/el-llibre-del-mes\/tarda-de-gripau\/"},"wordCount":299,"commentCount":0,"publisher":{"@id":"https:\/\/lamaletadelili.com\/#organization"},"image":{"@id":"https:\/\/lamaletadelili.com\/ca\/el-llibre-del-mes\/tarda-de-gripau\/#primaryimage"},"thumbnailUrl":"https:\/\/lamaletadelili.com\/wp-content\/uploads\/2025\/09\/Tarda-de-gripau.jpg","keywords":["Editorial Kalandraca"],"articleSection":["El llibre del mes"],"inLanguage":"ca","potentialAction":[{"@type":"CommentAction","name":"Comment","target":["https:\/\/lamaletadelili.com\/ca\/el-llibre-del-mes\/tarda-de-gripau\/#respond"]}]},{"@type":"WebPage","@id":"https:\/\/lamaletadelili.com\/ca\/el-llibre-del-mes\/tarda-de-gripau\/","url":"https:\/\/lamaletadelili.com\/ca\/el-llibre-del-mes\/tarda-de-gripau\/","name":"Tarda de gripau - La maleta de Lili","isPartOf":{"@id":"https:\/\/lamaletadelili.com\/#website"},"primaryImageOfPage":{"@id":"https:\/\/lamaletadelili.com\/ca\/el-llibre-del-mes\/tarda-de-gripau\/#primaryimage"},"image":{"@id":"https:\/\/lamaletadelili.com\/ca\/el-llibre-del-mes\/tarda-de-gripau\/#primaryimage"},"thumbnailUrl":"https:\/\/lamaletadelili.com\/wp-content\/uploads\/2025\/09\/Tarda-de-gripau.jpg","datePublished":"2025-09-24T09:00:13+00:00","dateModified":"2026-02-27T19:05:20+00:00","description":"Tornen els posts del \"llibre del mes\" amb un \u00e0lbum ple de jocs f\u00f2nics editat per Kalandraca i recomanat per infants entre 3 a 6 anys","breadcrumb":{"@id":"https:\/\/lamaletadelili.com\/ca\/el-llibre-del-mes\/tarda-de-gripau\/#breadcrumb"},"inLanguage":"ca","potentialAction":[{"@type":"ReadAction","target":["https:\/\/lamaletadelili.com\/ca\/el-llibre-del-mes\/tarda-de-gripau\/"]}]},{"@type":"ImageObject","inLanguage":"ca","@id":"https:\/\/lamaletadelili.com\/ca\/el-llibre-del-mes\/tarda-de-gripau\/#primaryimage","url":"https:\/\/lamaletadelili.com\/wp-content\/uploads\/2025\/09\/Tarda-de-gripau.jpg","contentUrl":"https:\/\/lamaletadelili.com\/wp-content\/uploads\/2025\/09\/Tarda-de-gripau.jpg","width":700,"height":700,"caption":"Un \u00e0lbum ple de jocs f\u00f2nics"},{"@type":"BreadcrumbList","@id":"https:\/\/lamaletadelili.com\/ca\/el-llibre-del-mes\/tarda-de-gripau\/#breadcrumb","itemListElement":[{"@type":"ListItem","position":1,"name":"Portada","item":"https:\/\/lamaletadelili.com\/ca\/"},{"@type":"ListItem","position":2,"name":"Tarda de gripau"}]},{"@type":"WebSite","@id":"https:\/\/lamaletadelili.com\/#website","url":"https:\/\/lamaletadelili.com\/","name":"La maleta de Lili","description":"Cuenta cuentos","publisher":{"@id":"https:\/\/lamaletadelili.com\/#organization"},"potentialAction":[{"@type":"SearchAction","target":{"@type":"EntryPoint","urlTemplate":"https:\/\/lamaletadelili.com\/?s={search_term_string}"},"query-input":{"@type":"PropertyValueSpecification","valueRequired":true,"valueName":"search_term_string"}}],"inLanguage":"ca"},{"@type":"Organization","@id":"https:\/\/lamaletadelili.com\/#organization","name":"La maleta de Lili","url":"https:\/\/lamaletadelili.com\/","logo":{"@type":"ImageObject","inLanguage":"ca","@id":"https:\/\/lamaletadelili.com\/#\/schema\/logo\/image\/","url":"https:\/\/lamaletadelili.com\/wp-content\/uploads\/2019\/07\/LOGO-La-maleta-de-Lili-catalan.png","contentUrl":"https:\/\/lamaletadelili.com\/wp-content\/uploads\/2019\/07\/LOGO-La-maleta-de-Lili-catalan.png","width":450,"height":177,"caption":"La maleta de Lili"},"image":{"@id":"https:\/\/lamaletadelili.com\/#\/schema\/logo\/image\/"}},{"@type":"Person","@id":"https:\/\/lamaletadelili.com\/#\/schema\/person\/0b369bfb34abc5b05dad849dd46e7216","name":"Lili","image":{"@type":"ImageObject","inLanguage":"ca","@id":"https:\/\/lamaletadelili.com\/wp-content\/litespeed\/avatar\/76b539669a3dc81823ce0f8f87bd4577.jpg?ver=1776983692","url":"https:\/\/lamaletadelili.com\/wp-content\/litespeed\/avatar\/76b539669a3dc81823ce0f8f87bd4577.jpg?ver=1776983692","contentUrl":"https:\/\/lamaletadelili.com\/wp-content\/litespeed\/avatar\/76b539669a3dc81823ce0f8f87bd4577.jpg?ver=1776983692","caption":"Lili"},"description":"Proyecto de animaci\u00f3n a la lectura dirigido a potenciar la literatura infantil desde las primeras edades.","sameAs":["https:\/\/lamaletadelili.com"],"url":"https:\/\/lamaletadelili.com\/ca\/author\/lili\/"}]}},"uagb_featured_image_src":{"full":["https:\/\/lamaletadelili.com\/wp-content\/uploads\/2025\/09\/Tarda-de-gripau.jpg",700,700,false],"thumbnail":["https:\/\/lamaletadelili.com\/wp-content\/uploads\/2025\/09\/Tarda-de-gripau-150x150.jpg",150,150,true],"medium":["https:\/\/lamaletadelili.com\/wp-content\/uploads\/2025\/09\/Tarda-de-gripau-215x215.jpg",215,215,true],"medium_large":["https:\/\/lamaletadelili.com\/wp-content\/uploads\/2025\/09\/Tarda-de-gripau.jpg",700,700,false],"large":["https:\/\/lamaletadelili.com\/wp-content\/uploads\/2025\/09\/Tarda-de-gripau-450x450.jpg",450,450,true],"1536x1536":["https:\/\/lamaletadelili.com\/wp-content\/uploads\/2025\/09\/Tarda-de-gripau.jpg",700,700,false],"2048x2048":["https:\/\/lamaletadelili.com\/wp-content\/uploads\/2025\/09\/Tarda-de-gripau.jpg",700,700,false]},"uagb_author_info":{"display_name":"Lili","author_link":"https:\/\/lamaletadelili.com\/ca\/author\/lili\/"},"uagb_comment_info":0,"uagb_excerpt":"Volaeu passar una tarda de gripau? Us convido a descobrir aquest \u00e0lbum de l'Editorial Kalandraca ple de jocs f\u00f2nics i d'animalons.","_links":{"self":[{"href":"https:\/\/lamaletadelili.com\/ca\/wp-json\/wp\/v2\/posts\/16785","targetHints":{"allow":["GET"]}}],"collection":[{"href":"https:\/\/lamaletadelili.com\/ca\/wp-json\/wp\/v2\/posts"}],"about":[{"href":"https:\/\/lamaletadelili.com\/ca\/wp-json\/wp\/v2\/types\/post"}],"author":[{"embeddable":true,"href":"https:\/\/lamaletadelili.com\/ca\/wp-json\/wp\/v2\/users\/2"}],"replies":[{"embeddable":true,"href":"https:\/\/lamaletadelili.com\/ca\/wp-json\/wp\/v2\/comments?post=16785"}],"version-history":[{"count":0,"href":"https:\/\/lamaletadelili.com\/ca\/wp-json\/wp\/v2\/posts\/16785\/revisions"}],"wp:featuredmedia":[{"embeddable":true,"href":"https:\/\/lamaletadelili.com\/ca\/wp-json\/wp\/v2\/media\/16788"}],"wp:attachment":[{"href":"https:\/\/lamaletadelili.com\/ca\/wp-json\/wp\/v2\/media?parent=16785"}],"wp:term":[{"taxonomy":"category","embeddable":true,"href":"https:\/\/lamaletadelili.com\/ca\/wp-json\/wp\/v2\/categories?post=16785"},{"taxonomy":"post_tag","embeddable":true,"href":"https:\/\/lamaletadelili.com\/ca\/wp-json\/wp\/v2\/tags?post=16785"}],"curies":[{"name":"wp","href":"https:\/\/api.w.org\/{rel}","templated":true}]}}