{"id":15332,"date":"2023-10-24T10:00:00","date_gmt":"2023-10-24T08:00:00","guid":{"rendered":"https:\/\/lamaletadelili.com\/?p=15332"},"modified":"2023-11-06T10:00:37","modified_gmt":"2023-11-06T09:00:37","slug":"histories-per-no-tenir-por","status":"publish","type":"post","link":"https:\/\/lamaletadelili.com\/ca\/activitats-realitzades\/histories-per-no-tenir-por\/","title":{"rendered":"Hist\u00f2ries per NO tenir por"},"content":{"rendered":"\n<p class=\"has-ast-global-color-3-color has-cyan-bluish-gray-background-color has-text-color has-background\"><em>El <strong>dimarts 24 va ser el Dia de les Biblioteques<\/strong>, per celebrar-ho vaig dur a terem una proposta amb hist\u00f2ries sobre monstres, fanstasme si vampirs! a la<strong><a href=\"https:\/\/bibliotecavirtual.diba.cat\/es\/rubi-biblioteca-mestre-marti-tauler\" data-type=\"link\" data-id=\"https:\/\/bibliotecavirtual.diba.cat\/es\/rubi-biblioteca-mestre-marti-tauler\"> Biblioteca Mestre Mart\u00ed Tauler<\/a><\/strong>.<\/em><\/p>\n\n\n\n<p class=\"has-ast-global-color-3-color has-cyan-bluish-gray-background-color has-text-color has-background\"><em>La <strong>Sala Infantil<\/strong> poc a poc anava agafant una decoraci\u00f3 diferent amb alguna bruixa, tuls trasparents i uns quants llibres terrorifics, o pot ser NO tant!<\/em><\/p>\n\n\n\n<figure class=\"wp-block-gallery has-nested-images columns-default is-cropped wp-block-gallery-1 is-layout-flex wp-block-gallery-is-layout-flex\">\n<figure class=\"wp-block-image size-large has-custom-border is-style-default\"><img decoding=\"async\" width=\"800\" height=\"370\" data-id=\"15334\" src=\"https:\/\/lamaletadelili.com\/wp-content\/uploads\/2023\/10\/Histories-per-NO-tenir-por-8-800x370.jpg\" alt=\"\" class=\"has-border-color wp-image-15334\" style=\"border-color:var(--ast-global-color-2);border-width:6px;border-radius:7px\" srcset=\"https:\/\/lamaletadelili.com\/wp-content\/uploads\/2023\/10\/Histories-per-NO-tenir-por-8-800x370.jpg 800w, https:\/\/lamaletadelili.com\/wp-content\/uploads\/2023\/10\/Histories-per-NO-tenir-por-8-380x176.jpg 380w, https:\/\/lamaletadelili.com\/wp-content\/uploads\/2023\/10\/Histories-per-NO-tenir-por-8-768x355.jpg 768w, https:\/\/lamaletadelili.com\/wp-content\/uploads\/2023\/10\/Histories-per-NO-tenir-por-8.jpg 900w\" sizes=\"(max-width: 800px) 100vw, 800px\" \/><\/figure>\n\n\n\n<figure class=\"wp-block-image size-large has-custom-border is-style-default\"><img decoding=\"async\" width=\"800\" height=\"450\" data-id=\"15396\" src=\"https:\/\/lamaletadelili.com\/wp-content\/uploads\/2023\/11\/Histories-per-NO-tenir-por-4.jpg\" alt=\"\" class=\"has-border-color wp-image-15396\" style=\"border-color:var(--ast-global-color-2);border-width:6px;border-radius:7px\" srcset=\"https:\/\/lamaletadelili.com\/wp-content\/uploads\/2023\/11\/Histories-per-NO-tenir-por-4.jpg 800w, https:\/\/lamaletadelili.com\/wp-content\/uploads\/2023\/11\/Histories-per-NO-tenir-por-4-380x215.jpg 380w, https:\/\/lamaletadelili.com\/wp-content\/uploads\/2023\/11\/Histories-per-NO-tenir-por-4-768x432.jpg 768w\" sizes=\"(max-width: 800px) 100vw, 800px\" \/><\/figure>\n<\/figure>\n\n\n\n<p class=\"has-ast-global-color-3-color has-cyan-bluish-gray-background-color has-text-color has-background\"><em>Mentre jo anava preparant l&#8217;espai, les fam\u00edlies comen\u00e7aven a arribar i els seus fills i filles es mireven tot des dels vidres exteriors sense perdre cap detall.<\/em><\/p>\n\n\n\n<p class=\"has-ast-global-color-2-color has-cyan-bluish-gray-background-color has-text-color has-background\"><em><strong>Les hist\u00f2ries de monstres, fantasmes, bruixes<\/strong> &#8230; s&#8217;anaven colen per les ranures de la meva maleta mentre mantenien l&#8217;atenci\u00f3 als infants. Van ballar al bosc amb el ritme de les<strong> bruixe<\/strong>s dels dos germans <strong>Geperuts <\/strong> i abans de marxar van finalitzar amb el conte &#8220;<strong>Al llit terribles<\/strong>!&#8221; dormint dins del bosc com els  NO tant monstres protagonistes. <\/em><\/p>\n\n\n\n<figure class=\"wp-block-gallery has-nested-images columns-default is-cropped wp-block-gallery-2 is-layout-flex wp-block-gallery-is-layout-flex\">\n<figure class=\"wp-block-image size-large has-custom-border is-style-rounded wp-duotone-grayscale\"><img decoding=\"async\" width=\"800\" height=\"450\" data-id=\"15383\" src=\"https:\/\/lamaletadelili.com\/wp-content\/uploads\/2023\/11\/Histories-per-NO-tenir-por-2.jpg\" alt=\"\" class=\"has-border-color wp-image-15383\" style=\"border-color:var(--ast-global-color-2);border-width:6px;border-radius:7px\" srcset=\"https:\/\/lamaletadelili.com\/wp-content\/uploads\/2023\/11\/Histories-per-NO-tenir-por-2.jpg 800w, https:\/\/lamaletadelili.com\/wp-content\/uploads\/2023\/11\/Histories-per-NO-tenir-por-2-380x215.jpg 380w, https:\/\/lamaletadelili.com\/wp-content\/uploads\/2023\/11\/Histories-per-NO-tenir-por-2-768x432.jpg 768w\" sizes=\"(max-width: 800px) 100vw, 800px\" \/><\/figure>\n\n\n\n<figure class=\"wp-block-image size-large has-custom-border is-style-rounded wp-duotone-grayscale\"><img decoding=\"async\" width=\"655\" height=\"450\" data-id=\"15387\" src=\"https:\/\/lamaletadelili.com\/wp-content\/uploads\/2023\/11\/Histories-per-NO-tenir-por-6-655x450.jpg\" alt=\"\" class=\"has-border-color wp-image-15387\" style=\"border-color:var(--ast-global-color-2);border-width:6px;border-radius:7px\" srcset=\"https:\/\/lamaletadelili.com\/wp-content\/uploads\/2023\/11\/Histories-per-NO-tenir-por-6-655x450.jpg 655w, https:\/\/lamaletadelili.com\/wp-content\/uploads\/2023\/11\/Histories-per-NO-tenir-por-6-313x215.jpg 313w, https:\/\/lamaletadelili.com\/wp-content\/uploads\/2023\/11\/Histories-per-NO-tenir-por-6-768x528.jpg 768w, https:\/\/lamaletadelili.com\/wp-content\/uploads\/2023\/11\/Histories-per-NO-tenir-por-6.jpg 800w\" sizes=\"(max-width: 655px) 100vw, 655px\" \/><\/figure>\n\n\n\n<figure class=\"wp-block-image size-large has-custom-border is-style-rounded wp-duotone-grayscale\"><img decoding=\"async\" width=\"655\" height=\"450\" data-id=\"15389\" src=\"https:\/\/lamaletadelili.com\/wp-content\/uploads\/2023\/11\/Histories-per-NO-tenir-por-7-655x450.jpg\" alt=\"\" class=\"has-border-color wp-image-15389\" style=\"border-color:var(--ast-global-color-2);border-width:6px;border-radius:10px\" srcset=\"https:\/\/lamaletadelili.com\/wp-content\/uploads\/2023\/11\/Histories-per-NO-tenir-por-7-655x450.jpg 655w, https:\/\/lamaletadelili.com\/wp-content\/uploads\/2023\/11\/Histories-per-NO-tenir-por-7-313x215.jpg 313w, https:\/\/lamaletadelili.com\/wp-content\/uploads\/2023\/11\/Histories-per-NO-tenir-por-7-768x528.jpg 768w, https:\/\/lamaletadelili.com\/wp-content\/uploads\/2023\/11\/Histories-per-NO-tenir-por-7.jpg 800w\" sizes=\"(max-width: 655px) 100vw, 655px\" \/><\/figure>\n<\/figure>\n\n\n\n<p><\/p>\n\n\n\n<p class=\"has-ast-global-color-2-color has-cyan-bluish-gray-background-color has-text-color has-background\"><em>Amb aquestes hist\u00f2ries plenes de personatges que son tan t\u00edmits que nom\u00e9s surten en dies especials com Hallowen, la <strong>Lili es va acomiadar amb un gran pet\u00f3 alat <\/strong> esperant retrobar-us a la propera sessi\u00f3 de <strong>Contes per Menuts<\/strong>.<\/em><\/p>\n","protected":false},"excerpt":{"rendered":"<p>Una tarda amb llops, fantasmes, personatges que mengen p\u00e0 amb mel, geperuts i bruixes que ballen van omplir la Sala Infantil de la Biblioteca Mestre Mart\u00ed  Tauler. <\/p>\n","protected":false},"author":2,"featured_media":15336,"comment_status":"open","ping_status":"open","sticky":false,"template":"","format":"standard","meta":{"_uag_custom_page_level_css":"","site-sidebar-layout":"default","site-content-layout":"","ast-site-content-layout":"default","site-content-style":"default","site-sidebar-style":"default","ast-global-header-display":"","ast-banner-title-visibility":"","ast-main-header-display":"","ast-hfb-above-header-display":"","ast-hfb-below-header-display":"","ast-hfb-mobile-header-display":"","site-post-title":"","ast-breadcrumbs-content":"","ast-featured-img":"","footer-sml-layout":"","ast-disable-related-posts":"","theme-transparent-header-meta":"","adv-header-id-meta":"","stick-header-meta":"","header-above-stick-meta":"","header-main-stick-meta":"","header-below-stick-meta":"","astra-migrate-meta-layouts":"set","ast-page-background-enabled":"default","ast-page-background-meta":{"desktop":{"background-color":"var(--ast-global-color-4)","background-image":"","background-repeat":"repeat","background-position":"center center","background-size":"auto","background-attachment":"scroll","background-type":"","background-media":"","overlay-type":"","overlay-color":"","overlay-opacity":"","overlay-gradient":""},"tablet":{"background-color":"","background-image":"","background-repeat":"repeat","background-position":"center center","background-size":"auto","background-attachment":"scroll","background-type":"","background-media":"","overlay-type":"","overlay-color":"","overlay-opacity":"","overlay-gradient":""},"mobile":{"background-color":"","background-image":"","background-repeat":"repeat","background-position":"center center","background-size":"auto","background-attachment":"scroll","background-type":"","background-media":"","overlay-type":"","overlay-color":"","overlay-opacity":"","overlay-gradient":""}},"ast-content-background-meta":{"desktop":{"background-color":"var(--ast-global-color-5)","background-image":"","background-repeat":"repeat","background-position":"center center","background-size":"auto","background-attachment":"scroll","background-type":"","background-media":"","overlay-type":"","overlay-color":"","overlay-opacity":"","overlay-gradient":""},"tablet":{"background-color":"var(--ast-global-color-5)","background-image":"","background-repeat":"repeat","background-position":"center center","background-size":"auto","background-attachment":"scroll","background-type":"","background-media":"","overlay-type":"","overlay-color":"","overlay-opacity":"","overlay-gradient":""},"mobile":{"background-color":"var(--ast-global-color-5)","background-image":"","background-repeat":"repeat","background-position":"center center","background-size":"auto","background-attachment":"scroll","background-type":"","background-media":"","overlay-type":"","overlay-color":"","overlay-opacity":"","overlay-gradient":""}},"footnotes":""},"categories":[527],"tags":[541,552,862],"class_list":["post-15332","post","type-post","status-publish","format-standard","has-post-thumbnail","hentry","category-activitats-realitzades","tag-biblioteca-mestre-marti-tauler-ca-3","tag-contes-per-menuts","tag-dia-de-les-biblioteques"],"yoast_head":"<!-- This site is optimized with the Yoast SEO plugin v27.4 - https:\/\/yoast.com\/product\/yoast-seo-wordpress\/ -->\n<title>Hist\u00f2ries per NO tenir por - La maleta de Lili<\/title>\n<meta name=\"robots\" content=\"index, follow, max-snippet:-1, max-image-preview:large, max-video-preview:-1\" \/>\n<link rel=\"canonical\" href=\"https:\/\/lamaletadelili.com\/ca\/activitats-realitzades\/histories-per-no-tenir-por\/\" \/>\n<meta property=\"og:locale\" content=\"ca_ES\" \/>\n<meta property=\"og:type\" content=\"article\" \/>\n<meta property=\"og:title\" content=\"Hist\u00f2ries per NO tenir por - La maleta de Lili\" \/>\n<meta property=\"og:description\" content=\"Una tarda amb llops, fantasmes, personatges que mengen p\u00e0 amb mel, geperuts i bruixes que ballen van omplir la Sala Infantil de la Biblioteca Mestre Mart\u00ed Tauler.\" \/>\n<meta property=\"og:url\" content=\"https:\/\/lamaletadelili.com\/ca\/activitats-realitzades\/histories-per-no-tenir-por\/\" \/>\n<meta property=\"og:site_name\" content=\"La maleta de Lili\" \/>\n<meta property=\"article:published_time\" content=\"2023-10-24T08:00:00+00:00\" \/>\n<meta property=\"article:modified_time\" content=\"2023-11-06T09:00:37+00:00\" \/>\n<meta property=\"og:image\" content=\"https:\/\/lamaletadelili.com\/wp-content\/uploads\/2023\/10\/Histories-per-NO-tenir-por.jpg\" \/>\n\t<meta property=\"og:image:width\" content=\"800\" \/>\n\t<meta property=\"og:image:height\" content=\"450\" \/>\n\t<meta property=\"og:image:type\" content=\"image\/jpeg\" \/>\n<meta name=\"author\" content=\"Lili\" \/>\n<meta name=\"twitter:card\" content=\"summary_large_image\" \/>\n<meta name=\"twitter:label1\" content=\"Escrit per\" \/>\n\t<meta name=\"twitter:data1\" content=\"Lili\" \/>\n\t<meta name=\"twitter:label2\" content=\"Temps estimat de lectura\" \/>\n\t<meta name=\"twitter:data2\" content=\"1 minut\" \/>\n<script type=\"application\/ld+json\" class=\"yoast-schema-graph\">{\"@context\":\"https:\\\/\\\/schema.org\",\"@graph\":[{\"@type\":\"Article\",\"@id\":\"https:\\\/\\\/lamaletadelili.com\\\/ca\\\/activitats-realitzades\\\/histories-per-no-tenir-por\\\/#article\",\"isPartOf\":{\"@id\":\"https:\\\/\\\/lamaletadelili.com\\\/ca\\\/activitats-realitzades\\\/histories-per-no-tenir-por\\\/\"},\"author\":{\"name\":\"Lili\",\"@id\":\"https:\\\/\\\/lamaletadelili.com\\\/#\\\/schema\\\/person\\\/0b369bfb34abc5b05dad849dd46e7216\"},\"headline\":\"Hist\u00f2ries per NO tenir por\",\"datePublished\":\"2023-10-24T08:00:00+00:00\",\"dateModified\":\"2023-11-06T09:00:37+00:00\",\"mainEntityOfPage\":{\"@id\":\"https:\\\/\\\/lamaletadelili.com\\\/ca\\\/activitats-realitzades\\\/histories-per-no-tenir-por\\\/\"},\"wordCount\":193,\"commentCount\":0,\"publisher\":{\"@id\":\"https:\\\/\\\/lamaletadelili.com\\\/#organization\"},\"image\":{\"@id\":\"https:\\\/\\\/lamaletadelili.com\\\/ca\\\/activitats-realitzades\\\/histories-per-no-tenir-por\\\/#primaryimage\"},\"thumbnailUrl\":\"https:\\\/\\\/lamaletadelili.com\\\/wp-content\\\/uploads\\\/2023\\\/10\\\/Histories-per-NO-tenir-por.jpg\",\"keywords\":[\"Biblioteca Mestre Mart\u00ed Tauler\",\"Contes per Menuts\",\"Dia de les Biblioteques\"],\"articleSection\":[\"Activitats realitzades\"],\"inLanguage\":\"ca\",\"potentialAction\":[{\"@type\":\"CommentAction\",\"name\":\"Comment\",\"target\":[\"https:\\\/\\\/lamaletadelili.com\\\/ca\\\/activitats-realitzades\\\/histories-per-no-tenir-por\\\/#respond\"]}]},{\"@type\":\"WebPage\",\"@id\":\"https:\\\/\\\/lamaletadelili.com\\\/ca\\\/activitats-realitzades\\\/histories-per-no-tenir-por\\\/\",\"url\":\"https:\\\/\\\/lamaletadelili.com\\\/ca\\\/activitats-realitzades\\\/histories-per-no-tenir-por\\\/\",\"name\":\"Hist\u00f2ries per NO tenir por - La maleta de Lili\",\"isPartOf\":{\"@id\":\"https:\\\/\\\/lamaletadelili.com\\\/#website\"},\"primaryImageOfPage\":{\"@id\":\"https:\\\/\\\/lamaletadelili.com\\\/ca\\\/activitats-realitzades\\\/histories-per-no-tenir-por\\\/#primaryimage\"},\"image\":{\"@id\":\"https:\\\/\\\/lamaletadelili.com\\\/ca\\\/activitats-realitzades\\\/histories-per-no-tenir-por\\\/#primaryimage\"},\"thumbnailUrl\":\"https:\\\/\\\/lamaletadelili.com\\\/wp-content\\\/uploads\\\/2023\\\/10\\\/Histories-per-NO-tenir-por.jpg\",\"datePublished\":\"2023-10-24T08:00:00+00:00\",\"dateModified\":\"2023-11-06T09:00:37+00:00\",\"breadcrumb\":{\"@id\":\"https:\\\/\\\/lamaletadelili.com\\\/ca\\\/activitats-realitzades\\\/histories-per-no-tenir-por\\\/#breadcrumb\"},\"inLanguage\":\"ca\",\"potentialAction\":[{\"@type\":\"ReadAction\",\"target\":[\"https:\\\/\\\/lamaletadelili.com\\\/ca\\\/activitats-realitzades\\\/histories-per-no-tenir-por\\\/\"]}]},{\"@type\":\"ImageObject\",\"inLanguage\":\"ca\",\"@id\":\"https:\\\/\\\/lamaletadelili.com\\\/ca\\\/activitats-realitzades\\\/histories-per-no-tenir-por\\\/#primaryimage\",\"url\":\"https:\\\/\\\/lamaletadelili.com\\\/wp-content\\\/uploads\\\/2023\\\/10\\\/Histories-per-NO-tenir-por.jpg\",\"contentUrl\":\"https:\\\/\\\/lamaletadelili.com\\\/wp-content\\\/uploads\\\/2023\\\/10\\\/Histories-per-NO-tenir-por.jpg\",\"width\":800,\"height\":450},{\"@type\":\"BreadcrumbList\",\"@id\":\"https:\\\/\\\/lamaletadelili.com\\\/ca\\\/activitats-realitzades\\\/histories-per-no-tenir-por\\\/#breadcrumb\",\"itemListElement\":[{\"@type\":\"ListItem\",\"position\":1,\"name\":\"Portada\",\"item\":\"https:\\\/\\\/lamaletadelili.com\\\/ca\\\/\"},{\"@type\":\"ListItem\",\"position\":2,\"name\":\"Hist\u00f2ries per NO tenir por\"}]},{\"@type\":\"WebSite\",\"@id\":\"https:\\\/\\\/lamaletadelili.com\\\/#website\",\"url\":\"https:\\\/\\\/lamaletadelili.com\\\/\",\"name\":\"La maleta de Lili\",\"description\":\"Cuenta cuentos\",\"publisher\":{\"@id\":\"https:\\\/\\\/lamaletadelili.com\\\/#organization\"},\"potentialAction\":[{\"@type\":\"SearchAction\",\"target\":{\"@type\":\"EntryPoint\",\"urlTemplate\":\"https:\\\/\\\/lamaletadelili.com\\\/?s={search_term_string}\"},\"query-input\":{\"@type\":\"PropertyValueSpecification\",\"valueRequired\":true,\"valueName\":\"search_term_string\"}}],\"inLanguage\":\"ca\"},{\"@type\":\"Organization\",\"@id\":\"https:\\\/\\\/lamaletadelili.com\\\/#organization\",\"name\":\"La maleta de Lili\",\"url\":\"https:\\\/\\\/lamaletadelili.com\\\/\",\"logo\":{\"@type\":\"ImageObject\",\"inLanguage\":\"ca\",\"@id\":\"https:\\\/\\\/lamaletadelili.com\\\/#\\\/schema\\\/logo\\\/image\\\/\",\"url\":\"https:\\\/\\\/lamaletadelili.com\\\/wp-content\\\/uploads\\\/2019\\\/07\\\/LOGO-La-maleta-de-Lili-catalan.png\",\"contentUrl\":\"https:\\\/\\\/lamaletadelili.com\\\/wp-content\\\/uploads\\\/2019\\\/07\\\/LOGO-La-maleta-de-Lili-catalan.png\",\"width\":450,\"height\":177,\"caption\":\"La maleta de Lili\"},\"image\":{\"@id\":\"https:\\\/\\\/lamaletadelili.com\\\/#\\\/schema\\\/logo\\\/image\\\/\"}},{\"@type\":\"Person\",\"@id\":\"https:\\\/\\\/lamaletadelili.com\\\/#\\\/schema\\\/person\\\/0b369bfb34abc5b05dad849dd46e7216\",\"name\":\"Lili\",\"image\":{\"@type\":\"ImageObject\",\"inLanguage\":\"ca\",\"@id\":\"https:\\\/\\\/lamaletadelili.com\\\/wp-content\\\/litespeed\\\/avatar\\\/76b539669a3dc81823ce0f8f87bd4577.jpg?ver=1777588790\",\"url\":\"https:\\\/\\\/lamaletadelili.com\\\/wp-content\\\/litespeed\\\/avatar\\\/76b539669a3dc81823ce0f8f87bd4577.jpg?ver=1777588790\",\"contentUrl\":\"https:\\\/\\\/lamaletadelili.com\\\/wp-content\\\/litespeed\\\/avatar\\\/76b539669a3dc81823ce0f8f87bd4577.jpg?ver=1777588790\",\"caption\":\"Lili\"},\"description\":\"Proyecto de animaci\u00f3n a la lectura dirigido a potenciar la literatura infantil desde las primeras edades.\",\"sameAs\":[\"https:\\\/\\\/lamaletadelili.com\"],\"url\":\"https:\\\/\\\/lamaletadelili.com\\\/ca\\\/author\\\/lili\\\/\"}]}<\/script>\n<!-- \/ Yoast SEO plugin. -->","yoast_head_json":{"title":"Hist\u00f2ries per NO tenir por - La maleta de Lili","robots":{"index":"index","follow":"follow","max-snippet":"max-snippet:-1","max-image-preview":"max-image-preview:large","max-video-preview":"max-video-preview:-1"},"canonical":"https:\/\/lamaletadelili.com\/ca\/activitats-realitzades\/histories-per-no-tenir-por\/","og_locale":"ca_ES","og_type":"article","og_title":"Hist\u00f2ries per NO tenir por - La maleta de Lili","og_description":"Una tarda amb llops, fantasmes, personatges que mengen p\u00e0 amb mel, geperuts i bruixes que ballen van omplir la Sala Infantil de la Biblioteca Mestre Mart\u00ed Tauler.","og_url":"https:\/\/lamaletadelili.com\/ca\/activitats-realitzades\/histories-per-no-tenir-por\/","og_site_name":"La maleta de Lili","article_published_time":"2023-10-24T08:00:00+00:00","article_modified_time":"2023-11-06T09:00:37+00:00","og_image":[{"width":800,"height":450,"url":"https:\/\/lamaletadelili.com\/wp-content\/uploads\/2023\/10\/Histories-per-NO-tenir-por.jpg","type":"image\/jpeg"}],"author":"Lili","twitter_card":"summary_large_image","twitter_misc":{"Escrit per":"Lili","Temps estimat de lectura":"1 minut"},"schema":{"@context":"https:\/\/schema.org","@graph":[{"@type":"Article","@id":"https:\/\/lamaletadelili.com\/ca\/activitats-realitzades\/histories-per-no-tenir-por\/#article","isPartOf":{"@id":"https:\/\/lamaletadelili.com\/ca\/activitats-realitzades\/histories-per-no-tenir-por\/"},"author":{"name":"Lili","@id":"https:\/\/lamaletadelili.com\/#\/schema\/person\/0b369bfb34abc5b05dad849dd46e7216"},"headline":"Hist\u00f2ries per NO tenir por","datePublished":"2023-10-24T08:00:00+00:00","dateModified":"2023-11-06T09:00:37+00:00","mainEntityOfPage":{"@id":"https:\/\/lamaletadelili.com\/ca\/activitats-realitzades\/histories-per-no-tenir-por\/"},"wordCount":193,"commentCount":0,"publisher":{"@id":"https:\/\/lamaletadelili.com\/#organization"},"image":{"@id":"https:\/\/lamaletadelili.com\/ca\/activitats-realitzades\/histories-per-no-tenir-por\/#primaryimage"},"thumbnailUrl":"https:\/\/lamaletadelili.com\/wp-content\/uploads\/2023\/10\/Histories-per-NO-tenir-por.jpg","keywords":["Biblioteca Mestre Mart\u00ed Tauler","Contes per Menuts","Dia de les Biblioteques"],"articleSection":["Activitats realitzades"],"inLanguage":"ca","potentialAction":[{"@type":"CommentAction","name":"Comment","target":["https:\/\/lamaletadelili.com\/ca\/activitats-realitzades\/histories-per-no-tenir-por\/#respond"]}]},{"@type":"WebPage","@id":"https:\/\/lamaletadelili.com\/ca\/activitats-realitzades\/histories-per-no-tenir-por\/","url":"https:\/\/lamaletadelili.com\/ca\/activitats-realitzades\/histories-per-no-tenir-por\/","name":"Hist\u00f2ries per NO tenir por - La maleta de Lili","isPartOf":{"@id":"https:\/\/lamaletadelili.com\/#website"},"primaryImageOfPage":{"@id":"https:\/\/lamaletadelili.com\/ca\/activitats-realitzades\/histories-per-no-tenir-por\/#primaryimage"},"image":{"@id":"https:\/\/lamaletadelili.com\/ca\/activitats-realitzades\/histories-per-no-tenir-por\/#primaryimage"},"thumbnailUrl":"https:\/\/lamaletadelili.com\/wp-content\/uploads\/2023\/10\/Histories-per-NO-tenir-por.jpg","datePublished":"2023-10-24T08:00:00+00:00","dateModified":"2023-11-06T09:00:37+00:00","breadcrumb":{"@id":"https:\/\/lamaletadelili.com\/ca\/activitats-realitzades\/histories-per-no-tenir-por\/#breadcrumb"},"inLanguage":"ca","potentialAction":[{"@type":"ReadAction","target":["https:\/\/lamaletadelili.com\/ca\/activitats-realitzades\/histories-per-no-tenir-por\/"]}]},{"@type":"ImageObject","inLanguage":"ca","@id":"https:\/\/lamaletadelili.com\/ca\/activitats-realitzades\/histories-per-no-tenir-por\/#primaryimage","url":"https:\/\/lamaletadelili.com\/wp-content\/uploads\/2023\/10\/Histories-per-NO-tenir-por.jpg","contentUrl":"https:\/\/lamaletadelili.com\/wp-content\/uploads\/2023\/10\/Histories-per-NO-tenir-por.jpg","width":800,"height":450},{"@type":"BreadcrumbList","@id":"https:\/\/lamaletadelili.com\/ca\/activitats-realitzades\/histories-per-no-tenir-por\/#breadcrumb","itemListElement":[{"@type":"ListItem","position":1,"name":"Portada","item":"https:\/\/lamaletadelili.com\/ca\/"},{"@type":"ListItem","position":2,"name":"Hist\u00f2ries per NO tenir por"}]},{"@type":"WebSite","@id":"https:\/\/lamaletadelili.com\/#website","url":"https:\/\/lamaletadelili.com\/","name":"La maleta de Lili","description":"Cuenta cuentos","publisher":{"@id":"https:\/\/lamaletadelili.com\/#organization"},"potentialAction":[{"@type":"SearchAction","target":{"@type":"EntryPoint","urlTemplate":"https:\/\/lamaletadelili.com\/?s={search_term_string}"},"query-input":{"@type":"PropertyValueSpecification","valueRequired":true,"valueName":"search_term_string"}}],"inLanguage":"ca"},{"@type":"Organization","@id":"https:\/\/lamaletadelili.com\/#organization","name":"La maleta de Lili","url":"https:\/\/lamaletadelili.com\/","logo":{"@type":"ImageObject","inLanguage":"ca","@id":"https:\/\/lamaletadelili.com\/#\/schema\/logo\/image\/","url":"https:\/\/lamaletadelili.com\/wp-content\/uploads\/2019\/07\/LOGO-La-maleta-de-Lili-catalan.png","contentUrl":"https:\/\/lamaletadelili.com\/wp-content\/uploads\/2019\/07\/LOGO-La-maleta-de-Lili-catalan.png","width":450,"height":177,"caption":"La maleta de Lili"},"image":{"@id":"https:\/\/lamaletadelili.com\/#\/schema\/logo\/image\/"}},{"@type":"Person","@id":"https:\/\/lamaletadelili.com\/#\/schema\/person\/0b369bfb34abc5b05dad849dd46e7216","name":"Lili","image":{"@type":"ImageObject","inLanguage":"ca","@id":"https:\/\/lamaletadelili.com\/wp-content\/litespeed\/avatar\/76b539669a3dc81823ce0f8f87bd4577.jpg?ver=1777588790","url":"https:\/\/lamaletadelili.com\/wp-content\/litespeed\/avatar\/76b539669a3dc81823ce0f8f87bd4577.jpg?ver=1777588790","contentUrl":"https:\/\/lamaletadelili.com\/wp-content\/litespeed\/avatar\/76b539669a3dc81823ce0f8f87bd4577.jpg?ver=1777588790","caption":"Lili"},"description":"Proyecto de animaci\u00f3n a la lectura dirigido a potenciar la literatura infantil desde las primeras edades.","sameAs":["https:\/\/lamaletadelili.com"],"url":"https:\/\/lamaletadelili.com\/ca\/author\/lili\/"}]}},"uagb_featured_image_src":{"full":["https:\/\/lamaletadelili.com\/wp-content\/uploads\/2023\/10\/Histories-per-NO-tenir-por.jpg",800,450,false],"thumbnail":["https:\/\/lamaletadelili.com\/wp-content\/uploads\/2023\/10\/Histories-per-NO-tenir-por-150x150.jpg",150,150,true],"medium":["https:\/\/lamaletadelili.com\/wp-content\/uploads\/2023\/10\/Histories-per-NO-tenir-por-380x215.jpg",380,215,true],"medium_large":["https:\/\/lamaletadelili.com\/wp-content\/uploads\/2023\/10\/Histories-per-NO-tenir-por-768x432.jpg",768,432,true],"large":["https:\/\/lamaletadelili.com\/wp-content\/uploads\/2023\/10\/Histories-per-NO-tenir-por.jpg",800,450,false],"1536x1536":["https:\/\/lamaletadelili.com\/wp-content\/uploads\/2023\/10\/Histories-per-NO-tenir-por.jpg",800,450,false],"2048x2048":["https:\/\/lamaletadelili.com\/wp-content\/uploads\/2023\/10\/Histories-per-NO-tenir-por.jpg",800,450,false]},"uagb_author_info":{"display_name":"Lili","author_link":"https:\/\/lamaletadelili.com\/ca\/author\/lili\/"},"uagb_comment_info":0,"uagb_excerpt":"Una tarda amb llops, fantasmes, personatges que mengen p\u00e0 amb mel, geperuts i bruixes que ballen van omplir la Sala Infantil de la Biblioteca Mestre Mart\u00ed Tauler.","_links":{"self":[{"href":"https:\/\/lamaletadelili.com\/ca\/wp-json\/wp\/v2\/posts\/15332","targetHints":{"allow":["GET"]}}],"collection":[{"href":"https:\/\/lamaletadelili.com\/ca\/wp-json\/wp\/v2\/posts"}],"about":[{"href":"https:\/\/lamaletadelili.com\/ca\/wp-json\/wp\/v2\/types\/post"}],"author":[{"embeddable":true,"href":"https:\/\/lamaletadelili.com\/ca\/wp-json\/wp\/v2\/users\/2"}],"replies":[{"embeddable":true,"href":"https:\/\/lamaletadelili.com\/ca\/wp-json\/wp\/v2\/comments?post=15332"}],"version-history":[{"count":0,"href":"https:\/\/lamaletadelili.com\/ca\/wp-json\/wp\/v2\/posts\/15332\/revisions"}],"wp:featuredmedia":[{"embeddable":true,"href":"https:\/\/lamaletadelili.com\/ca\/wp-json\/wp\/v2\/media\/15336"}],"wp:attachment":[{"href":"https:\/\/lamaletadelili.com\/ca\/wp-json\/wp\/v2\/media?parent=15332"}],"wp:term":[{"taxonomy":"category","embeddable":true,"href":"https:\/\/lamaletadelili.com\/ca\/wp-json\/wp\/v2\/categories?post=15332"},{"taxonomy":"post_tag","embeddable":true,"href":"https:\/\/lamaletadelili.com\/ca\/wp-json\/wp\/v2\/tags?post=15332"}],"curies":[{"name":"wp","href":"https:\/\/api.w.org\/{rel}","templated":true}]}}