{"id":12070,"date":"2022-06-01T12:35:57","date_gmt":"2022-06-01T10:35:57","guid":{"rendered":"https:\/\/lamaletadelili.com\/?p=12070"},"modified":"2023-10-26T21:01:11","modified_gmt":"2023-10-26T19:01:11","slug":"holaa-olaaa","status":"publish","type":"post","link":"https:\/\/lamaletadelili.com\/ca\/activitats-realitzades\/holaa-olaaa\/","title":{"rendered":"Holaa olaaa"},"content":{"rendered":"\n<p><em><mark style=\"background-color:rgba(0, 0, 0, 0);color:#256d93\" class=\"has-inline-color\">Fa una setmana que <strong>In\u00e9s<\/strong>, i la meva companya<strong> l&#8217;Angeles <\/strong>em van portar a la <strong><a aria-label=\"Biblioteca Bigues i Riells del Fai (opens in a new tab)\" href=\"https:\/\/bibliotecavirtual.diba.cat\/es\/bigues-i-riells-del-fai-bibliotec\" target=\"_blank\" rel=\"noreferrer noopener\" class=\"ek-link\">Biblioteca Bigues i Riells del Fai<\/a><\/strong>. De seguida elles van preparar tot el necessari, el mural a la paret, les pintures de dits, les esponges, els rodets, i la meva maleta de contes. <\/mark><\/em><\/p>\n\n\n\n<figure class=\"wp-block-image size-large is-style-default\"><img decoding=\"async\" width=\"800\" height=\"450\" src=\"https:\/\/lamaletadelili.com\/wp-content\/uploads\/2022\/06\/Holaa-olaaa-2-800x450.jpg\" alt=\"\" class=\"wp-image-12073\" srcset=\"https:\/\/lamaletadelili.com\/wp-content\/uploads\/2022\/06\/Holaa-olaaa-2.jpg 800w, https:\/\/lamaletadelili.com\/wp-content\/uploads\/2022\/06\/Holaa-olaaa-2-380x215.jpg 380w, https:\/\/lamaletadelili.com\/wp-content\/uploads\/2022\/06\/Holaa-olaaa-2-768x432.jpg 768w\" sizes=\"(max-width: 800px) 100vw, 800px\" \/><\/figure>\n\n\n\n<p><em><mark style=\"background-color:rgba(0, 0, 0, 0);color:#256d93\" class=\"has-inline-color\">A poc a poc, la <strong>Sala Infantil <\/strong>es va anar omplint de fam\u00edlies i infants que vaig saludar posant-los una mica de <strong>Pols de Fades<\/strong> a les seves mans per escoltar <strong>la hist\u00f2ria de la petita Anna<\/strong> que va anar a veure el mar per primer cop!. <\/mark><\/em><\/p>\n\n\n\n<div class=\"wp-block-kadence-advancedgallery kb-gallery-wrap-id-_722e31-57\"><ul class=\"kb-gallery-ul kb-gallery-type-masonry kb-masonry-init kb-gallery-id-_722e31-57 kb-gallery-caption-style-bottom-hover kb-gallery-filter-none\" data-item-selector=\".kadence-blocks-gallery-item\" data-image-filter=\"none\" data-lightbox-caption=\"true\" data-columns-xxl=\"4\" data-columns-xl=\"4\" data-columns-lg=\"4\" data-columns-md=\"3\" data-columns-sm=\"2\" data-columns-xs=\"2\"><li class=\"kadence-blocks-gallery-item\"><div class=\"kadence-blocks-gallery-item-inner\"><figure class=\"kb-gallery-figure kadence-blocks-gallery-item-hide-caption\"><div class=\"kb-gal-image-radius\" style=\"max-width:800px\"><div class=\"kb-gallery-image-contain kadence-blocks-gallery-intrinsic\" style=\"padding-bottom:56.25%\"><img decoding=\"async\" src=\"https:\/\/lamaletadelili.com\/wp-content\/uploads\/2022\/06\/Holaa-olaaa-1-800x450.jpg\" width=\"800\" height=\"450\" data-full-image=\"https:\/\/lamaletadelili.com\/wp-content\/uploads\/2022\/06\/Holaa-olaaa-1.jpg\" data-light-image=\"https:\/\/lamaletadelili.com\/wp-content\/uploads\/2022\/06\/Holaa-olaaa-1.jpg\" data-id=\"12075\" data-link=\"https:\/\/lamaletadelili.com\/ca\/?attachment_id=12075#main\" data-custom-link=\"\" data-custom-link-target=\"\" data-sponsored=\"\" class=\"wp-image-12075\" srcset=\"https:\/\/lamaletadelili.com\/wp-content\/uploads\/2022\/06\/Holaa-olaaa-1.jpg 800w, https:\/\/lamaletadelili.com\/wp-content\/uploads\/2022\/06\/Holaa-olaaa-1-380x215.jpg 380w, https:\/\/lamaletadelili.com\/wp-content\/uploads\/2022\/06\/Holaa-olaaa-1-768x432.jpg 768w\" sizes=\"(max-width: 800px) 100vw, 800px\" \/><\/div><\/div><\/figure><\/div><\/li><li class=\"kadence-blocks-gallery-item\"><div class=\"kadence-blocks-gallery-item-inner\"><figure class=\"kb-gallery-figure kadence-blocks-gallery-item-hide-caption\"><div class=\"kb-gal-image-radius\" style=\"max-width:800px\"><div class=\"kb-gallery-image-contain kadence-blocks-gallery-intrinsic\" style=\"padding-bottom:56.25%\"><img decoding=\"async\" src=\"https:\/\/lamaletadelili.com\/wp-content\/uploads\/2022\/06\/Holaa-olaaa-3-800x450.jpg\" width=\"800\" height=\"450\" data-full-image=\"https:\/\/lamaletadelili.com\/wp-content\/uploads\/2022\/06\/Holaa-olaaa-3.jpg\" data-light-image=\"https:\/\/lamaletadelili.com\/wp-content\/uploads\/2022\/06\/Holaa-olaaa-3.jpg\" data-id=\"12077\" data-link=\"https:\/\/lamaletadelili.com\/ca\/?attachment_id=12077#main\" data-custom-link=\"\" data-custom-link-target=\"\" data-sponsored=\"\" class=\"wp-image-12077\" srcset=\"https:\/\/lamaletadelili.com\/wp-content\/uploads\/2022\/06\/Holaa-olaaa-3.jpg 800w, https:\/\/lamaletadelili.com\/wp-content\/uploads\/2022\/06\/Holaa-olaaa-3-380x215.jpg 380w, https:\/\/lamaletadelili.com\/wp-content\/uploads\/2022\/06\/Holaa-olaaa-3-768x432.jpg 768w\" sizes=\"(max-width: 800px) 100vw, 800px\" \/><\/div><\/div><\/figure><\/div><\/li><li class=\"kadence-blocks-gallery-item\"><div class=\"kadence-blocks-gallery-item-inner\"><figure class=\"kb-gallery-figure kadence-blocks-gallery-item-hide-caption\"><div class=\"kb-gal-image-radius\" style=\"max-width:800px\"><div class=\"kb-gallery-image-contain kadence-blocks-gallery-intrinsic\" style=\"padding-bottom:56.25%\"><img decoding=\"async\" src=\"https:\/\/lamaletadelili.com\/wp-content\/uploads\/2022\/06\/Holaa-olaaa-4-800x450.jpg\" width=\"800\" height=\"450\" data-full-image=\"https:\/\/lamaletadelili.com\/wp-content\/uploads\/2022\/06\/Holaa-olaaa-4.jpg\" data-light-image=\"https:\/\/lamaletadelili.com\/wp-content\/uploads\/2022\/06\/Holaa-olaaa-4.jpg\" data-id=\"12079\" data-link=\"https:\/\/lamaletadelili.com\/ca\/?attachment_id=12079#main\" data-custom-link=\"\" data-custom-link-target=\"\" data-sponsored=\"\" class=\"wp-image-12079\" srcset=\"https:\/\/lamaletadelili.com\/wp-content\/uploads\/2022\/06\/Holaa-olaaa-4.jpg 800w, https:\/\/lamaletadelili.com\/wp-content\/uploads\/2022\/06\/Holaa-olaaa-4-380x215.jpg 380w, https:\/\/lamaletadelili.com\/wp-content\/uploads\/2022\/06\/Holaa-olaaa-4-768x432.jpg 768w\" sizes=\"(max-width: 800px) 100vw, 800px\" \/><\/div><\/div><\/figure><\/div><\/li><\/ul><\/div>\n\n\n\n<p><\/p>\n\n\n\n<p><em><mark style=\"background-color:rgba(0, 0, 0, 0);color:#256d93\" class=\"has-inline-color\">El mural iniciat per la il.lustradora, In\u00e9s, es va transformar pintant de diferents blaus i utensilins quedant penjant a la paret de la <strong>Sala infantil<\/strong><\/mark><\/em>:<\/p>\n\n\n\n<div class=\"wp-block-kadence-advancedgallery kb-gallery-wrap-id-_7f2fe6-5c\"><ul class=\"kb-gallery-ul kb-gallery-type-masonry kb-masonry-init kb-gallery-id-_7f2fe6-5c kb-gallery-caption-style-bottom-hover kb-gallery-filter-none\" data-item-selector=\".kadence-blocks-gallery-item\" data-image-filter=\"none\" data-lightbox-caption=\"true\" data-columns-xxl=\"4\" data-columns-xl=\"4\" data-columns-lg=\"4\" data-columns-md=\"3\" data-columns-sm=\"2\" data-columns-xs=\"2\"><li class=\"kadence-blocks-gallery-item\"><div class=\"kadence-blocks-gallery-item-inner\"><figure class=\"kb-gallery-figure kadence-blocks-gallery-item-hide-caption\"><div class=\"kb-gal-image-radius\" style=\"max-width:600px\"><div class=\"kb-gallery-image-contain kadence-blocks-gallery-intrinsic\" style=\"padding-bottom:75%\"><img decoding=\"async\" src=\"https:\/\/lamaletadelili.com\/wp-content\/uploads\/2022\/06\/Holaa-olaaa-5-600x450.jpg\" width=\"600\" height=\"450\" data-full-image=\"https:\/\/lamaletadelili.com\/wp-content\/uploads\/2022\/06\/Holaa-olaaa-5.jpg\" data-light-image=\"https:\/\/lamaletadelili.com\/wp-content\/uploads\/2022\/06\/Holaa-olaaa-5.jpg\" data-id=\"12081\" data-link=\"https:\/\/lamaletadelili.com\/ca\/?attachment_id=12081#main\" data-custom-link=\"\" data-custom-link-target=\"\" data-sponsored=\"\" class=\"wp-image-12081\" srcset=\"https:\/\/lamaletadelili.com\/wp-content\/uploads\/2022\/06\/Holaa-olaaa-5-600x450.jpg 600w, https:\/\/lamaletadelili.com\/wp-content\/uploads\/2022\/06\/Holaa-olaaa-5-287x215.jpg 287w, https:\/\/lamaletadelili.com\/wp-content\/uploads\/2022\/06\/Holaa-olaaa-5-768x576.jpg 768w, https:\/\/lamaletadelili.com\/wp-content\/uploads\/2022\/06\/Holaa-olaaa-5.jpg 800w\" sizes=\"(max-width: 600px) 100vw, 600px\" \/><\/div><\/div><\/figure><\/div><\/li><li class=\"kadence-blocks-gallery-item\"><div class=\"kadence-blocks-gallery-item-inner\"><figure class=\"kb-gallery-figure kadence-blocks-gallery-item-hide-caption\"><div class=\"kb-gal-image-radius\" style=\"max-width:800px\"><div class=\"kb-gallery-image-contain kadence-blocks-gallery-intrinsic\" style=\"padding-bottom:56.25%\"><img decoding=\"async\" src=\"https:\/\/lamaletadelili.com\/wp-content\/uploads\/2022\/06\/Holaa-olaaa-6-800x450.jpg\" width=\"800\" height=\"450\" data-full-image=\"https:\/\/lamaletadelili.com\/wp-content\/uploads\/2022\/06\/Holaa-olaaa-6.jpg\" data-light-image=\"https:\/\/lamaletadelili.com\/wp-content\/uploads\/2022\/06\/Holaa-olaaa-6.jpg\" data-id=\"12083\" data-link=\"https:\/\/lamaletadelili.com\/ca\/?attachment_id=12083#main\" data-custom-link=\"\" data-custom-link-target=\"\" data-sponsored=\"\" class=\"wp-image-12083\" srcset=\"https:\/\/lamaletadelili.com\/wp-content\/uploads\/2022\/06\/Holaa-olaaa-6.jpg 800w, https:\/\/lamaletadelili.com\/wp-content\/uploads\/2022\/06\/Holaa-olaaa-6-380x215.jpg 380w, https:\/\/lamaletadelili.com\/wp-content\/uploads\/2022\/06\/Holaa-olaaa-6-768x432.jpg 768w\" sizes=\"(max-width: 800px) 100vw, 800px\" \/><\/div><\/div><\/figure><\/div><\/li><li class=\"kadence-blocks-gallery-item\"><div class=\"kadence-blocks-gallery-item-inner\"><figure class=\"kb-gallery-figure kadence-blocks-gallery-item-hide-caption\"><div class=\"kb-gal-image-radius\" style=\"max-width:800px\"><div class=\"kb-gallery-image-contain kadence-blocks-gallery-intrinsic\" style=\"padding-bottom:56.25%\"><img decoding=\"async\" src=\"https:\/\/lamaletadelili.com\/wp-content\/uploads\/2022\/06\/Holaa-olaaa-9-800x450.jpg\" width=\"800\" height=\"450\" data-full-image=\"https:\/\/lamaletadelili.com\/wp-content\/uploads\/2022\/06\/Holaa-olaaa-9.jpg\" data-light-image=\"https:\/\/lamaletadelili.com\/wp-content\/uploads\/2022\/06\/Holaa-olaaa-9.jpg\" data-id=\"12085\" data-link=\"https:\/\/lamaletadelili.com\/ca\/?attachment_id=12085#main\" data-custom-link=\"\" data-custom-link-target=\"\" data-sponsored=\"\" class=\"wp-image-12085\" srcset=\"https:\/\/lamaletadelili.com\/wp-content\/uploads\/2022\/06\/Holaa-olaaa-9.jpg 800w, https:\/\/lamaletadelili.com\/wp-content\/uploads\/2022\/06\/Holaa-olaaa-9-380x215.jpg 380w, https:\/\/lamaletadelili.com\/wp-content\/uploads\/2022\/06\/Holaa-olaaa-9-768x432.jpg 768w\" sizes=\"(max-width: 800px) 100vw, 800px\" \/><\/div><\/div><\/figure><\/div><\/li><\/ul><\/div>\n\n\n\n<p><\/p>\n\n\n\n<p><em><mark style=\"background-color:rgba(0, 0, 0, 0);color:#256d93\" class=\"has-inline-color\"><strong>Moltes gr\u00e0cies a totes les fam\u00edlies<\/strong> per haver participat a pintar &#8220;<strong>La Ol<\/strong>a&#8221; <strong>i a la Biblioteca<\/strong> per donar-me l&#8217;oportunitat de fer aquesta proposta. <strong>Fins a la seg\u00fcent us envio &#8220;Un pet\u00f3 alat&#8221;. Lili<\/strong><\/mark><\/em><\/p>\n","protected":false},"excerpt":{"rendered":"<p>A la Sala Infantil de la Biblioteca de Bigues i Riells del Fai, infants i fam\u00edlies van omplir de blaus la hist\u00f2ria de l&#8217;Anna que juga amb el mar dins de l&#8217;\u00e0lbum il.lustrat &#8220;La Ola&#8221;.<\/p>\n","protected":false},"author":2,"featured_media":12071,"comment_status":"open","ping_status":"open","sticky":false,"template":"","format":"standard","meta":{"_uag_custom_page_level_css":"","site-sidebar-layout":"default","site-content-layout":"","ast-site-content-layout":"default","site-content-style":"default","site-sidebar-style":"default","ast-global-header-display":"","ast-banner-title-visibility":"","ast-main-header-display":"","ast-hfb-above-header-display":"","ast-hfb-below-header-display":"","ast-hfb-mobile-header-display":"","site-post-title":"","ast-breadcrumbs-content":"","ast-featured-img":"","footer-sml-layout":"","ast-disable-related-posts":"","theme-transparent-header-meta":"","adv-header-id-meta":"","stick-header-meta":"","header-above-stick-meta":"","header-main-stick-meta":"","header-below-stick-meta":"","astra-migrate-meta-layouts":"default","ast-page-background-enabled":"default","ast-page-background-meta":{"desktop":{"background-color":"var(--ast-global-color-4)","background-image":"","background-repeat":"repeat","background-position":"center center","background-size":"auto","background-attachment":"scroll","background-type":"","background-media":"","overlay-type":"","overlay-color":"","overlay-opacity":"","overlay-gradient":""},"tablet":{"background-color":"","background-image":"","background-repeat":"repeat","background-position":"center center","background-size":"auto","background-attachment":"scroll","background-type":"","background-media":"","overlay-type":"","overlay-color":"","overlay-opacity":"","overlay-gradient":""},"mobile":{"background-color":"","background-image":"","background-repeat":"repeat","background-position":"center center","background-size":"auto","background-attachment":"scroll","background-type":"","background-media":"","overlay-type":"","overlay-color":"","overlay-opacity":"","overlay-gradient":""}},"ast-content-background-meta":{"desktop":{"background-color":"var(--ast-global-color-5)","background-image":"","background-repeat":"repeat","background-position":"center center","background-size":"auto","background-attachment":"scroll","background-type":"","background-media":"","overlay-type":"","overlay-color":"","overlay-opacity":"","overlay-gradient":""},"tablet":{"background-color":"var(--ast-global-color-5)","background-image":"","background-repeat":"repeat","background-position":"center center","background-size":"auto","background-attachment":"scroll","background-type":"","background-media":"","overlay-type":"","overlay-color":"","overlay-opacity":"","overlay-gradient":""},"mobile":{"background-color":"var(--ast-global-color-5)","background-image":"","background-repeat":"repeat","background-position":"center center","background-size":"auto","background-attachment":"scroll","background-type":"","background-media":"","overlay-type":"","overlay-color":"","overlay-opacity":"","overlay-gradient":""}},"footnotes":""},"categories":[527],"tags":[727,819],"class_list":["post-12070","post","type-post","status-publish","format-standard","has-post-thumbnail","hentry","category-activitats-realitzades","tag-biblioteca-bigues-i-riells-del-fai","tag-conte-il-lustrat"],"yoast_head":"<!-- This site is optimized with the Yoast SEO plugin v27.4 - https:\/\/yoast.com\/product\/yoast-seo-wordpress\/ -->\n<title>Holaa olaaa - La maleta de Lili<\/title>\n<meta name=\"robots\" content=\"index, follow, max-snippet:-1, max-image-preview:large, max-video-preview:-1\" \/>\n<link rel=\"canonical\" href=\"https:\/\/lamaletadelili.com\/ca\/activitats-realitzades\/holaa-olaaa\/\" \/>\n<meta property=\"og:locale\" content=\"ca_ES\" \/>\n<meta property=\"og:type\" content=\"article\" \/>\n<meta property=\"og:title\" content=\"Holaa olaaa - La maleta de Lili\" \/>\n<meta property=\"og:description\" content=\"A la Sala Infantil de la Biblioteca de Bigues i Riells del Fai, infants i fam\u00edlies van omplir de blaus la hist\u00f2ria de l&#039;Anna que juga amb el mar dins de l&#039;\u00e0lbum il.lustrat &quot;La Ola&quot;.\" \/>\n<meta property=\"og:url\" content=\"https:\/\/lamaletadelili.com\/ca\/activitats-realitzades\/holaa-olaaa\/\" \/>\n<meta property=\"og:site_name\" content=\"La maleta de Lili\" \/>\n<meta property=\"article:published_time\" content=\"2022-06-01T10:35:57+00:00\" \/>\n<meta property=\"article:modified_time\" content=\"2023-10-26T19:01:11+00:00\" \/>\n<meta property=\"og:image\" content=\"https:\/\/lamaletadelili.com\/wp-content\/uploads\/2022\/06\/Holaa-olaaa.jpg\" \/>\n\t<meta property=\"og:image:width\" content=\"800\" \/>\n\t<meta property=\"og:image:height\" content=\"450\" \/>\n\t<meta property=\"og:image:type\" content=\"image\/jpeg\" \/>\n<meta name=\"author\" content=\"Lili\" \/>\n<meta name=\"twitter:card\" content=\"summary_large_image\" \/>\n<meta name=\"twitter:label1\" content=\"Escrit per\" \/>\n\t<meta name=\"twitter:data1\" content=\"Lili\" \/>\n\t<meta name=\"twitter:label2\" content=\"Temps estimat de lectura\" \/>\n\t<meta name=\"twitter:data2\" content=\"1 minut\" \/>\n<script type=\"application\/ld+json\" class=\"yoast-schema-graph\">{\"@context\":\"https:\\\/\\\/schema.org\",\"@graph\":[{\"@type\":\"Article\",\"@id\":\"https:\\\/\\\/lamaletadelili.com\\\/ca\\\/activitats-realitzades\\\/holaa-olaaa\\\/#article\",\"isPartOf\":{\"@id\":\"https:\\\/\\\/lamaletadelili.com\\\/ca\\\/activitats-realitzades\\\/holaa-olaaa\\\/\"},\"author\":{\"name\":\"Lili\",\"@id\":\"https:\\\/\\\/lamaletadelili.com\\\/#\\\/schema\\\/person\\\/0b369bfb34abc5b05dad849dd46e7216\"},\"headline\":\"Holaa olaaa\",\"datePublished\":\"2022-06-01T10:35:57+00:00\",\"dateModified\":\"2023-10-26T19:01:11+00:00\",\"mainEntityOfPage\":{\"@id\":\"https:\\\/\\\/lamaletadelili.com\\\/ca\\\/activitats-realitzades\\\/holaa-olaaa\\\/\"},\"wordCount\":166,\"commentCount\":0,\"publisher\":{\"@id\":\"https:\\\/\\\/lamaletadelili.com\\\/#organization\"},\"image\":{\"@id\":\"https:\\\/\\\/lamaletadelili.com\\\/ca\\\/activitats-realitzades\\\/holaa-olaaa\\\/#primaryimage\"},\"thumbnailUrl\":\"https:\\\/\\\/lamaletadelili.com\\\/wp-content\\\/uploads\\\/2022\\\/06\\\/Holaa-olaaa.jpg\",\"keywords\":[\"Biblioteca Bigues i Riells del Fai\",\"conte il.lustrat\"],\"articleSection\":[\"Activitats realitzades\"],\"inLanguage\":\"ca\",\"potentialAction\":[{\"@type\":\"CommentAction\",\"name\":\"Comment\",\"target\":[\"https:\\\/\\\/lamaletadelili.com\\\/ca\\\/activitats-realitzades\\\/holaa-olaaa\\\/#respond\"]}]},{\"@type\":\"WebPage\",\"@id\":\"https:\\\/\\\/lamaletadelili.com\\\/ca\\\/activitats-realitzades\\\/holaa-olaaa\\\/\",\"url\":\"https:\\\/\\\/lamaletadelili.com\\\/ca\\\/activitats-realitzades\\\/holaa-olaaa\\\/\",\"name\":\"Holaa olaaa - La maleta de Lili\",\"isPartOf\":{\"@id\":\"https:\\\/\\\/lamaletadelili.com\\\/#website\"},\"primaryImageOfPage\":{\"@id\":\"https:\\\/\\\/lamaletadelili.com\\\/ca\\\/activitats-realitzades\\\/holaa-olaaa\\\/#primaryimage\"},\"image\":{\"@id\":\"https:\\\/\\\/lamaletadelili.com\\\/ca\\\/activitats-realitzades\\\/holaa-olaaa\\\/#primaryimage\"},\"thumbnailUrl\":\"https:\\\/\\\/lamaletadelili.com\\\/wp-content\\\/uploads\\\/2022\\\/06\\\/Holaa-olaaa.jpg\",\"datePublished\":\"2022-06-01T10:35:57+00:00\",\"dateModified\":\"2023-10-26T19:01:11+00:00\",\"breadcrumb\":{\"@id\":\"https:\\\/\\\/lamaletadelili.com\\\/ca\\\/activitats-realitzades\\\/holaa-olaaa\\\/#breadcrumb\"},\"inLanguage\":\"ca\",\"potentialAction\":[{\"@type\":\"ReadAction\",\"target\":[\"https:\\\/\\\/lamaletadelili.com\\\/ca\\\/activitats-realitzades\\\/holaa-olaaa\\\/\"]}]},{\"@type\":\"ImageObject\",\"inLanguage\":\"ca\",\"@id\":\"https:\\\/\\\/lamaletadelili.com\\\/ca\\\/activitats-realitzades\\\/holaa-olaaa\\\/#primaryimage\",\"url\":\"https:\\\/\\\/lamaletadelili.com\\\/wp-content\\\/uploads\\\/2022\\\/06\\\/Holaa-olaaa.jpg\",\"contentUrl\":\"https:\\\/\\\/lamaletadelili.com\\\/wp-content\\\/uploads\\\/2022\\\/06\\\/Holaa-olaaa.jpg\",\"width\":800,\"height\":450},{\"@type\":\"BreadcrumbList\",\"@id\":\"https:\\\/\\\/lamaletadelili.com\\\/ca\\\/activitats-realitzades\\\/holaa-olaaa\\\/#breadcrumb\",\"itemListElement\":[{\"@type\":\"ListItem\",\"position\":1,\"name\":\"Portada\",\"item\":\"https:\\\/\\\/lamaletadelili.com\\\/ca\\\/\"},{\"@type\":\"ListItem\",\"position\":2,\"name\":\"Holaa olaaa\"}]},{\"@type\":\"WebSite\",\"@id\":\"https:\\\/\\\/lamaletadelili.com\\\/#website\",\"url\":\"https:\\\/\\\/lamaletadelili.com\\\/\",\"name\":\"La maleta de Lili\",\"description\":\"Cuenta cuentos\",\"publisher\":{\"@id\":\"https:\\\/\\\/lamaletadelili.com\\\/#organization\"},\"potentialAction\":[{\"@type\":\"SearchAction\",\"target\":{\"@type\":\"EntryPoint\",\"urlTemplate\":\"https:\\\/\\\/lamaletadelili.com\\\/?s={search_term_string}\"},\"query-input\":{\"@type\":\"PropertyValueSpecification\",\"valueRequired\":true,\"valueName\":\"search_term_string\"}}],\"inLanguage\":\"ca\"},{\"@type\":\"Organization\",\"@id\":\"https:\\\/\\\/lamaletadelili.com\\\/#organization\",\"name\":\"La maleta de Lili\",\"url\":\"https:\\\/\\\/lamaletadelili.com\\\/\",\"logo\":{\"@type\":\"ImageObject\",\"inLanguage\":\"ca\",\"@id\":\"https:\\\/\\\/lamaletadelili.com\\\/#\\\/schema\\\/logo\\\/image\\\/\",\"url\":\"https:\\\/\\\/lamaletadelili.com\\\/wp-content\\\/uploads\\\/2019\\\/07\\\/LOGO-La-maleta-de-Lili-catalan.png\",\"contentUrl\":\"https:\\\/\\\/lamaletadelili.com\\\/wp-content\\\/uploads\\\/2019\\\/07\\\/LOGO-La-maleta-de-Lili-catalan.png\",\"width\":450,\"height\":177,\"caption\":\"La maleta de Lili\"},\"image\":{\"@id\":\"https:\\\/\\\/lamaletadelili.com\\\/#\\\/schema\\\/logo\\\/image\\\/\"}},{\"@type\":\"Person\",\"@id\":\"https:\\\/\\\/lamaletadelili.com\\\/#\\\/schema\\\/person\\\/0b369bfb34abc5b05dad849dd46e7216\",\"name\":\"Lili\",\"image\":{\"@type\":\"ImageObject\",\"inLanguage\":\"ca\",\"@id\":\"https:\\\/\\\/lamaletadelili.com\\\/wp-content\\\/litespeed\\\/avatar\\\/76b539669a3dc81823ce0f8f87bd4577.jpg?ver=1777588790\",\"url\":\"https:\\\/\\\/lamaletadelili.com\\\/wp-content\\\/litespeed\\\/avatar\\\/76b539669a3dc81823ce0f8f87bd4577.jpg?ver=1777588790\",\"contentUrl\":\"https:\\\/\\\/lamaletadelili.com\\\/wp-content\\\/litespeed\\\/avatar\\\/76b539669a3dc81823ce0f8f87bd4577.jpg?ver=1777588790\",\"caption\":\"Lili\"},\"description\":\"Proyecto de animaci\u00f3n a la lectura dirigido a potenciar la literatura infantil desde las primeras edades.\",\"sameAs\":[\"https:\\\/\\\/lamaletadelili.com\"],\"url\":\"https:\\\/\\\/lamaletadelili.com\\\/ca\\\/author\\\/lili\\\/\"}]}<\/script>\n<!-- \/ Yoast SEO plugin. -->","yoast_head_json":{"title":"Holaa olaaa - La maleta de Lili","robots":{"index":"index","follow":"follow","max-snippet":"max-snippet:-1","max-image-preview":"max-image-preview:large","max-video-preview":"max-video-preview:-1"},"canonical":"https:\/\/lamaletadelili.com\/ca\/activitats-realitzades\/holaa-olaaa\/","og_locale":"ca_ES","og_type":"article","og_title":"Holaa olaaa - La maleta de Lili","og_description":"A la Sala Infantil de la Biblioteca de Bigues i Riells del Fai, infants i fam\u00edlies van omplir de blaus la hist\u00f2ria de l'Anna que juga amb el mar dins de l'\u00e0lbum il.lustrat \"La Ola\".","og_url":"https:\/\/lamaletadelili.com\/ca\/activitats-realitzades\/holaa-olaaa\/","og_site_name":"La maleta de Lili","article_published_time":"2022-06-01T10:35:57+00:00","article_modified_time":"2023-10-26T19:01:11+00:00","og_image":[{"width":800,"height":450,"url":"https:\/\/lamaletadelili.com\/wp-content\/uploads\/2022\/06\/Holaa-olaaa.jpg","type":"image\/jpeg"}],"author":"Lili","twitter_card":"summary_large_image","twitter_misc":{"Escrit per":"Lili","Temps estimat de lectura":"1 minut"},"schema":{"@context":"https:\/\/schema.org","@graph":[{"@type":"Article","@id":"https:\/\/lamaletadelili.com\/ca\/activitats-realitzades\/holaa-olaaa\/#article","isPartOf":{"@id":"https:\/\/lamaletadelili.com\/ca\/activitats-realitzades\/holaa-olaaa\/"},"author":{"name":"Lili","@id":"https:\/\/lamaletadelili.com\/#\/schema\/person\/0b369bfb34abc5b05dad849dd46e7216"},"headline":"Holaa olaaa","datePublished":"2022-06-01T10:35:57+00:00","dateModified":"2023-10-26T19:01:11+00:00","mainEntityOfPage":{"@id":"https:\/\/lamaletadelili.com\/ca\/activitats-realitzades\/holaa-olaaa\/"},"wordCount":166,"commentCount":0,"publisher":{"@id":"https:\/\/lamaletadelili.com\/#organization"},"image":{"@id":"https:\/\/lamaletadelili.com\/ca\/activitats-realitzades\/holaa-olaaa\/#primaryimage"},"thumbnailUrl":"https:\/\/lamaletadelili.com\/wp-content\/uploads\/2022\/06\/Holaa-olaaa.jpg","keywords":["Biblioteca Bigues i Riells del Fai","conte il.lustrat"],"articleSection":["Activitats realitzades"],"inLanguage":"ca","potentialAction":[{"@type":"CommentAction","name":"Comment","target":["https:\/\/lamaletadelili.com\/ca\/activitats-realitzades\/holaa-olaaa\/#respond"]}]},{"@type":"WebPage","@id":"https:\/\/lamaletadelili.com\/ca\/activitats-realitzades\/holaa-olaaa\/","url":"https:\/\/lamaletadelili.com\/ca\/activitats-realitzades\/holaa-olaaa\/","name":"Holaa olaaa - La maleta de Lili","isPartOf":{"@id":"https:\/\/lamaletadelili.com\/#website"},"primaryImageOfPage":{"@id":"https:\/\/lamaletadelili.com\/ca\/activitats-realitzades\/holaa-olaaa\/#primaryimage"},"image":{"@id":"https:\/\/lamaletadelili.com\/ca\/activitats-realitzades\/holaa-olaaa\/#primaryimage"},"thumbnailUrl":"https:\/\/lamaletadelili.com\/wp-content\/uploads\/2022\/06\/Holaa-olaaa.jpg","datePublished":"2022-06-01T10:35:57+00:00","dateModified":"2023-10-26T19:01:11+00:00","breadcrumb":{"@id":"https:\/\/lamaletadelili.com\/ca\/activitats-realitzades\/holaa-olaaa\/#breadcrumb"},"inLanguage":"ca","potentialAction":[{"@type":"ReadAction","target":["https:\/\/lamaletadelili.com\/ca\/activitats-realitzades\/holaa-olaaa\/"]}]},{"@type":"ImageObject","inLanguage":"ca","@id":"https:\/\/lamaletadelili.com\/ca\/activitats-realitzades\/holaa-olaaa\/#primaryimage","url":"https:\/\/lamaletadelili.com\/wp-content\/uploads\/2022\/06\/Holaa-olaaa.jpg","contentUrl":"https:\/\/lamaletadelili.com\/wp-content\/uploads\/2022\/06\/Holaa-olaaa.jpg","width":800,"height":450},{"@type":"BreadcrumbList","@id":"https:\/\/lamaletadelili.com\/ca\/activitats-realitzades\/holaa-olaaa\/#breadcrumb","itemListElement":[{"@type":"ListItem","position":1,"name":"Portada","item":"https:\/\/lamaletadelili.com\/ca\/"},{"@type":"ListItem","position":2,"name":"Holaa olaaa"}]},{"@type":"WebSite","@id":"https:\/\/lamaletadelili.com\/#website","url":"https:\/\/lamaletadelili.com\/","name":"La maleta de Lili","description":"Cuenta cuentos","publisher":{"@id":"https:\/\/lamaletadelili.com\/#organization"},"potentialAction":[{"@type":"SearchAction","target":{"@type":"EntryPoint","urlTemplate":"https:\/\/lamaletadelili.com\/?s={search_term_string}"},"query-input":{"@type":"PropertyValueSpecification","valueRequired":true,"valueName":"search_term_string"}}],"inLanguage":"ca"},{"@type":"Organization","@id":"https:\/\/lamaletadelili.com\/#organization","name":"La maleta de Lili","url":"https:\/\/lamaletadelili.com\/","logo":{"@type":"ImageObject","inLanguage":"ca","@id":"https:\/\/lamaletadelili.com\/#\/schema\/logo\/image\/","url":"https:\/\/lamaletadelili.com\/wp-content\/uploads\/2019\/07\/LOGO-La-maleta-de-Lili-catalan.png","contentUrl":"https:\/\/lamaletadelili.com\/wp-content\/uploads\/2019\/07\/LOGO-La-maleta-de-Lili-catalan.png","width":450,"height":177,"caption":"La maleta de Lili"},"image":{"@id":"https:\/\/lamaletadelili.com\/#\/schema\/logo\/image\/"}},{"@type":"Person","@id":"https:\/\/lamaletadelili.com\/#\/schema\/person\/0b369bfb34abc5b05dad849dd46e7216","name":"Lili","image":{"@type":"ImageObject","inLanguage":"ca","@id":"https:\/\/lamaletadelili.com\/wp-content\/litespeed\/avatar\/76b539669a3dc81823ce0f8f87bd4577.jpg?ver=1777588790","url":"https:\/\/lamaletadelili.com\/wp-content\/litespeed\/avatar\/76b539669a3dc81823ce0f8f87bd4577.jpg?ver=1777588790","contentUrl":"https:\/\/lamaletadelili.com\/wp-content\/litespeed\/avatar\/76b539669a3dc81823ce0f8f87bd4577.jpg?ver=1777588790","caption":"Lili"},"description":"Proyecto de animaci\u00f3n a la lectura dirigido a potenciar la literatura infantil desde las primeras edades.","sameAs":["https:\/\/lamaletadelili.com"],"url":"https:\/\/lamaletadelili.com\/ca\/author\/lili\/"}]}},"uagb_featured_image_src":{"full":["https:\/\/lamaletadelili.com\/wp-content\/uploads\/2022\/06\/Holaa-olaaa.jpg",800,450,false],"thumbnail":["https:\/\/lamaletadelili.com\/wp-content\/uploads\/2022\/06\/Holaa-olaaa-150x150.jpg",150,150,true],"medium":["https:\/\/lamaletadelili.com\/wp-content\/uploads\/2022\/06\/Holaa-olaaa-380x215.jpg",380,215,true],"medium_large":["https:\/\/lamaletadelili.com\/wp-content\/uploads\/2022\/06\/Holaa-olaaa-768x432.jpg",768,432,true],"large":["https:\/\/lamaletadelili.com\/wp-content\/uploads\/2022\/06\/Holaa-olaaa-800x450.jpg",800,450,true],"1536x1536":["https:\/\/lamaletadelili.com\/wp-content\/uploads\/2022\/06\/Holaa-olaaa.jpg",800,450,false],"2048x2048":["https:\/\/lamaletadelili.com\/wp-content\/uploads\/2022\/06\/Holaa-olaaa.jpg",800,450,false]},"uagb_author_info":{"display_name":"Lili","author_link":"https:\/\/lamaletadelili.com\/ca\/author\/lili\/"},"uagb_comment_info":0,"uagb_excerpt":"A la Sala Infantil de la Biblioteca de Bigues i Riells del Fai, infants i fam\u00edlies van omplir de blaus la hist\u00f2ria de l'Anna que juga amb el mar dins de l'\u00e0lbum il.lustrat \"La Ola\".","_links":{"self":[{"href":"https:\/\/lamaletadelili.com\/ca\/wp-json\/wp\/v2\/posts\/12070","targetHints":{"allow":["GET"]}}],"collection":[{"href":"https:\/\/lamaletadelili.com\/ca\/wp-json\/wp\/v2\/posts"}],"about":[{"href":"https:\/\/lamaletadelili.com\/ca\/wp-json\/wp\/v2\/types\/post"}],"author":[{"embeddable":true,"href":"https:\/\/lamaletadelili.com\/ca\/wp-json\/wp\/v2\/users\/2"}],"replies":[{"embeddable":true,"href":"https:\/\/lamaletadelili.com\/ca\/wp-json\/wp\/v2\/comments?post=12070"}],"version-history":[{"count":0,"href":"https:\/\/lamaletadelili.com\/ca\/wp-json\/wp\/v2\/posts\/12070\/revisions"}],"wp:featuredmedia":[{"embeddable":true,"href":"https:\/\/lamaletadelili.com\/ca\/wp-json\/wp\/v2\/media\/12071"}],"wp:attachment":[{"href":"https:\/\/lamaletadelili.com\/ca\/wp-json\/wp\/v2\/media?parent=12070"}],"wp:term":[{"taxonomy":"category","embeddable":true,"href":"https:\/\/lamaletadelili.com\/ca\/wp-json\/wp\/v2\/categories?post=12070"},{"taxonomy":"post_tag","embeddable":true,"href":"https:\/\/lamaletadelili.com\/ca\/wp-json\/wp\/v2\/tags?post=12070"}],"curies":[{"name":"wp","href":"https:\/\/api.w.org\/{rel}","templated":true}]}}