{"id":11963,"date":"2022-05-17T12:38:24","date_gmt":"2022-05-17T10:38:24","guid":{"rendered":"https:\/\/lamaletadelili.com\/?p=11963"},"modified":"2022-05-17T13:29:51","modified_gmt":"2022-05-17T11:29:51","slug":"plou-i-fa-sol-do-re-mi-fa-sol-4","status":"publish","type":"post","link":"https:\/\/lamaletadelili.com\/ca\/activitats-realitzades\/plou-i-fa-sol-do-re-mi-fa-sol-4\/","title":{"rendered":"Can\u00e7ons, jocs de falda i poesia"},"content":{"rendered":"\n<p><em><mark style=\"background-color:rgba(0, 0, 0, 0);color:#5cb8e6\" class=\"has-inline-color\">De nou, <strong>dijous passa<\/strong>t vaig tornar a la <strong><a aria-label=\"Biblioteca Contravent  (opens in a new tab)\" href=\"https:\/\/bibliotecavirtual.diba.cat\/es\/vilanova-del-valles-biblioteca-contravent\" target=\"_blank\" rel=\"noreferrer noopener\" class=\"ek-link\">Biblioteca Contravent <\/a><\/strong>de <strong>Vilanova del Vall\u00e8<\/strong>s preparant l&#8217;espai per la <strong>sessi\u00f3 de contes per petits<\/strong>. <\/mark><\/em><\/p>\n\n\n\n<figure class=\"wp-block-image size-large is-style-default\"><img decoding=\"async\" width=\"800\" height=\"450\" src=\"https:\/\/lamaletadelili.com\/wp-content\/uploads\/2022\/05\/Cancons-jocs-de-falda-i-poesia-1-800x450.jpg\" alt=\"\" class=\"wp-image-11967\" srcset=\"https:\/\/lamaletadelili.com\/wp-content\/uploads\/2022\/05\/Cancons-jocs-de-falda-i-poesia-1.jpg 800w, https:\/\/lamaletadelili.com\/wp-content\/uploads\/2022\/05\/Cancons-jocs-de-falda-i-poesia-1-380x215.jpg 380w, https:\/\/lamaletadelili.com\/wp-content\/uploads\/2022\/05\/Cancons-jocs-de-falda-i-poesia-1-768x432.jpg 768w\" sizes=\"(max-width: 800px) 100vw, 800px\" \/><\/figure>\n\n\n\n<p><em><mark style=\"background-color:rgba(0, 0, 0, 0);color:#5cb8e6\" class=\"has-inline-color\">Una proposta molt participativa tant per les fam\u00edlies com pels seus infants amb els ritmes marcats pels jocs de falda, les can\u00e7ons entonades i els petits poemes jugats. De seguida alguns infants ja van voler apropar-se tant com pudien per no perdre&#8217;s res d&#8217;all\u00f2 que passaria i aquest fet va donar pas a qu\u00e8 altres infants no tan atrevits tamb\u00e9 s&#8217;apropessin sobretot quan van jugar amb les mans fent &#8220;<strong>Ralet, ralet<\/strong>&#8221; i per mirar les imatges del llibre &#8220;<strong>Ernestina la gallina<\/strong>&#8220;. <\/mark><\/em><\/p>\n\n\n\n<p><em><mark style=\"background-color:rgba(0, 0, 0, 0);color:#5cb8e6\" class=\"has-inline-color\">Van finalitzar amb els paraig\u00fces ben oberts i preparats per no mullar-se mentre les gotes  de pluja caien sobre ells cantant: <\/mark><\/em><\/p>\n\n\n\n<pre class=\"wp-block-verse has-text-align-center\"><em><mark style=\"background-color:rgba(0, 0, 0, 0);color:#5cb8e6\" class=\"has-inline-color\"><strong>\"Plou i fa sol, les bruixes es pentinen. <\/strong><\/mark><\/em>\n<em><mark style=\"background-color:rgba(0, 0, 0, 0);color:#5cb8e6\" class=\"has-inline-color\"><strong>Plou i fa sol, les bruixes porten dol\"<\/strong>. <\/mark><\/em><\/pre>\n\n\n\n<div class=\"wp-block-image is-style-default\"><figure class=\"aligncenter size-large\"><img decoding=\"async\" width=\"478\" height=\"450\" src=\"https:\/\/lamaletadelili.com\/wp-content\/uploads\/2022\/05\/Cancons-jocs-de-falda-i-poesia-478x450.jpg\" alt=\"\" class=\"wp-image-11969\" srcset=\"https:\/\/lamaletadelili.com\/wp-content\/uploads\/2022\/05\/Cancons-jocs-de-falda-i-poesia-478x450.jpg 478w, https:\/\/lamaletadelili.com\/wp-content\/uploads\/2022\/05\/Cancons-jocs-de-falda-i-poesia-228x215.jpg 228w, https:\/\/lamaletadelili.com\/wp-content\/uploads\/2022\/05\/Cancons-jocs-de-falda-i-poesia-768x723.jpg 768w, https:\/\/lamaletadelili.com\/wp-content\/uploads\/2022\/05\/Cancons-jocs-de-falda-i-poesia.jpg 1000w\" sizes=\"(max-width: 478px) 100vw, 478px\" \/><\/figure><\/div>\n\n\n\n<p><em><mark style=\"background-color:rgba(0, 0, 0, 0);color:#5cb8e6\" class=\"has-inline-color\">Abans de marxar els infants van voler jugar amb els titelles i mirar els contes que hi havia portat dins de la meva maleta. Fins a la seg\u00fcent us envio <strong>&#8220;Pols de fades&#8221; .Lili<\/strong><\/mark><\/em><\/p>\n","protected":false},"excerpt":{"rendered":"<p>De seguida alguns infants van voler apropar-se tant per no perdre&#8217;s res d&#8217;all\u00f2 que passaria i aquest fet va donar pas a qu\u00e8 altres infants no tan atrevits tamb\u00e9 s&#8217;apropessin sobretot quan van jugar amb les mans fent &#8220;Ralet, ralet&#8221;.<\/p>\n","protected":false},"author":2,"featured_media":10575,"comment_status":"open","ping_status":"open","sticky":false,"template":"","format":"standard","meta":{"_uag_custom_page_level_css":"","site-sidebar-layout":"default","site-content-layout":"","ast-site-content-layout":"default","site-content-style":"default","site-sidebar-style":"default","ast-global-header-display":"","ast-banner-title-visibility":"","ast-main-header-display":"","ast-hfb-above-header-display":"","ast-hfb-below-header-display":"","ast-hfb-mobile-header-display":"","site-post-title":"","ast-breadcrumbs-content":"","ast-featured-img":"","footer-sml-layout":"","ast-disable-related-posts":"","theme-transparent-header-meta":"","adv-header-id-meta":"","stick-header-meta":"","header-above-stick-meta":"","header-main-stick-meta":"","header-below-stick-meta":"","astra-migrate-meta-layouts":"default","ast-page-background-enabled":"default","ast-page-background-meta":{"desktop":{"background-color":"var(--ast-global-color-4)","background-image":"","background-repeat":"repeat","background-position":"center center","background-size":"auto","background-attachment":"scroll","background-type":"","background-media":"","overlay-type":"","overlay-color":"","overlay-opacity":"","overlay-gradient":""},"tablet":{"background-color":"","background-image":"","background-repeat":"repeat","background-position":"center center","background-size":"auto","background-attachment":"scroll","background-type":"","background-media":"","overlay-type":"","overlay-color":"","overlay-opacity":"","overlay-gradient":""},"mobile":{"background-color":"","background-image":"","background-repeat":"repeat","background-position":"center center","background-size":"auto","background-attachment":"scroll","background-type":"","background-media":"","overlay-type":"","overlay-color":"","overlay-opacity":"","overlay-gradient":""}},"ast-content-background-meta":{"desktop":{"background-color":"var(--ast-global-color-5)","background-image":"","background-repeat":"repeat","background-position":"center center","background-size":"auto","background-attachment":"scroll","background-type":"","background-media":"","overlay-type":"","overlay-color":"","overlay-opacity":"","overlay-gradient":""},"tablet":{"background-color":"var(--ast-global-color-5)","background-image":"","background-repeat":"repeat","background-position":"center center","background-size":"auto","background-attachment":"scroll","background-type":"","background-media":"","overlay-type":"","overlay-color":"","overlay-opacity":"","overlay-gradient":""},"mobile":{"background-color":"var(--ast-global-color-5)","background-image":"","background-repeat":"repeat","background-position":"center center","background-size":"auto","background-attachment":"scroll","background-type":"","background-media":"","overlay-type":"","overlay-color":"","overlay-opacity":"","overlay-gradient":""}},"footnotes":""},"categories":[527],"tags":[711],"class_list":["post-11963","post","type-post","status-publish","format-standard","has-post-thumbnail","hentry","category-activitats-realitzades","tag-biblioteca-contravent"],"yoast_head":"<!-- This site is optimized with the Yoast SEO plugin v27.4 - https:\/\/yoast.com\/product\/yoast-seo-wordpress\/ -->\n<title>Can\u00e7ons, jocs de falda i poesia - La maleta de Lili<\/title>\n<meta name=\"robots\" content=\"index, follow, max-snippet:-1, max-image-preview:large, max-video-preview:-1\" \/>\n<link rel=\"canonical\" href=\"https:\/\/lamaletadelili.com\/ca\/activitats-realitzades\/plou-i-fa-sol-do-re-mi-fa-sol-4\/\" \/>\n<meta property=\"og:locale\" content=\"ca_ES\" \/>\n<meta property=\"og:type\" content=\"article\" \/>\n<meta property=\"og:title\" content=\"Can\u00e7ons, jocs de falda i poesia - La maleta de Lili\" \/>\n<meta property=\"og:description\" content=\"De seguida alguns infants van voler apropar-se tant per no perdre&#039;s res d&#039;all\u00f2 que passaria i aquest fet va donar pas a qu\u00e8 altres infants no tan atrevits tamb\u00e9 s&#039;apropessin sobretot quan van jugar amb les mans fent &quot;Ralet, ralet&quot;.\" \/>\n<meta property=\"og:url\" content=\"https:\/\/lamaletadelili.com\/ca\/activitats-realitzades\/plou-i-fa-sol-do-re-mi-fa-sol-4\/\" \/>\n<meta property=\"og:site_name\" content=\"La maleta de Lili\" \/>\n<meta property=\"article:published_time\" content=\"2022-05-17T10:38:24+00:00\" \/>\n<meta property=\"article:modified_time\" content=\"2022-05-17T11:29:51+00:00\" \/>\n<meta property=\"og:image\" content=\"https:\/\/lamaletadelili.com\/wp-content\/uploads\/2021\/07\/Cancons-jocs-de-falda-i-poesia-scaled.jpeg\" \/>\n\t<meta property=\"og:image:width\" content=\"900\" \/>\n\t<meta property=\"og:image:height\" content=\"675\" \/>\n\t<meta property=\"og:image:type\" content=\"image\/jpeg\" \/>\n<meta name=\"author\" content=\"Lili\" \/>\n<meta name=\"twitter:card\" content=\"summary_large_image\" \/>\n<meta name=\"twitter:label1\" content=\"Escrit per\" \/>\n\t<meta name=\"twitter:data1\" content=\"Lili\" \/>\n\t<meta name=\"twitter:label2\" content=\"Temps estimat de lectura\" \/>\n\t<meta name=\"twitter:data2\" content=\"1 minut\" \/>\n<script type=\"application\/ld+json\" class=\"yoast-schema-graph\">{\"@context\":\"https:\\\/\\\/schema.org\",\"@graph\":[{\"@type\":\"Article\",\"@id\":\"https:\\\/\\\/lamaletadelili.com\\\/ca\\\/activitats-realitzades\\\/plou-i-fa-sol-do-re-mi-fa-sol-4\\\/#article\",\"isPartOf\":{\"@id\":\"https:\\\/\\\/lamaletadelili.com\\\/ca\\\/activitats-realitzades\\\/plou-i-fa-sol-do-re-mi-fa-sol-4\\\/\"},\"author\":{\"name\":\"Lili\",\"@id\":\"https:\\\/\\\/lamaletadelili.com\\\/#\\\/schema\\\/person\\\/0b369bfb34abc5b05dad849dd46e7216\"},\"headline\":\"Can\u00e7ons, jocs de falda i poesia\",\"datePublished\":\"2022-05-17T10:38:24+00:00\",\"dateModified\":\"2022-05-17T11:29:51+00:00\",\"mainEntityOfPage\":{\"@id\":\"https:\\\/\\\/lamaletadelili.com\\\/ca\\\/activitats-realitzades\\\/plou-i-fa-sol-do-re-mi-fa-sol-4\\\/\"},\"wordCount\":175,\"commentCount\":0,\"publisher\":{\"@id\":\"https:\\\/\\\/lamaletadelili.com\\\/#organization\"},\"image\":{\"@id\":\"https:\\\/\\\/lamaletadelili.com\\\/ca\\\/activitats-realitzades\\\/plou-i-fa-sol-do-re-mi-fa-sol-4\\\/#primaryimage\"},\"thumbnailUrl\":\"https:\\\/\\\/lamaletadelili.com\\\/wp-content\\\/uploads\\\/2021\\\/07\\\/Cancons-jocs-de-falda-i-poesia-scaled.jpeg\",\"keywords\":[\"Biblioteca Contravent\"],\"articleSection\":[\"Activitats realitzades\"],\"inLanguage\":\"ca\",\"potentialAction\":[{\"@type\":\"CommentAction\",\"name\":\"Comment\",\"target\":[\"https:\\\/\\\/lamaletadelili.com\\\/ca\\\/activitats-realitzades\\\/plou-i-fa-sol-do-re-mi-fa-sol-4\\\/#respond\"]}]},{\"@type\":\"WebPage\",\"@id\":\"https:\\\/\\\/lamaletadelili.com\\\/ca\\\/activitats-realitzades\\\/plou-i-fa-sol-do-re-mi-fa-sol-4\\\/\",\"url\":\"https:\\\/\\\/lamaletadelili.com\\\/ca\\\/activitats-realitzades\\\/plou-i-fa-sol-do-re-mi-fa-sol-4\\\/\",\"name\":\"Can\u00e7ons, jocs de falda i poesia - La maleta de Lili\",\"isPartOf\":{\"@id\":\"https:\\\/\\\/lamaletadelili.com\\\/#website\"},\"primaryImageOfPage\":{\"@id\":\"https:\\\/\\\/lamaletadelili.com\\\/ca\\\/activitats-realitzades\\\/plou-i-fa-sol-do-re-mi-fa-sol-4\\\/#primaryimage\"},\"image\":{\"@id\":\"https:\\\/\\\/lamaletadelili.com\\\/ca\\\/activitats-realitzades\\\/plou-i-fa-sol-do-re-mi-fa-sol-4\\\/#primaryimage\"},\"thumbnailUrl\":\"https:\\\/\\\/lamaletadelili.com\\\/wp-content\\\/uploads\\\/2021\\\/07\\\/Cancons-jocs-de-falda-i-poesia-scaled.jpeg\",\"datePublished\":\"2022-05-17T10:38:24+00:00\",\"dateModified\":\"2022-05-17T11:29:51+00:00\",\"breadcrumb\":{\"@id\":\"https:\\\/\\\/lamaletadelili.com\\\/ca\\\/activitats-realitzades\\\/plou-i-fa-sol-do-re-mi-fa-sol-4\\\/#breadcrumb\"},\"inLanguage\":\"ca\",\"potentialAction\":[{\"@type\":\"ReadAction\",\"target\":[\"https:\\\/\\\/lamaletadelili.com\\\/ca\\\/activitats-realitzades\\\/plou-i-fa-sol-do-re-mi-fa-sol-4\\\/\"]}]},{\"@type\":\"ImageObject\",\"inLanguage\":\"ca\",\"@id\":\"https:\\\/\\\/lamaletadelili.com\\\/ca\\\/activitats-realitzades\\\/plou-i-fa-sol-do-re-mi-fa-sol-4\\\/#primaryimage\",\"url\":\"https:\\\/\\\/lamaletadelili.com\\\/wp-content\\\/uploads\\\/2021\\\/07\\\/Cancons-jocs-de-falda-i-poesia-scaled.jpeg\",\"contentUrl\":\"https:\\\/\\\/lamaletadelili.com\\\/wp-content\\\/uploads\\\/2021\\\/07\\\/Cancons-jocs-de-falda-i-poesia-scaled.jpeg\",\"width\":900,\"height\":675,\"caption\":\"Taller per fam\u00edlies sobre jocs de falda i poesia infantil\"},{\"@type\":\"BreadcrumbList\",\"@id\":\"https:\\\/\\\/lamaletadelili.com\\\/ca\\\/activitats-realitzades\\\/plou-i-fa-sol-do-re-mi-fa-sol-4\\\/#breadcrumb\",\"itemListElement\":[{\"@type\":\"ListItem\",\"position\":1,\"name\":\"Portada\",\"item\":\"https:\\\/\\\/lamaletadelili.com\\\/ca\\\/\"},{\"@type\":\"ListItem\",\"position\":2,\"name\":\"Can\u00e7ons, jocs de falda i poesia\"}]},{\"@type\":\"WebSite\",\"@id\":\"https:\\\/\\\/lamaletadelili.com\\\/#website\",\"url\":\"https:\\\/\\\/lamaletadelili.com\\\/\",\"name\":\"La maleta de Lili\",\"description\":\"Cuenta cuentos\",\"publisher\":{\"@id\":\"https:\\\/\\\/lamaletadelili.com\\\/#organization\"},\"potentialAction\":[{\"@type\":\"SearchAction\",\"target\":{\"@type\":\"EntryPoint\",\"urlTemplate\":\"https:\\\/\\\/lamaletadelili.com\\\/?s={search_term_string}\"},\"query-input\":{\"@type\":\"PropertyValueSpecification\",\"valueRequired\":true,\"valueName\":\"search_term_string\"}}],\"inLanguage\":\"ca\"},{\"@type\":\"Organization\",\"@id\":\"https:\\\/\\\/lamaletadelili.com\\\/#organization\",\"name\":\"La maleta de Lili\",\"url\":\"https:\\\/\\\/lamaletadelili.com\\\/\",\"logo\":{\"@type\":\"ImageObject\",\"inLanguage\":\"ca\",\"@id\":\"https:\\\/\\\/lamaletadelili.com\\\/#\\\/schema\\\/logo\\\/image\\\/\",\"url\":\"https:\\\/\\\/lamaletadelili.com\\\/wp-content\\\/uploads\\\/2019\\\/07\\\/LOGO-La-maleta-de-Lili-catalan.png\",\"contentUrl\":\"https:\\\/\\\/lamaletadelili.com\\\/wp-content\\\/uploads\\\/2019\\\/07\\\/LOGO-La-maleta-de-Lili-catalan.png\",\"width\":450,\"height\":177,\"caption\":\"La maleta de Lili\"},\"image\":{\"@id\":\"https:\\\/\\\/lamaletadelili.com\\\/#\\\/schema\\\/logo\\\/image\\\/\"}},{\"@type\":\"Person\",\"@id\":\"https:\\\/\\\/lamaletadelili.com\\\/#\\\/schema\\\/person\\\/0b369bfb34abc5b05dad849dd46e7216\",\"name\":\"Lili\",\"image\":{\"@type\":\"ImageObject\",\"inLanguage\":\"ca\",\"@id\":\"https:\\\/\\\/lamaletadelili.com\\\/wp-content\\\/litespeed\\\/avatar\\\/76b539669a3dc81823ce0f8f87bd4577.jpg?ver=1776983692\",\"url\":\"https:\\\/\\\/lamaletadelili.com\\\/wp-content\\\/litespeed\\\/avatar\\\/76b539669a3dc81823ce0f8f87bd4577.jpg?ver=1776983692\",\"contentUrl\":\"https:\\\/\\\/lamaletadelili.com\\\/wp-content\\\/litespeed\\\/avatar\\\/76b539669a3dc81823ce0f8f87bd4577.jpg?ver=1776983692\",\"caption\":\"Lili\"},\"description\":\"Proyecto de animaci\u00f3n a la lectura dirigido a potenciar la literatura infantil desde las primeras edades.\",\"sameAs\":[\"https:\\\/\\\/lamaletadelili.com\"],\"url\":\"https:\\\/\\\/lamaletadelili.com\\\/ca\\\/author\\\/lili\\\/\"}]}<\/script>\n<!-- \/ Yoast SEO plugin. -->","yoast_head_json":{"title":"Can\u00e7ons, jocs de falda i poesia - La maleta de Lili","robots":{"index":"index","follow":"follow","max-snippet":"max-snippet:-1","max-image-preview":"max-image-preview:large","max-video-preview":"max-video-preview:-1"},"canonical":"https:\/\/lamaletadelili.com\/ca\/activitats-realitzades\/plou-i-fa-sol-do-re-mi-fa-sol-4\/","og_locale":"ca_ES","og_type":"article","og_title":"Can\u00e7ons, jocs de falda i poesia - La maleta de Lili","og_description":"De seguida alguns infants van voler apropar-se tant per no perdre's res d'all\u00f2 que passaria i aquest fet va donar pas a qu\u00e8 altres infants no tan atrevits tamb\u00e9 s'apropessin sobretot quan van jugar amb les mans fent \"Ralet, ralet\".","og_url":"https:\/\/lamaletadelili.com\/ca\/activitats-realitzades\/plou-i-fa-sol-do-re-mi-fa-sol-4\/","og_site_name":"La maleta de Lili","article_published_time":"2022-05-17T10:38:24+00:00","article_modified_time":"2022-05-17T11:29:51+00:00","og_image":[{"width":900,"height":675,"url":"https:\/\/lamaletadelili.com\/wp-content\/uploads\/2021\/07\/Cancons-jocs-de-falda-i-poesia-scaled.jpeg","type":"image\/jpeg"}],"author":"Lili","twitter_card":"summary_large_image","twitter_misc":{"Escrit per":"Lili","Temps estimat de lectura":"1 minut"},"schema":{"@context":"https:\/\/schema.org","@graph":[{"@type":"Article","@id":"https:\/\/lamaletadelili.com\/ca\/activitats-realitzades\/plou-i-fa-sol-do-re-mi-fa-sol-4\/#article","isPartOf":{"@id":"https:\/\/lamaletadelili.com\/ca\/activitats-realitzades\/plou-i-fa-sol-do-re-mi-fa-sol-4\/"},"author":{"name":"Lili","@id":"https:\/\/lamaletadelili.com\/#\/schema\/person\/0b369bfb34abc5b05dad849dd46e7216"},"headline":"Can\u00e7ons, jocs de falda i poesia","datePublished":"2022-05-17T10:38:24+00:00","dateModified":"2022-05-17T11:29:51+00:00","mainEntityOfPage":{"@id":"https:\/\/lamaletadelili.com\/ca\/activitats-realitzades\/plou-i-fa-sol-do-re-mi-fa-sol-4\/"},"wordCount":175,"commentCount":0,"publisher":{"@id":"https:\/\/lamaletadelili.com\/#organization"},"image":{"@id":"https:\/\/lamaletadelili.com\/ca\/activitats-realitzades\/plou-i-fa-sol-do-re-mi-fa-sol-4\/#primaryimage"},"thumbnailUrl":"https:\/\/lamaletadelili.com\/wp-content\/uploads\/2021\/07\/Cancons-jocs-de-falda-i-poesia-scaled.jpeg","keywords":["Biblioteca Contravent"],"articleSection":["Activitats realitzades"],"inLanguage":"ca","potentialAction":[{"@type":"CommentAction","name":"Comment","target":["https:\/\/lamaletadelili.com\/ca\/activitats-realitzades\/plou-i-fa-sol-do-re-mi-fa-sol-4\/#respond"]}]},{"@type":"WebPage","@id":"https:\/\/lamaletadelili.com\/ca\/activitats-realitzades\/plou-i-fa-sol-do-re-mi-fa-sol-4\/","url":"https:\/\/lamaletadelili.com\/ca\/activitats-realitzades\/plou-i-fa-sol-do-re-mi-fa-sol-4\/","name":"Can\u00e7ons, jocs de falda i poesia - La maleta de Lili","isPartOf":{"@id":"https:\/\/lamaletadelili.com\/#website"},"primaryImageOfPage":{"@id":"https:\/\/lamaletadelili.com\/ca\/activitats-realitzades\/plou-i-fa-sol-do-re-mi-fa-sol-4\/#primaryimage"},"image":{"@id":"https:\/\/lamaletadelili.com\/ca\/activitats-realitzades\/plou-i-fa-sol-do-re-mi-fa-sol-4\/#primaryimage"},"thumbnailUrl":"https:\/\/lamaletadelili.com\/wp-content\/uploads\/2021\/07\/Cancons-jocs-de-falda-i-poesia-scaled.jpeg","datePublished":"2022-05-17T10:38:24+00:00","dateModified":"2022-05-17T11:29:51+00:00","breadcrumb":{"@id":"https:\/\/lamaletadelili.com\/ca\/activitats-realitzades\/plou-i-fa-sol-do-re-mi-fa-sol-4\/#breadcrumb"},"inLanguage":"ca","potentialAction":[{"@type":"ReadAction","target":["https:\/\/lamaletadelili.com\/ca\/activitats-realitzades\/plou-i-fa-sol-do-re-mi-fa-sol-4\/"]}]},{"@type":"ImageObject","inLanguage":"ca","@id":"https:\/\/lamaletadelili.com\/ca\/activitats-realitzades\/plou-i-fa-sol-do-re-mi-fa-sol-4\/#primaryimage","url":"https:\/\/lamaletadelili.com\/wp-content\/uploads\/2021\/07\/Cancons-jocs-de-falda-i-poesia-scaled.jpeg","contentUrl":"https:\/\/lamaletadelili.com\/wp-content\/uploads\/2021\/07\/Cancons-jocs-de-falda-i-poesia-scaled.jpeg","width":900,"height":675,"caption":"Taller per fam\u00edlies sobre jocs de falda i poesia infantil"},{"@type":"BreadcrumbList","@id":"https:\/\/lamaletadelili.com\/ca\/activitats-realitzades\/plou-i-fa-sol-do-re-mi-fa-sol-4\/#breadcrumb","itemListElement":[{"@type":"ListItem","position":1,"name":"Portada","item":"https:\/\/lamaletadelili.com\/ca\/"},{"@type":"ListItem","position":2,"name":"Can\u00e7ons, jocs de falda i poesia"}]},{"@type":"WebSite","@id":"https:\/\/lamaletadelili.com\/#website","url":"https:\/\/lamaletadelili.com\/","name":"La maleta de Lili","description":"Cuenta cuentos","publisher":{"@id":"https:\/\/lamaletadelili.com\/#organization"},"potentialAction":[{"@type":"SearchAction","target":{"@type":"EntryPoint","urlTemplate":"https:\/\/lamaletadelili.com\/?s={search_term_string}"},"query-input":{"@type":"PropertyValueSpecification","valueRequired":true,"valueName":"search_term_string"}}],"inLanguage":"ca"},{"@type":"Organization","@id":"https:\/\/lamaletadelili.com\/#organization","name":"La maleta de Lili","url":"https:\/\/lamaletadelili.com\/","logo":{"@type":"ImageObject","inLanguage":"ca","@id":"https:\/\/lamaletadelili.com\/#\/schema\/logo\/image\/","url":"https:\/\/lamaletadelili.com\/wp-content\/uploads\/2019\/07\/LOGO-La-maleta-de-Lili-catalan.png","contentUrl":"https:\/\/lamaletadelili.com\/wp-content\/uploads\/2019\/07\/LOGO-La-maleta-de-Lili-catalan.png","width":450,"height":177,"caption":"La maleta de Lili"},"image":{"@id":"https:\/\/lamaletadelili.com\/#\/schema\/logo\/image\/"}},{"@type":"Person","@id":"https:\/\/lamaletadelili.com\/#\/schema\/person\/0b369bfb34abc5b05dad849dd46e7216","name":"Lili","image":{"@type":"ImageObject","inLanguage":"ca","@id":"https:\/\/lamaletadelili.com\/wp-content\/litespeed\/avatar\/76b539669a3dc81823ce0f8f87bd4577.jpg?ver=1776983692","url":"https:\/\/lamaletadelili.com\/wp-content\/litespeed\/avatar\/76b539669a3dc81823ce0f8f87bd4577.jpg?ver=1776983692","contentUrl":"https:\/\/lamaletadelili.com\/wp-content\/litespeed\/avatar\/76b539669a3dc81823ce0f8f87bd4577.jpg?ver=1776983692","caption":"Lili"},"description":"Proyecto de animaci\u00f3n a la lectura dirigido a potenciar la literatura infantil desde las primeras edades.","sameAs":["https:\/\/lamaletadelili.com"],"url":"https:\/\/lamaletadelili.com\/ca\/author\/lili\/"}]}},"uagb_featured_image_src":{"full":["https:\/\/lamaletadelili.com\/wp-content\/uploads\/2021\/07\/Cancons-jocs-de-falda-i-poesia-scaled.jpeg",900,675,false],"thumbnail":["https:\/\/lamaletadelili.com\/wp-content\/uploads\/2021\/07\/Cancons-jocs-de-falda-i-poesia-150x150.jpeg",150,150,true],"medium":["https:\/\/lamaletadelili.com\/wp-content\/uploads\/2021\/07\/Cancons-jocs-de-falda-i-poesia-287x215.jpeg",287,215,true],"medium_large":["https:\/\/lamaletadelili.com\/wp-content\/uploads\/2021\/07\/Cancons-jocs-de-falda-i-poesia-768x576.jpeg",768,576,true],"large":["https:\/\/lamaletadelili.com\/wp-content\/uploads\/2021\/07\/Cancons-jocs-de-falda-i-poesia-600x450.jpeg",600,450,true],"1536x1536":["https:\/\/lamaletadelili.com\/wp-content\/uploads\/2021\/07\/Cancons-jocs-de-falda-i-poesia-1536x1152.jpeg",1536,1152,true],"2048x2048":["https:\/\/lamaletadelili.com\/wp-content\/uploads\/2021\/07\/Cancons-jocs-de-falda-i-poesia-2048x1536.jpeg",2048,1536,true]},"uagb_author_info":{"display_name":"Lili","author_link":"https:\/\/lamaletadelili.com\/ca\/author\/lili\/"},"uagb_comment_info":0,"uagb_excerpt":"De seguida alguns infants van voler apropar-se tant per no perdre's res d'all\u00f2 que passaria i aquest fet va donar pas a qu\u00e8 altres infants no tan atrevits tamb\u00e9 s'apropessin sobretot quan van jugar amb les mans fent \"Ralet, ralet\".","_links":{"self":[{"href":"https:\/\/lamaletadelili.com\/ca\/wp-json\/wp\/v2\/posts\/11963","targetHints":{"allow":["GET"]}}],"collection":[{"href":"https:\/\/lamaletadelili.com\/ca\/wp-json\/wp\/v2\/posts"}],"about":[{"href":"https:\/\/lamaletadelili.com\/ca\/wp-json\/wp\/v2\/types\/post"}],"author":[{"embeddable":true,"href":"https:\/\/lamaletadelili.com\/ca\/wp-json\/wp\/v2\/users\/2"}],"replies":[{"embeddable":true,"href":"https:\/\/lamaletadelili.com\/ca\/wp-json\/wp\/v2\/comments?post=11963"}],"version-history":[{"count":0,"href":"https:\/\/lamaletadelili.com\/ca\/wp-json\/wp\/v2\/posts\/11963\/revisions"}],"wp:featuredmedia":[{"embeddable":true,"href":"https:\/\/lamaletadelili.com\/ca\/wp-json\/wp\/v2\/media\/10575"}],"wp:attachment":[{"href":"https:\/\/lamaletadelili.com\/ca\/wp-json\/wp\/v2\/media?parent=11963"}],"wp:term":[{"taxonomy":"category","embeddable":true,"href":"https:\/\/lamaletadelili.com\/ca\/wp-json\/wp\/v2\/categories?post=11963"},{"taxonomy":"post_tag","embeddable":true,"href":"https:\/\/lamaletadelili.com\/ca\/wp-json\/wp\/v2\/tags?post=11963"}],"curies":[{"name":"wp","href":"https:\/\/api.w.org\/{rel}","templated":true}]}}