{"id":11631,"date":"2022-02-19T19:47:37","date_gmt":"2022-02-19T18:47:37","guid":{"rendered":"https:\/\/lamaletadelili.com\/?p=11631"},"modified":"2022-11-28T11:24:05","modified_gmt":"2022-11-28T10:24:05","slug":"plou-i-fa-sol-do-re-mi-fa-sol","status":"publish","type":"post","link":"https:\/\/lamaletadelili.com\/ca\/activitats-realitzades\/plou-i-fa-sol-do-re-mi-fa-sol\/","title":{"rendered":"Plou i fa sol, Do, re, mi, fa, sol!"},"content":{"rendered":"\n<pre class=\"wp-block-verse has-text-align-center\"><em><strong>\"Plou i fa sol les bruixes es pentinen,<\/strong>\n<strong>plou i fa sol les bruixes porten dol\"<\/strong><\/em><\/pre>\n\n\n\n<p><em>Amb aquesta can\u00e7\u00f3 que convida a la pluja vam viatjar fins a la <strong>Biblioteca Contraven<\/strong> de Vilanova del Vall\u00e9s <\/em>.<\/p>\n\n\n\n<p><em>De seguida, vam muntar l&#8217;espai amb el llibre la <strong>Goteta<\/strong> obert de bat a bat!, els petit titelles, i els paraig\u00fces de colors<\/em><\/p>\n\n\n\n<figure class=\"wp-block-image size-large\"><img decoding=\"async\" width=\"800\" height=\"450\" src=\"https:\/\/lamaletadelili.com\/wp-content\/uploads\/2022\/02\/PLOU-3-800x450.jpg\" alt=\"\" class=\"wp-image-11634\" srcset=\"https:\/\/lamaletadelili.com\/wp-content\/uploads\/2022\/02\/PLOU-3.jpg 800w, https:\/\/lamaletadelili.com\/wp-content\/uploads\/2022\/02\/PLOU-3-380x215.jpg 380w, https:\/\/lamaletadelili.com\/wp-content\/uploads\/2022\/02\/PLOU-3-768x432.jpg 768w\" sizes=\"(max-width: 800px) 100vw, 800px\" \/><\/figure>\n\n\n\n<p><em>Poc a poc els infanst van comen\u00e7ar a seure i les hist\u00f2ries van caure com gotes de pluja sobre els paraig\u00fces oberts a la Sala.<\/em><\/p>\n\n\n\n<p><em>Alguns nens i nenes es van apropar de seguida a con\u00e8ixer-me, quedant-se molt molt a prop de mi mentre tot comen\u00e7ava!!<\/em><\/p>\n\n\n\n<p><em>Amb els m<\/em>o<em>cadors de colors, van ajudar al petit conill a descobrir &#8220;<strong>Com es fa l&#8217;Arc de Sant Mart\u00ed<\/strong>&#8220;; i per acomiadar la sessi\u00f3 la m\u00fasica especial del &#8220;<strong>Paraig\u00fces<\/strong>&#8220;<\/em>.<\/p>\n\n\n\n<figure class=\"wp-block-embed is-type-video is-provider-youtube wp-block-embed-youtube wp-embed-aspect-4-3 wp-has-aspect-ratio\"><div class=\"wp-block-embed__wrapper\">\n<iframe loading=\"lazy\" title=\"\ub178\ub780\uc6b0\uc0b0\" width=\"500\" height=\"375\" src=\"https:\/\/www.youtube.com\/embed\/zXR2huGDPRk?start=18&#038;feature=oembed\" frameborder=\"0\" allow=\"accelerometer; autoplay; clipboard-write; encrypted-media; gyroscope; picture-in-picture; web-share\" referrerpolicy=\"strict-origin-when-cross-origin\" allowfullscreen><\/iframe>\n<\/div><\/figure>\n\n\n\n<p><\/p>\n\n\n\n<p><em>Despr\u00e9s de rebre petons alats, algunes fam\u00edlies amb els seus petits van agafar els llibres per mirar, altres es posaven els titelles als sesu dits petits, i alguns van ser atrevits portant-me als seus bra\u00e7os per passetjar!<\/em><\/p>\n\n\n\n<p><em>Vaig gaudir molt d&#8217;aquesta tarda a la <strong>Biblioteca Contravent<\/strong>, i espero que molt aviat ens tornen a veure.<\/em><\/p>\n\n\n\n<p><em><strong>Us envio<\/strong> <\/em><strong><em>molts petons alats!. Lili<\/em><\/strong><\/p>\n","protected":false},"excerpt":{"rendered":"<p>Una tarda amb contes de pluja de queien com gotes sobre els paraig\u00fces oberts a la Biblioteca Contravent<\/p>\n","protected":false},"author":2,"featured_media":11632,"comment_status":"open","ping_status":"open","sticky":false,"template":"","format":"standard","meta":{"_uag_custom_page_level_css":"","site-sidebar-layout":"default","site-content-layout":"","ast-site-content-layout":"default","site-content-style":"default","site-sidebar-style":"default","ast-global-header-display":"","ast-banner-title-visibility":"","ast-main-header-display":"","ast-hfb-above-header-display":"","ast-hfb-below-header-display":"","ast-hfb-mobile-header-display":"","site-post-title":"","ast-breadcrumbs-content":"","ast-featured-img":"","footer-sml-layout":"","ast-disable-related-posts":"","theme-transparent-header-meta":"","adv-header-id-meta":"","stick-header-meta":"","header-above-stick-meta":"","header-main-stick-meta":"","header-below-stick-meta":"","astra-migrate-meta-layouts":"default","ast-page-background-enabled":"default","ast-page-background-meta":{"desktop":{"background-color":"var(--ast-global-color-4)","background-image":"","background-repeat":"repeat","background-position":"center center","background-size":"auto","background-attachment":"scroll","background-type":"","background-media":"","overlay-type":"","overlay-color":"","overlay-opacity":"","overlay-gradient":""},"tablet":{"background-color":"","background-image":"","background-repeat":"repeat","background-position":"center center","background-size":"auto","background-attachment":"scroll","background-type":"","background-media":"","overlay-type":"","overlay-color":"","overlay-opacity":"","overlay-gradient":""},"mobile":{"background-color":"","background-image":"","background-repeat":"repeat","background-position":"center center","background-size":"auto","background-attachment":"scroll","background-type":"","background-media":"","overlay-type":"","overlay-color":"","overlay-opacity":"","overlay-gradient":""}},"ast-content-background-meta":{"desktop":{"background-color":"var(--ast-global-color-5)","background-image":"","background-repeat":"repeat","background-position":"center center","background-size":"auto","background-attachment":"scroll","background-type":"","background-media":"","overlay-type":"","overlay-color":"","overlay-opacity":"","overlay-gradient":""},"tablet":{"background-color":"var(--ast-global-color-5)","background-image":"","background-repeat":"repeat","background-position":"center center","background-size":"auto","background-attachment":"scroll","background-type":"","background-media":"","overlay-type":"","overlay-color":"","overlay-opacity":"","overlay-gradient":""},"mobile":{"background-color":"var(--ast-global-color-5)","background-image":"","background-repeat":"repeat","background-position":"center center","background-size":"auto","background-attachment":"scroll","background-type":"","background-media":"","overlay-type":"","overlay-color":"","overlay-opacity":"","overlay-gradient":""}},"footnotes":""},"categories":[527],"tags":[711,608],"class_list":["post-11631","post","type-post","status-publish","format-standard","has-post-thumbnail","hentry","category-activitats-realitzades","tag-biblioteca-contravent","tag-contes-musicals"],"yoast_head":"<!-- This site is optimized with the Yoast SEO plugin v27.4 - https:\/\/yoast.com\/product\/yoast-seo-wordpress\/ -->\n<title>Plou i fa sol, Do, re, mi, fa, sol! - La maleta de Lili<\/title>\n<meta name=\"robots\" content=\"index, follow, max-snippet:-1, max-image-preview:large, max-video-preview:-1\" \/>\n<link rel=\"canonical\" href=\"https:\/\/lamaletadelili.com\/ca\/activitats-realitzades\/plou-i-fa-sol-do-re-mi-fa-sol\/\" \/>\n<meta property=\"og:locale\" content=\"ca_ES\" \/>\n<meta property=\"og:type\" content=\"article\" \/>\n<meta property=\"og:title\" content=\"Plou i fa sol, Do, re, mi, fa, sol! - La maleta de Lili\" \/>\n<meta property=\"og:description\" content=\"Una tarda amb contes de pluja de queien com gotes sobre els paraig\u00fces oberts a la Biblioteca Contravent\" \/>\n<meta property=\"og:url\" content=\"https:\/\/lamaletadelili.com\/ca\/activitats-realitzades\/plou-i-fa-sol-do-re-mi-fa-sol\/\" \/>\n<meta property=\"og:site_name\" content=\"La maleta de Lili\" \/>\n<meta property=\"article:published_time\" content=\"2022-02-19T18:47:37+00:00\" \/>\n<meta property=\"article:modified_time\" content=\"2022-11-28T10:24:05+00:00\" \/>\n<meta property=\"og:image\" content=\"https:\/\/lamaletadelili.com\/wp-content\/uploads\/2022\/02\/PLOU--scaled.jpg\" \/>\n\t<meta property=\"og:image:width\" content=\"900\" \/>\n\t<meta property=\"og:image:height\" content=\"822\" \/>\n\t<meta property=\"og:image:type\" content=\"image\/jpeg\" \/>\n<meta name=\"author\" content=\"Lili\" \/>\n<meta name=\"twitter:card\" content=\"summary_large_image\" \/>\n<meta name=\"twitter:label1\" content=\"Escrit per\" \/>\n\t<meta name=\"twitter:data1\" content=\"Lili\" \/>\n\t<meta name=\"twitter:label2\" content=\"Temps estimat de lectura\" \/>\n\t<meta name=\"twitter:data2\" content=\"1 minut\" \/>\n<script type=\"application\/ld+json\" class=\"yoast-schema-graph\">{\"@context\":\"https:\\\/\\\/schema.org\",\"@graph\":[{\"@type\":\"Article\",\"@id\":\"https:\\\/\\\/lamaletadelili.com\\\/ca\\\/activitats-realitzades\\\/plou-i-fa-sol-do-re-mi-fa-sol\\\/#article\",\"isPartOf\":{\"@id\":\"https:\\\/\\\/lamaletadelili.com\\\/ca\\\/activitats-realitzades\\\/plou-i-fa-sol-do-re-mi-fa-sol\\\/\"},\"author\":{\"name\":\"Lili\",\"@id\":\"https:\\\/\\\/lamaletadelili.com\\\/#\\\/schema\\\/person\\\/0b369bfb34abc5b05dad849dd46e7216\"},\"headline\":\"Plou i fa sol, Do, re, mi, fa, sol!\",\"datePublished\":\"2022-02-19T18:47:37+00:00\",\"dateModified\":\"2022-11-28T10:24:05+00:00\",\"mainEntityOfPage\":{\"@id\":\"https:\\\/\\\/lamaletadelili.com\\\/ca\\\/activitats-realitzades\\\/plou-i-fa-sol-do-re-mi-fa-sol\\\/\"},\"wordCount\":213,\"commentCount\":0,\"publisher\":{\"@id\":\"https:\\\/\\\/lamaletadelili.com\\\/#organization\"},\"image\":{\"@id\":\"https:\\\/\\\/lamaletadelili.com\\\/ca\\\/activitats-realitzades\\\/plou-i-fa-sol-do-re-mi-fa-sol\\\/#primaryimage\"},\"thumbnailUrl\":\"https:\\\/\\\/lamaletadelili.com\\\/wp-content\\\/uploads\\\/2022\\\/02\\\/PLOU--scaled.jpg\",\"keywords\":[\"Biblioteca Contravent\",\"Contes Musicals\"],\"articleSection\":[\"Activitats realitzades\"],\"inLanguage\":\"ca\",\"potentialAction\":[{\"@type\":\"CommentAction\",\"name\":\"Comment\",\"target\":[\"https:\\\/\\\/lamaletadelili.com\\\/ca\\\/activitats-realitzades\\\/plou-i-fa-sol-do-re-mi-fa-sol\\\/#respond\"]}]},{\"@type\":\"WebPage\",\"@id\":\"https:\\\/\\\/lamaletadelili.com\\\/ca\\\/activitats-realitzades\\\/plou-i-fa-sol-do-re-mi-fa-sol\\\/\",\"url\":\"https:\\\/\\\/lamaletadelili.com\\\/ca\\\/activitats-realitzades\\\/plou-i-fa-sol-do-re-mi-fa-sol\\\/\",\"name\":\"Plou i fa sol, Do, re, mi, fa, sol! - La maleta de Lili\",\"isPartOf\":{\"@id\":\"https:\\\/\\\/lamaletadelili.com\\\/#website\"},\"primaryImageOfPage\":{\"@id\":\"https:\\\/\\\/lamaletadelili.com\\\/ca\\\/activitats-realitzades\\\/plou-i-fa-sol-do-re-mi-fa-sol\\\/#primaryimage\"},\"image\":{\"@id\":\"https:\\\/\\\/lamaletadelili.com\\\/ca\\\/activitats-realitzades\\\/plou-i-fa-sol-do-re-mi-fa-sol\\\/#primaryimage\"},\"thumbnailUrl\":\"https:\\\/\\\/lamaletadelili.com\\\/wp-content\\\/uploads\\\/2022\\\/02\\\/PLOU--scaled.jpg\",\"datePublished\":\"2022-02-19T18:47:37+00:00\",\"dateModified\":\"2022-11-28T10:24:05+00:00\",\"breadcrumb\":{\"@id\":\"https:\\\/\\\/lamaletadelili.com\\\/ca\\\/activitats-realitzades\\\/plou-i-fa-sol-do-re-mi-fa-sol\\\/#breadcrumb\"},\"inLanguage\":\"ca\",\"potentialAction\":[{\"@type\":\"ReadAction\",\"target\":[\"https:\\\/\\\/lamaletadelili.com\\\/ca\\\/activitats-realitzades\\\/plou-i-fa-sol-do-re-mi-fa-sol\\\/\"]}]},{\"@type\":\"ImageObject\",\"inLanguage\":\"ca\",\"@id\":\"https:\\\/\\\/lamaletadelili.com\\\/ca\\\/activitats-realitzades\\\/plou-i-fa-sol-do-re-mi-fa-sol\\\/#primaryimage\",\"url\":\"https:\\\/\\\/lamaletadelili.com\\\/wp-content\\\/uploads\\\/2022\\\/02\\\/PLOU--scaled.jpg\",\"contentUrl\":\"https:\\\/\\\/lamaletadelili.com\\\/wp-content\\\/uploads\\\/2022\\\/02\\\/PLOU--scaled.jpg\",\"width\":900,\"height\":822},{\"@type\":\"BreadcrumbList\",\"@id\":\"https:\\\/\\\/lamaletadelili.com\\\/ca\\\/activitats-realitzades\\\/plou-i-fa-sol-do-re-mi-fa-sol\\\/#breadcrumb\",\"itemListElement\":[{\"@type\":\"ListItem\",\"position\":1,\"name\":\"Portada\",\"item\":\"https:\\\/\\\/lamaletadelili.com\\\/ca\\\/\"},{\"@type\":\"ListItem\",\"position\":2,\"name\":\"Plou i fa sol, Do, re, mi, fa, sol!\"}]},{\"@type\":\"WebSite\",\"@id\":\"https:\\\/\\\/lamaletadelili.com\\\/#website\",\"url\":\"https:\\\/\\\/lamaletadelili.com\\\/\",\"name\":\"La maleta de Lili\",\"description\":\"Cuenta cuentos\",\"publisher\":{\"@id\":\"https:\\\/\\\/lamaletadelili.com\\\/#organization\"},\"potentialAction\":[{\"@type\":\"SearchAction\",\"target\":{\"@type\":\"EntryPoint\",\"urlTemplate\":\"https:\\\/\\\/lamaletadelili.com\\\/?s={search_term_string}\"},\"query-input\":{\"@type\":\"PropertyValueSpecification\",\"valueRequired\":true,\"valueName\":\"search_term_string\"}}],\"inLanguage\":\"ca\"},{\"@type\":\"Organization\",\"@id\":\"https:\\\/\\\/lamaletadelili.com\\\/#organization\",\"name\":\"La maleta de Lili\",\"url\":\"https:\\\/\\\/lamaletadelili.com\\\/\",\"logo\":{\"@type\":\"ImageObject\",\"inLanguage\":\"ca\",\"@id\":\"https:\\\/\\\/lamaletadelili.com\\\/#\\\/schema\\\/logo\\\/image\\\/\",\"url\":\"https:\\\/\\\/lamaletadelili.com\\\/wp-content\\\/uploads\\\/2019\\\/07\\\/LOGO-La-maleta-de-Lili-catalan.png\",\"contentUrl\":\"https:\\\/\\\/lamaletadelili.com\\\/wp-content\\\/uploads\\\/2019\\\/07\\\/LOGO-La-maleta-de-Lili-catalan.png\",\"width\":450,\"height\":177,\"caption\":\"La maleta de Lili\"},\"image\":{\"@id\":\"https:\\\/\\\/lamaletadelili.com\\\/#\\\/schema\\\/logo\\\/image\\\/\"}},{\"@type\":\"Person\",\"@id\":\"https:\\\/\\\/lamaletadelili.com\\\/#\\\/schema\\\/person\\\/0b369bfb34abc5b05dad849dd46e7216\",\"name\":\"Lili\",\"image\":{\"@type\":\"ImageObject\",\"inLanguage\":\"ca\",\"@id\":\"https:\\\/\\\/lamaletadelili.com\\\/wp-content\\\/litespeed\\\/avatar\\\/76b539669a3dc81823ce0f8f87bd4577.jpg?ver=1776983692\",\"url\":\"https:\\\/\\\/lamaletadelili.com\\\/wp-content\\\/litespeed\\\/avatar\\\/76b539669a3dc81823ce0f8f87bd4577.jpg?ver=1776983692\",\"contentUrl\":\"https:\\\/\\\/lamaletadelili.com\\\/wp-content\\\/litespeed\\\/avatar\\\/76b539669a3dc81823ce0f8f87bd4577.jpg?ver=1776983692\",\"caption\":\"Lili\"},\"description\":\"Proyecto de animaci\u00f3n a la lectura dirigido a potenciar la literatura infantil desde las primeras edades.\",\"sameAs\":[\"https:\\\/\\\/lamaletadelili.com\"],\"url\":\"https:\\\/\\\/lamaletadelili.com\\\/ca\\\/author\\\/lili\\\/\"}]}<\/script>\n<!-- \/ Yoast SEO plugin. -->","yoast_head_json":{"title":"Plou i fa sol, Do, re, mi, fa, sol! - La maleta de Lili","robots":{"index":"index","follow":"follow","max-snippet":"max-snippet:-1","max-image-preview":"max-image-preview:large","max-video-preview":"max-video-preview:-1"},"canonical":"https:\/\/lamaletadelili.com\/ca\/activitats-realitzades\/plou-i-fa-sol-do-re-mi-fa-sol\/","og_locale":"ca_ES","og_type":"article","og_title":"Plou i fa sol, Do, re, mi, fa, sol! - La maleta de Lili","og_description":"Una tarda amb contes de pluja de queien com gotes sobre els paraig\u00fces oberts a la Biblioteca Contravent","og_url":"https:\/\/lamaletadelili.com\/ca\/activitats-realitzades\/plou-i-fa-sol-do-re-mi-fa-sol\/","og_site_name":"La maleta de Lili","article_published_time":"2022-02-19T18:47:37+00:00","article_modified_time":"2022-11-28T10:24:05+00:00","og_image":[{"width":900,"height":822,"url":"https:\/\/lamaletadelili.com\/wp-content\/uploads\/2022\/02\/PLOU--scaled.jpg","type":"image\/jpeg"}],"author":"Lili","twitter_card":"summary_large_image","twitter_misc":{"Escrit per":"Lili","Temps estimat de lectura":"1 minut"},"schema":{"@context":"https:\/\/schema.org","@graph":[{"@type":"Article","@id":"https:\/\/lamaletadelili.com\/ca\/activitats-realitzades\/plou-i-fa-sol-do-re-mi-fa-sol\/#article","isPartOf":{"@id":"https:\/\/lamaletadelili.com\/ca\/activitats-realitzades\/plou-i-fa-sol-do-re-mi-fa-sol\/"},"author":{"name":"Lili","@id":"https:\/\/lamaletadelili.com\/#\/schema\/person\/0b369bfb34abc5b05dad849dd46e7216"},"headline":"Plou i fa sol, Do, re, mi, fa, sol!","datePublished":"2022-02-19T18:47:37+00:00","dateModified":"2022-11-28T10:24:05+00:00","mainEntityOfPage":{"@id":"https:\/\/lamaletadelili.com\/ca\/activitats-realitzades\/plou-i-fa-sol-do-re-mi-fa-sol\/"},"wordCount":213,"commentCount":0,"publisher":{"@id":"https:\/\/lamaletadelili.com\/#organization"},"image":{"@id":"https:\/\/lamaletadelili.com\/ca\/activitats-realitzades\/plou-i-fa-sol-do-re-mi-fa-sol\/#primaryimage"},"thumbnailUrl":"https:\/\/lamaletadelili.com\/wp-content\/uploads\/2022\/02\/PLOU--scaled.jpg","keywords":["Biblioteca Contravent","Contes Musicals"],"articleSection":["Activitats realitzades"],"inLanguage":"ca","potentialAction":[{"@type":"CommentAction","name":"Comment","target":["https:\/\/lamaletadelili.com\/ca\/activitats-realitzades\/plou-i-fa-sol-do-re-mi-fa-sol\/#respond"]}]},{"@type":"WebPage","@id":"https:\/\/lamaletadelili.com\/ca\/activitats-realitzades\/plou-i-fa-sol-do-re-mi-fa-sol\/","url":"https:\/\/lamaletadelili.com\/ca\/activitats-realitzades\/plou-i-fa-sol-do-re-mi-fa-sol\/","name":"Plou i fa sol, Do, re, mi, fa, sol! - La maleta de Lili","isPartOf":{"@id":"https:\/\/lamaletadelili.com\/#website"},"primaryImageOfPage":{"@id":"https:\/\/lamaletadelili.com\/ca\/activitats-realitzades\/plou-i-fa-sol-do-re-mi-fa-sol\/#primaryimage"},"image":{"@id":"https:\/\/lamaletadelili.com\/ca\/activitats-realitzades\/plou-i-fa-sol-do-re-mi-fa-sol\/#primaryimage"},"thumbnailUrl":"https:\/\/lamaletadelili.com\/wp-content\/uploads\/2022\/02\/PLOU--scaled.jpg","datePublished":"2022-02-19T18:47:37+00:00","dateModified":"2022-11-28T10:24:05+00:00","breadcrumb":{"@id":"https:\/\/lamaletadelili.com\/ca\/activitats-realitzades\/plou-i-fa-sol-do-re-mi-fa-sol\/#breadcrumb"},"inLanguage":"ca","potentialAction":[{"@type":"ReadAction","target":["https:\/\/lamaletadelili.com\/ca\/activitats-realitzades\/plou-i-fa-sol-do-re-mi-fa-sol\/"]}]},{"@type":"ImageObject","inLanguage":"ca","@id":"https:\/\/lamaletadelili.com\/ca\/activitats-realitzades\/plou-i-fa-sol-do-re-mi-fa-sol\/#primaryimage","url":"https:\/\/lamaletadelili.com\/wp-content\/uploads\/2022\/02\/PLOU--scaled.jpg","contentUrl":"https:\/\/lamaletadelili.com\/wp-content\/uploads\/2022\/02\/PLOU--scaled.jpg","width":900,"height":822},{"@type":"BreadcrumbList","@id":"https:\/\/lamaletadelili.com\/ca\/activitats-realitzades\/plou-i-fa-sol-do-re-mi-fa-sol\/#breadcrumb","itemListElement":[{"@type":"ListItem","position":1,"name":"Portada","item":"https:\/\/lamaletadelili.com\/ca\/"},{"@type":"ListItem","position":2,"name":"Plou i fa sol, Do, re, mi, fa, sol!"}]},{"@type":"WebSite","@id":"https:\/\/lamaletadelili.com\/#website","url":"https:\/\/lamaletadelili.com\/","name":"La maleta de Lili","description":"Cuenta cuentos","publisher":{"@id":"https:\/\/lamaletadelili.com\/#organization"},"potentialAction":[{"@type":"SearchAction","target":{"@type":"EntryPoint","urlTemplate":"https:\/\/lamaletadelili.com\/?s={search_term_string}"},"query-input":{"@type":"PropertyValueSpecification","valueRequired":true,"valueName":"search_term_string"}}],"inLanguage":"ca"},{"@type":"Organization","@id":"https:\/\/lamaletadelili.com\/#organization","name":"La maleta de Lili","url":"https:\/\/lamaletadelili.com\/","logo":{"@type":"ImageObject","inLanguage":"ca","@id":"https:\/\/lamaletadelili.com\/#\/schema\/logo\/image\/","url":"https:\/\/lamaletadelili.com\/wp-content\/uploads\/2019\/07\/LOGO-La-maleta-de-Lili-catalan.png","contentUrl":"https:\/\/lamaletadelili.com\/wp-content\/uploads\/2019\/07\/LOGO-La-maleta-de-Lili-catalan.png","width":450,"height":177,"caption":"La maleta de Lili"},"image":{"@id":"https:\/\/lamaletadelili.com\/#\/schema\/logo\/image\/"}},{"@type":"Person","@id":"https:\/\/lamaletadelili.com\/#\/schema\/person\/0b369bfb34abc5b05dad849dd46e7216","name":"Lili","image":{"@type":"ImageObject","inLanguage":"ca","@id":"https:\/\/lamaletadelili.com\/wp-content\/litespeed\/avatar\/76b539669a3dc81823ce0f8f87bd4577.jpg?ver=1776983692","url":"https:\/\/lamaletadelili.com\/wp-content\/litespeed\/avatar\/76b539669a3dc81823ce0f8f87bd4577.jpg?ver=1776983692","contentUrl":"https:\/\/lamaletadelili.com\/wp-content\/litespeed\/avatar\/76b539669a3dc81823ce0f8f87bd4577.jpg?ver=1776983692","caption":"Lili"},"description":"Proyecto de animaci\u00f3n a la lectura dirigido a potenciar la literatura infantil desde las primeras edades.","sameAs":["https:\/\/lamaletadelili.com"],"url":"https:\/\/lamaletadelili.com\/ca\/author\/lili\/"}]}},"uagb_featured_image_src":{"full":["https:\/\/lamaletadelili.com\/wp-content\/uploads\/2022\/02\/PLOU--scaled.jpg",900,822,false],"thumbnail":["https:\/\/lamaletadelili.com\/wp-content\/uploads\/2022\/02\/PLOU--150x150.jpg",150,150,true],"medium":["https:\/\/lamaletadelili.com\/wp-content\/uploads\/2022\/02\/PLOU--235x215.jpg",235,215,true],"medium_large":["https:\/\/lamaletadelili.com\/wp-content\/uploads\/2022\/02\/PLOU--768x702.jpg",768,702,true],"large":["https:\/\/lamaletadelili.com\/wp-content\/uploads\/2022\/02\/PLOU--493x450.jpg",493,450,true],"1536x1536":["https:\/\/lamaletadelili.com\/wp-content\/uploads\/2022\/02\/PLOU--1536x1403.jpg",1536,1403,true],"2048x2048":["https:\/\/lamaletadelili.com\/wp-content\/uploads\/2022\/02\/PLOU--2048x1871.jpg",2048,1871,true]},"uagb_author_info":{"display_name":"Lili","author_link":"https:\/\/lamaletadelili.com\/ca\/author\/lili\/"},"uagb_comment_info":0,"uagb_excerpt":"Una tarda amb contes de pluja de queien com gotes sobre els paraig\u00fces oberts a la Biblioteca Contravent","_links":{"self":[{"href":"https:\/\/lamaletadelili.com\/ca\/wp-json\/wp\/v2\/posts\/11631","targetHints":{"allow":["GET"]}}],"collection":[{"href":"https:\/\/lamaletadelili.com\/ca\/wp-json\/wp\/v2\/posts"}],"about":[{"href":"https:\/\/lamaletadelili.com\/ca\/wp-json\/wp\/v2\/types\/post"}],"author":[{"embeddable":true,"href":"https:\/\/lamaletadelili.com\/ca\/wp-json\/wp\/v2\/users\/2"}],"replies":[{"embeddable":true,"href":"https:\/\/lamaletadelili.com\/ca\/wp-json\/wp\/v2\/comments?post=11631"}],"version-history":[{"count":0,"href":"https:\/\/lamaletadelili.com\/ca\/wp-json\/wp\/v2\/posts\/11631\/revisions"}],"wp:featuredmedia":[{"embeddable":true,"href":"https:\/\/lamaletadelili.com\/ca\/wp-json\/wp\/v2\/media\/11632"}],"wp:attachment":[{"href":"https:\/\/lamaletadelili.com\/ca\/wp-json\/wp\/v2\/media?parent=11631"}],"wp:term":[{"taxonomy":"category","embeddable":true,"href":"https:\/\/lamaletadelili.com\/ca\/wp-json\/wp\/v2\/categories?post=11631"},{"taxonomy":"post_tag","embeddable":true,"href":"https:\/\/lamaletadelili.com\/ca\/wp-json\/wp\/v2\/tags?post=11631"}],"curies":[{"name":"wp","href":"https:\/\/api.w.org\/{rel}","templated":true}]}}