{"id":8688,"global_id":"lamaletadelili.com\/ca\/?id=8688","global_id_lineage":["lamaletadelili.com\/ca\/?id=8688"],"author":"2","status":"publish","date":"2020-09-17 09:00:26","date_utc":"2020-09-17 07:00:26","modified":"2023-10-16 11:49:46","modified_utc":"2023-10-16 09:49:46","url":"https:\/\/lamaletadelili.com\/ca\/agenda\/espai-efimer-literari-ja-ha-arribat-la-tardor\/","rest_url":"https:\/\/lamaletadelili.com\/ca\/wp-json\/tribe\/events\/v1\/events\/8688","title":"Espai Ef\u00edmer Literari: Ja ha arribat la tardor","description":"<p>&#8220;<em>Ja ha arribat la tardor \u00e9s el temps de les castanyes! ja ha arribat la tardor, ja no tindrem m\u00e9s calor!. <\/em><\/p>\n<p><em>Menjarem moltes castanyes, picarem molts pinyons. Menjarem moltes castanyes, picarem molts pinyons.&#8221;<\/em><\/p>\n<p>&nbsp;<\/p>\n<p>Les fulles caigudes dels arbres han arribat a la <strong>Sala Infantil de la Biblioteca Mestre Mart\u00ed Tauler<\/strong>\u00a0 i els seus colors s&#8217;escampen pel seu espai.<\/p>\n<div class=\"o9v6fnle cxmmr5t8 oygrvhab hcukyx3x c1et5uql\">Una part d&#8217;aquesta sala es trasforma creant diferents formes d&#8217;apropar-se a la literatura, potenciant la curiositat amb els llibres i contes seleccionats.<\/div>\n<div><\/div>\n<div><\/div>\n<div class=\"o9v6fnle cxmmr5t8 oygrvhab hcukyx3x c1et5uql\">Us esperem per explorar aquest espai!<\/div>\n<p>&nbsp;<\/p>","excerpt":"<p>Les fulles caigudes dels arbres han arribat a la Sala Infantil de la Biblioteca Mestre Mart\u00ed Tauler\u00a0 i els seus colors s&#8217;escampen pel seu espai.<\/p>\n<p>Una part d&#8217;aquesta sala es trasforma creant diferents formes d&#8217;apropar-se a la literatura, potenciant la curiositat amb els llibres i contes seleccionats.<\/p>\n<p>Us esperem per explorar aquest espai!<\/p>","slug":"espai-efimer-literari-ja-ha-arribat-la-tardor","image":{"url":"https:\/\/lamaletadelili.com\/wp-content\/uploads\/2020\/09\/Espai-Efimer-La-Tardor.jpg","id":9737,"extension":"jpg","width":800,"height":450,"sizes":{"medium":{"width":380,"height":215,"mime-type":"image\/jpeg","url":"https:\/\/lamaletadelili.com\/wp-content\/uploads\/2020\/09\/Espai-Efimer-La-Tardor-380x215.jpg"},"large":{"width":800,"height":450,"mime-type":"image\/jpeg","url":"https:\/\/lamaletadelili.com\/wp-content\/uploads\/2020\/09\/Espai-Efimer-La-Tardor-800x450.jpg"},"thumbnail":{"width":150,"height":150,"mime-type":"image\/jpeg","url":"https:\/\/lamaletadelili.com\/wp-content\/uploads\/2020\/09\/Espai-Efimer-La-Tardor-150x150.jpg"},"medium_large":{"width":768,"height":432,"mime-type":"image\/jpeg","url":"https:\/\/lamaletadelili.com\/wp-content\/uploads\/2020\/09\/Espai-Efimer-La-Tardor-768x432.jpg"}}},"all_day":false,"start_date":"2020-10-17 10:30:00","start_date_details":{"year":"2020","month":"10","day":"17","hour":"10","minutes":"30","seconds":"00"},"end_date":"2020-10-17 13:00:00","end_date_details":{"year":"2020","month":"10","day":"17","hour":"13","minutes":"00","seconds":"00"},"utc_start_date":"2020-10-17 08:30:00","utc_start_date_details":{"year":"2020","month":"10","day":"17","hour":"08","minutes":"30","seconds":"00"},"utc_end_date":"2020-10-17 11:00:00","utc_end_date_details":{"year":"2020","month":"10","day":"17","hour":"11","minutes":"00","seconds":"00"},"timezone":"Europe\/Madrid","timezone_abbr":"CEST","cost":"Gratu\u00eft","cost_details":{"currency_symbol":"\u20ac","currency_code":"","currency_position":"suffix","values":["0"]},"website":"https:\/\/www.facebook.com\/lamaletadelili","show_map":true,"show_map_link":true,"hide_from_listings":false,"sticky":false,"featured":false,"categories":[{"name":"Espais Ef\u00edmers Literaris","slug":"espais-efimers-literaris","term_group":0,"term_taxonomy_id":551,"taxonomy":"tribe_events_cat","description":"","parent":0,"count":22,"filter":"raw","id":551,"urls":{"self":"https:\/\/lamaletadelili.com\/ca\/wp-json\/tribe\/events\/v1\/categories\/551","collection":"https:\/\/lamaletadelili.com\/ca\/wp-json\/tribe\/events\/v1\/categories"}}],"tags":[{"name":"agenda","slug":"agenda","term_group":0,"term_taxonomy_id":815,"taxonomy":"post_tag","description":"","parent":0,"count":222,"filter":"raw","id":815,"urls":{"self":"https:\/\/lamaletadelili.com\/ca\/wp-json\/tribe\/events\/v1\/tags\/815","collection":"https:\/\/lamaletadelili.com\/ca\/wp-json\/tribe\/events\/v1\/tags"}},{"name":"Biblioteca Mestre Mart\u00ed Tauler","slug":"biblioteca-mestre-marti-tauler-ca-3","term_group":0,"term_taxonomy_id":541,"taxonomy":"post_tag","description":"","parent":0,"count":122,"filter":"raw","id":541,"urls":{"self":"https:\/\/lamaletadelili.com\/ca\/wp-json\/tribe\/events\/v1\/tags\/541","collection":"https:\/\/lamaletadelili.com\/ca\/wp-json\/tribe\/events\/v1\/tags"}},{"name":"Tardor","slug":"tardor","term_group":0,"term_taxonomy_id":841,"taxonomy":"post_tag","description":"","parent":0,"count":3,"filter":"raw","id":841,"urls":{"self":"https:\/\/lamaletadelili.com\/ca\/wp-json\/tribe\/events\/v1\/tags\/841","collection":"https:\/\/lamaletadelili.com\/ca\/wp-json\/tribe\/events\/v1\/tags"}}],"venue":{"id":113,"author":"1","status":"publish","date":"2019-07-09 06:22:32","date_utc":"2019-07-09 06:22:32","modified":"2019-11-05 20:50:59","modified_utc":"2019-11-05 19:50:59","url":"https:\/\/lamaletadelili.com\/recinte\/biblioteca-mestre-marti-tauler\/","venue":"Biblioteca Mestre Mart\u00ed Tauler","slug":"biblioteca-mestre-marti-tauler","address":"Carrer Aribau, 5","city":"Rub\u00ed","country":"Espa\u00f1a","province":"Barcelona","zip":"08191","phone":"936 998 453","website":"https:\/\/bibliotecavirtual.diba.cat\/es\/rubi-biblioteca-mestre-marti-tauler","stateprovince":"Barcelona","json_ld":{"@type":"Place","name":"Biblioteca Mestre Mart\u00ed Tauler","description":"","url":"","address":{"@type":"PostalAddress","streetAddress":"Carrer Aribau, 5","addressLocality":"Rub\u00ed","addressRegion":"Barcelona","postalCode":"08191","addressCountry":"Espa\u00f1a"},"telephone":"936 998 453","sameAs":"https:\/\/bibliotecavirtual.diba.cat\/es\/rubi-biblioteca-mestre-marti-tauler"},"show_map":true,"show_map_link":true,"global_id":"lamaletadelili.com\/ca\/?id=113","global_id_lineage":["lamaletadelili.com\/ca\/?id=113"]},"organizer":[{"id":6168,"author":"2","status":"publish","date":"2019-10-08 20:08:57","date_utc":"2019-10-08 19:08:57","modified":"2019-10-08 20:08:57","modified_utc":"2019-10-08 19:08:57","url":"https:\/\/lamaletadelili.com\/ca\/organitzador\/biblioteca-mestre-marti-tauler\/","organizer":"Biblioteca Mestre Mart\u00ed Tauler","slug":"biblioteca-mestre-marti-tauler","json_ld":{"@type":"Person","name":"Biblioteca Mestre Mart\u00ed Tauler","description":"","url":"","telephone":"","email":"","sameAs":""},"global_id":"lamaletadelili.com\/ca\/?id=6168","global_id_lineage":["lamaletadelili.com\/ca\/?id=6168"]}],"custom_fields":[],"json_ld":{"@context":"http:\/\/schema.org","@type":"Event","name":"Espai Ef\u00edmer Literari: Ja ha arribat la tardor","description":"&lt;p&gt;Les fulles caigudes dels arbres han arribat a la Sala Infantil de la Biblioteca Mestre Mart\u00ed Tauler\u00a0 i els seus colors s\\'escampen pel seu espai.&lt;\/p&gt;\\n&lt;p&gt;Una part d\\'aquesta sala es trasforma creant diferents formes d\\'apropar-se a la literatura, potenciant la curiositat amb els llibres i contes seleccionats.&lt;\/p&gt;\\n&lt;p&gt;Us esperem per explorar aquest espai!&lt;\/p&gt;\\n","image":"https:\/\/lamaletadelili.com\/wp-content\/uploads\/2020\/09\/Espai-Efimer-La-Tardor.jpg","url":"https:\/\/lamaletadelili.com\/ca\/agenda\/espai-efimer-literari-ja-ha-arribat-la-tardor\/","eventAttendanceMode":"https:\/\/schema.org\/OfflineEventAttendanceMode","eventStatus":"https:\/\/schema.org\/EventScheduled","startDate":"2020-10-17T10:30:00+02:00","endDate":"2020-10-17T13:00:00+02:00","location":{"@type":"Place","name":"Biblioteca Mestre Mart\u00ed Tauler","description":"","url":"","address":{"@type":"PostalAddress","streetAddress":"Carrer Aribau, 5","addressLocality":"Rub\u00ed","addressRegion":"Barcelona","postalCode":"08191","addressCountry":"Espa\u00f1a"},"telephone":"936 998 453","sameAs":"https:\/\/bibliotecavirtual.diba.cat\/es\/rubi-biblioteca-mestre-marti-tauler"},"organizer":{"@type":"Person","name":"Biblioteca Mestre Mart\u00ed Tauler","description":"","url":"","telephone":"","email":"","sameAs":""},"offers":{"@type":"Offer","price":"0","priceCurrency":"EUR","url":"https:\/\/lamaletadelili.com\/ca\/agenda\/espai-efimer-literari-ja-ha-arribat-la-tardor\/","category":"primary","availability":"inStock","validFrom":"1970-01-01T00:00:00+00:00"},"performer":"Organization"}}