{"id":16664,"global_id":"lamaletadelili.com\/ca\/?id=16664","global_id_lineage":["lamaletadelili.com\/ca\/?id=16664"],"author":"2","status":"publish","date":"2025-06-05 09:18:07","date_utc":"2025-06-05 07:18:07","modified":"2025-06-22 07:05:12","modified_utc":"2025-06-22 05:05:12","url":"https:\/\/lamaletadelili.com\/ca\/agenda\/explicam-un-andersen\/","rest_url":"https:\/\/lamaletadelili.com\/ca\/wp-json\/tribe\/events\/v1\/events\/16664","title":"Explica&#8217;m un Andersen","description":"<p>La meva maleta s&#8217;omple d&#8217;alguns contes cl\u00e0ssics, aquells de tota la vida que has escoltat des de que eres petit\/a i que queden guardats com petits tresors.<\/p>\n<p>Tressors, ple de paraules escrites per <a href=\"https:\/\/cvc.cervantes.es\/literatura\/andersen\/antologia\/default.htm\"><strong>Hans Chritian Andersen<\/strong><\/a> que deixen escanpar per la <strong>Sala Infantil<\/strong> de la <a href=\"https:\/\/bibliotecavirtual.diba.cat\/ca\/rubi-biblioteca-mestre-marti-tauler\"><strong>Biblioteca Mestre Mart\u00ed Tauler<\/strong><\/a> de Rub\u00ed la seva m\u00e0gia.<\/p>\n<p style=\"text-align: center;\"><strong><em>Us conviden a festejar el 150 aniversari, de la mort, d&#8217;aquest autor que va esciure molts llibres infantils coneguts.\u00a0<\/em><\/strong><\/p>","excerpt":"<p>Us conviden a festajar el 150 aniversari, de la mort dAndersen, que va escriure molts llibres coneguts, a l&#8217;\u00faltima sessi\u00f3 de Contes per Menuts abans de les vacances d&#8217;estiu.<br \/>\nVindreu?<\/p>","slug":"explicam-un-andersen","image":{"url":"https:\/\/lamaletadelili.com\/wp-content\/uploads\/2025\/06\/Andersen.jpg","id":16690,"extension":"jpg","width":900,"height":1004,"filesize":166223,"sizes":{"medium":{"width":193,"height":215,"mime-type":"image\/jpeg","filesize":9907,"url":"https:\/\/lamaletadelili.com\/wp-content\/uploads\/2025\/06\/Andersen-193x215.jpg"},"large":{"width":403,"height":450,"mime-type":"image\/jpeg","filesize":35663,"url":"https:\/\/lamaletadelili.com\/wp-content\/uploads\/2025\/06\/Andersen-403x450.jpg"},"thumbnail":{"width":150,"height":150,"mime-type":"image\/jpeg","filesize":6175,"url":"https:\/\/lamaletadelili.com\/wp-content\/uploads\/2025\/06\/Andersen-150x150.jpg"},"medium_large":{"width":768,"height":857,"mime-type":"image\/jpeg","filesize":113252,"url":"https:\/\/lamaletadelili.com\/wp-content\/uploads\/2025\/06\/Andersen-768x857.jpg"}}},"all_day":false,"start_date":"2025-07-09 18:00:00","start_date_details":{"year":"2025","month":"07","day":"09","hour":"18","minutes":"00","seconds":"00"},"end_date":"2025-07-09 18:30:00","end_date_details":{"year":"2025","month":"07","day":"09","hour":"18","minutes":"30","seconds":"00"},"utc_start_date":"2025-07-09 16:00:00","utc_start_date_details":{"year":"2025","month":"07","day":"09","hour":"16","minutes":"00","seconds":"00"},"utc_end_date":"2025-07-09 16:30:00","utc_end_date_details":{"year":"2025","month":"07","day":"09","hour":"16","minutes":"30","seconds":"00"},"timezone":"Europe\/Madrid","timezone_abbr":"CEST","cost":"","cost_details":{"currency_symbol":"\u20ac","currency_code":"EUR","currency_position":"suffix","values":[]},"website":"https:\/\/bibliotecavirtual.diba.cat\/es\/rubi-biblioteca-mestre-marti-tauler","show_map":true,"show_map_link":true,"hide_from_listings":false,"sticky":true,"featured":true,"categories":[{"name":"Contes per Menuts","slug":"contes-per-menuts","term_group":0,"term_taxonomy_id":495,"taxonomy":"tribe_events_cat","description":"","parent":0,"count":72,"filter":"raw","id":495,"urls":{"self":"https:\/\/lamaletadelili.com\/ca\/wp-json\/tribe\/events\/v1\/categories\/495","collection":"https:\/\/lamaletadelili.com\/ca\/wp-json\/tribe\/events\/v1\/categories"}}],"tags":[{"name":"agenda","slug":"agenda","term_group":0,"term_taxonomy_id":815,"taxonomy":"post_tag","description":"","parent":0,"count":222,"filter":"raw","id":815,"urls":{"self":"https:\/\/lamaletadelili.com\/ca\/wp-json\/tribe\/events\/v1\/tags\/815","collection":"https:\/\/lamaletadelili.com\/ca\/wp-json\/tribe\/events\/v1\/tags"}},{"name":"Biblioteca Mestre Mart\u00ed Tauler","slug":"biblioteca-mestre-marti-tauler-ca-3","term_group":0,"term_taxonomy_id":541,"taxonomy":"post_tag","description":"","parent":0,"count":122,"filter":"raw","id":541,"urls":{"self":"https:\/\/lamaletadelili.com\/ca\/wp-json\/tribe\/events\/v1\/tags\/541","collection":"https:\/\/lamaletadelili.com\/ca\/wp-json\/tribe\/events\/v1\/tags"}}],"venue":{"id":113,"author":"1","status":"publish","date":"2019-07-09 06:22:32","date_utc":"2019-07-09 06:22:32","modified":"2019-11-05 20:50:59","modified_utc":"2019-11-05 19:50:59","url":"https:\/\/lamaletadelili.com\/recinte\/biblioteca-mestre-marti-tauler\/","venue":"Biblioteca Mestre Mart\u00ed Tauler","slug":"biblioteca-mestre-marti-tauler","address":"Carrer Aribau, 5","city":"Rub\u00ed","country":"Espa\u00f1a","province":"Barcelona","zip":"08191","phone":"936 998 453","website":"https:\/\/bibliotecavirtual.diba.cat\/es\/rubi-biblioteca-mestre-marti-tauler","stateprovince":"Barcelona","json_ld":{"@type":"Place","name":"Biblioteca Mestre Mart\u00ed Tauler","description":"","url":"","address":{"@type":"PostalAddress","streetAddress":"Carrer Aribau, 5","addressLocality":"Rub\u00ed","addressRegion":"Barcelona","postalCode":"08191","addressCountry":"Espa\u00f1a"},"telephone":"936 998 453","sameAs":"https:\/\/bibliotecavirtual.diba.cat\/es\/rubi-biblioteca-mestre-marti-tauler"},"show_map":true,"show_map_link":true,"global_id":"lamaletadelili.com\/ca\/?id=113","global_id_lineage":["lamaletadelili.com\/ca\/?id=113"]},"organizer":[{"id":6168,"author":"2","status":"publish","date":"2019-10-08 20:08:57","date_utc":"2019-10-08 19:08:57","modified":"2019-10-08 20:08:57","modified_utc":"2019-10-08 19:08:57","url":"https:\/\/lamaletadelili.com\/ca\/organitzador\/biblioteca-mestre-marti-tauler\/","organizer":"Biblioteca Mestre Mart\u00ed Tauler","slug":"biblioteca-mestre-marti-tauler","json_ld":{"@type":"Person","name":"Biblioteca Mestre Mart\u00ed Tauler","description":"","url":"","telephone":"","email":"","sameAs":""},"global_id":"lamaletadelili.com\/ca\/?id=6168","global_id_lineage":["lamaletadelili.com\/ca\/?id=6168"]}],"custom_fields":[],"json_ld":{"@context":"http:\/\/schema.org","@type":"Event","name":"Explica&#8217;m un Andersen","description":"&lt;p&gt;Us conviden a festajar el 150 aniversari, de la mort dAndersen, que va escriure molts llibres coneguts, a l\\'\u00faltima sessi\u00f3 de Contes per Menuts abans de les vacances d\\'estiu.&lt;br \/&gt;\\nVindreu?&lt;\/p&gt;\\n","image":"https:\/\/lamaletadelili.com\/wp-content\/uploads\/2025\/06\/Andersen.jpg","url":"https:\/\/lamaletadelili.com\/ca\/agenda\/explicam-un-andersen\/","eventAttendanceMode":"https:\/\/schema.org\/OfflineEventAttendanceMode","eventStatus":"https:\/\/schema.org\/EventScheduled","startDate":"2025-07-09T18:00:00+02:00","endDate":"2025-07-09T18:30:00+02:00","location":{"@type":"Place","name":"Biblioteca Mestre Mart\u00ed Tauler","description":"","url":"","address":{"@type":"PostalAddress","streetAddress":"Carrer Aribau, 5","addressLocality":"Rub\u00ed","addressRegion":"Barcelona","postalCode":"08191","addressCountry":"Espa\u00f1a"},"telephone":"936 998 453","sameAs":"https:\/\/bibliotecavirtual.diba.cat\/es\/rubi-biblioteca-mestre-marti-tauler"},"organizer":{"@type":"Person","name":"Biblioteca Mestre Mart\u00ed Tauler","description":"","url":"","telephone":"","email":"","sameAs":""},"performer":"Organization"}}