{"id":15893,"global_id":"lamaletadelili.com\/ca\/?id=15893","global_id_lineage":["lamaletadelili.com\/ca\/?id=15893"],"author":"2","status":"publish","date":"2024-02-09 16:55:42","date_utc":"2024-02-09 15:55:42","modified":"2024-02-09 16:55:42","modified_utc":"2024-02-09 15:55:42","url":"https:\/\/lamaletadelili.com\/ca\/agenda\/del-bressol-a-la-lluna-2\/","rest_url":"https:\/\/lamaletadelili.com\/ca\/wp-json\/tribe\/events\/v1\/events\/15893","title":"Del Bressol a la Lluna","description":"<p style=\"text-align: center;\"><em>&#8220;Lluna, lluna, lluna <\/em><\/p>\n<p style=\"text-align: center;\"><em>lluna,lluna,sol&#8221;<\/em><\/p>\n<p>Tot comen\u00e7a amb una petita can\u00e7\u00f3 que entona l&#8217;adult al voltant del bressol del seu petit, mentre les rimes entonades dels llibres d&#8217;<strong>Antonio Rubio<\/strong> es van dilu\u00efnt entre mirades i sonriures.<\/p>\n<p>Algunes poesies surten dels llibres per jugar amb el seu ritme mentre l&#8217;infant aurralit als bra\u00e7os comparteix amb la mare, pare, avia &#8230;aquests moments.<\/p>","excerpt":"<p>Per festejar el dia de la Poesia us proposen una tarda a la Biblioteca Mestre Mart\u00ed Tauler amb els llibres d&#8217;Antonio Rubio per cantar, jugar, i escoltar.<br \/>\nVindreu?<\/p>","slug":"del-bressol-a-la-lluna-2","image":{"url":"https:\/\/lamaletadelili.com\/wp-content\/uploads\/2023\/11\/Mucho-Cuento.jpg","id":15448,"extension":"jpg","width":900,"height":720,"filesize":37825,"sizes":{"medium":{"width":269,"height":215,"mime-type":"image\/jpeg","filesize":5814,"url":"https:\/\/lamaletadelili.com\/wp-content\/uploads\/2023\/11\/Mucho-Cuento-269x215.jpg"},"large":{"width":563,"height":450,"mime-type":"image\/jpeg","filesize":17166,"url":"https:\/\/lamaletadelili.com\/wp-content\/uploads\/2023\/11\/Mucho-Cuento-563x450.jpg"},"thumbnail":{"width":150,"height":150,"mime-type":"image\/jpeg","filesize":3221,"url":"https:\/\/lamaletadelili.com\/wp-content\/uploads\/2023\/11\/Mucho-Cuento-150x150.jpg"},"medium_large":{"width":768,"height":614,"mime-type":"image\/jpeg","filesize":27606,"url":"https:\/\/lamaletadelili.com\/wp-content\/uploads\/2023\/11\/Mucho-Cuento-768x614.jpg"}}},"all_day":false,"start_date":"2024-03-19 18:00:00","start_date_details":{"year":"2024","month":"03","day":"19","hour":"18","minutes":"00","seconds":"00"},"end_date":"2024-03-19 18:30:00","end_date_details":{"year":"2024","month":"03","day":"19","hour":"18","minutes":"30","seconds":"00"},"utc_start_date":"2024-03-19 17:00:00","utc_start_date_details":{"year":"2024","month":"03","day":"19","hour":"17","minutes":"00","seconds":"00"},"utc_end_date":"2024-03-19 17:30:00","utc_end_date_details":{"year":"2024","month":"03","day":"19","hour":"17","minutes":"30","seconds":"00"},"timezone":"Europe\/Madrid","timezone_abbr":"CET","cost":"Gratu\u00eft","cost_details":{"currency_symbol":"\u20ac","currency_code":"","currency_position":"suffix","values":["0"]},"website":"https:\/\/bibliotecavirtual.diba.cat\/es\/rubi-biblioteca-mestre-marti-tauler","show_map":true,"show_map_link":true,"hide_from_listings":false,"sticky":false,"featured":false,"categories":[{"name":"Contes per Menuts","slug":"contes-per-menuts","term_group":0,"term_taxonomy_id":495,"taxonomy":"tribe_events_cat","description":"","parent":0,"count":72,"filter":"raw","id":495,"urls":{"self":"https:\/\/lamaletadelili.com\/ca\/wp-json\/tribe\/events\/v1\/categories\/495","collection":"https:\/\/lamaletadelili.com\/ca\/wp-json\/tribe\/events\/v1\/categories"}}],"tags":[{"name":"agenda","slug":"agenda","term_group":0,"term_taxonomy_id":815,"taxonomy":"post_tag","description":"","parent":0,"count":222,"filter":"raw","id":815,"urls":{"self":"https:\/\/lamaletadelili.com\/ca\/wp-json\/tribe\/events\/v1\/tags\/815","collection":"https:\/\/lamaletadelili.com\/ca\/wp-json\/tribe\/events\/v1\/tags"}},{"name":"Biblioteca Mestre Mart\u00ed Tauler","slug":"biblioteca-mestre-marti-tauler-ca-3","term_group":0,"term_taxonomy_id":541,"taxonomy":"post_tag","description":"","parent":0,"count":122,"filter":"raw","id":541,"urls":{"self":"https:\/\/lamaletadelili.com\/ca\/wp-json\/tribe\/events\/v1\/tags\/541","collection":"https:\/\/lamaletadelili.com\/ca\/wp-json\/tribe\/events\/v1\/tags"}}],"venue":{"id":113,"author":"1","status":"publish","date":"2019-07-09 06:22:32","date_utc":"2019-07-09 06:22:32","modified":"2019-11-05 20:50:59","modified_utc":"2019-11-05 19:50:59","url":"https:\/\/lamaletadelili.com\/recinte\/biblioteca-mestre-marti-tauler\/","venue":"Biblioteca Mestre Mart\u00ed Tauler","slug":"biblioteca-mestre-marti-tauler","address":"Carrer Aribau, 5","city":"Rub\u00ed","country":"Espa\u00f1a","province":"Barcelona","zip":"08191","phone":"936 998 453","website":"https:\/\/bibliotecavirtual.diba.cat\/es\/rubi-biblioteca-mestre-marti-tauler","stateprovince":"Barcelona","json_ld":{"@type":"Place","name":"Biblioteca Mestre Mart\u00ed Tauler","description":"","url":"","address":{"@type":"PostalAddress","streetAddress":"Carrer Aribau, 5","addressLocality":"Rub\u00ed","addressRegion":"Barcelona","postalCode":"08191","addressCountry":"Espa\u00f1a"},"telephone":"936 998 453","sameAs":"https:\/\/bibliotecavirtual.diba.cat\/es\/rubi-biblioteca-mestre-marti-tauler"},"show_map":true,"show_map_link":true,"global_id":"lamaletadelili.com\/ca\/?id=113","global_id_lineage":["lamaletadelili.com\/ca\/?id=113"]},"organizer":[{"id":6168,"author":"2","status":"publish","date":"2019-10-08 20:08:57","date_utc":"2019-10-08 19:08:57","modified":"2019-10-08 20:08:57","modified_utc":"2019-10-08 19:08:57","url":"https:\/\/lamaletadelili.com\/ca\/organitzador\/biblioteca-mestre-marti-tauler\/","organizer":"Biblioteca Mestre Mart\u00ed Tauler","slug":"biblioteca-mestre-marti-tauler","json_ld":{"@type":"Person","name":"Biblioteca Mestre Mart\u00ed Tauler","description":"","url":"","telephone":"","email":"","sameAs":""},"global_id":"lamaletadelili.com\/ca\/?id=6168","global_id_lineage":["lamaletadelili.com\/ca\/?id=6168"]}],"custom_fields":[],"json_ld":{"@context":"http:\/\/schema.org","@type":"Event","name":"Del Bressol a la Lluna","description":"&lt;p&gt;Per festejar el dia de la Poesia us proposen una tarda a la Biblioteca Mestre Mart\u00ed Tauler amb els llibres d\\'Antonio Rubio per cantar, jugar, i escoltar.&lt;br \/&gt;\\nVindreu?&lt;\/p&gt;\\n","image":"https:\/\/lamaletadelili.com\/wp-content\/uploads\/2023\/11\/Mucho-Cuento.jpg","url":"https:\/\/lamaletadelili.com\/ca\/agenda\/del-bressol-a-la-lluna-2\/","eventAttendanceMode":"https:\/\/schema.org\/OfflineEventAttendanceMode","eventStatus":"https:\/\/schema.org\/EventScheduled","startDate":"2024-03-19T18:00:00+01:00","endDate":"2024-03-19T18:30:00+01:00","location":{"@type":"Place","name":"Biblioteca Mestre Mart\u00ed Tauler","description":"","url":"","address":{"@type":"PostalAddress","streetAddress":"Carrer Aribau, 5","addressLocality":"Rub\u00ed","addressRegion":"Barcelona","postalCode":"08191","addressCountry":"Espa\u00f1a"},"telephone":"936 998 453","sameAs":"https:\/\/bibliotecavirtual.diba.cat\/es\/rubi-biblioteca-mestre-marti-tauler"},"organizer":{"@type":"Person","name":"Biblioteca Mestre Mart\u00ed Tauler","description":"","url":"","telephone":"","email":"","sameAs":""},"offers":{"@type":"Offer","price":"0","priceCurrency":"EUR","url":"https:\/\/lamaletadelili.com\/ca\/agenda\/del-bressol-a-la-lluna-2\/","category":"primary","availability":"inStock","validFrom":"1970-01-01T00:00:00+00:00"},"performer":"Organization"}}